{"id":3131,"date":"2019-06-10T14:47:05","date_gmt":"2019-06-10T14:47:05","guid":{"rendered":"http:\/\/uit-ci.org\/index.php\/2019\/06\/10\/mexico-ante-el-acuerdo-trump-amlo-la-clase-trabajadora-no-tiene-nada-que-festejar\/"},"modified":"2019-06-10T14:47:05","modified_gmt":"2019-06-10T14:47:05","slug":"mexico-ante-el-acuerdo-trump-amlo-la-clase-trabajadora-no-tiene-nada-que-festejar","status":"publish","type":"post","link":"https:\/\/uit-ci.org\/index.php\/2019\/06\/10\/mexico-ante-el-acuerdo-trump-amlo-la-clase-trabajadora-no-tiene-nada-que-festejar\/","title":{"rendered":"M\u00e9xico: Ante el acuerdo Trump-AMLO, la clase trabajadora no tiene nada que festejar"},"content":{"rendered":"<p style=\"text-align: center;\"><strong><em><span style=\"font-family: arial, helvetica, sans-serif; font-size: small;\"><img loading=\"lazy\" class=\" size-full wp-image-3130\" src=\"http:\/\/uit-ci.org\/wp-content\/uploads\/2019\/06\/migrantes-acuerdo-trump-amlo-caravana-reuters.jpg\" width=\"222\" height=\"126\" alt=\"migrantes-acuerdo-trump-amlo-caravana-reuters\" style=\"margin: 5px; vertical-align: middle;\" \/><\/span><\/em><\/strong><\/p>\n<p><strong><em><span style=\"font-family: arial, helvetica, sans-serif; font-size: small;\">Declaraci\u00f3n del Comit\u00e9 Ejecutivo del Movimiento al Socialismo (MAS)<\/span><\/em><\/strong><\/p>\n<p><span style=\"font-family: arial, helvetica, sans-serif; font-size: small;\">El acuerdo alcanzado entre los representantes del gobierno de Andr\u00e9s Manuel L\u00f3pez Obrador y el de Donald Trump, para evitar el cobro unilateral de aranceles a todos los productos mexicanos importados desde Estados Unidos, es una confirmaci\u00f3n de la humillante subordinaci\u00f3n y grave dependencia de nuestro pa\u00eds ante el principal pa\u00eds imperialista.<\/span><\/p>\n<p>  <!--more-->  <\/p>\n<p><span style=\"font-family: arial, helvetica, sans-serif; font-size: small;\">El evento que hab\u00eda convocado L\u00f3pez Obrador en Tijuana, la tarde de este 8 de junio, para expresar la \u201cunidad nacional\u201d en torno a su posici\u00f3n, frente a la intenci\u00f3n de Trump de imponer aranceles, lo ha convertido en un acto para festejar. \u00a1Es rid\u00edculo! No hay nada que celebrar, no para la clase trabajadora y el pueblo pobre. Esa unidad a la que convoca AMLO, que se volver\u00e1 contra <a href=\"mailto:l@s migrantes\">l@s migrantes<\/a>, favorece s\u00f3lo a los poderosos, a los capitalistas, a sus partidos, a las iglesias, a <a href=\"mailto:l@s militares.\">l@s militares.<\/a><\/span><\/p>\n<p><span style=\"font-family: arial, helvetica, sans-serif; font-size: small;\">En los hechos, el gobierno mexicano se comprometi\u00f3 a convertirse en una extensi\u00f3n de la patrulla fronteriza gringa, con el despliegue en la frontera con Guatemala de 6 mil integrantes de la reci\u00e9n estrenada Guardia Nacional; adem\u00e1s de recibir a todos los inmigrantes que en Estados Unidos hoy esperan el resultado de su solicitud de asilo, como producto de la reciente oleada migratoria, solicitudes que pueden resolverse hasta en 3 a\u00f1os.<\/span><\/p>\n<p><span style=\"font-family: arial, helvetica, sans-serif; font-size: small;\">La acci\u00f3n de la Guardia Nacional, que representa la militarizaci\u00f3n de la frontera sur, anuncia mayores violaciones a los derechos humanos, no s\u00f3lo de las personas que intentan migrar, tambi\u00e9n de <a href=\"mailto:l@s poblador\">l@s poblador<\/a>@s mexican@s, de los estados fronterizos.<\/span><\/p>\n<p><span style=\"font-family: arial, helvetica, sans-serif; font-size: small;\">Adem\u00e1s, a\u00fan no conocemos los detalles del acuerdo, debido a la persistencia de la repudiable pr\u00e1ctica de la \u201cdiplomacia secreta\u201d, que oculta informaci\u00f3n importante de los t\u00e9rminos de los compromisos adquiridos por el gobierno mexicano. Por ahora, el propio Trump ha informado a trav\u00e9s de sus redes sociales que, producto del acuerdo, M\u00e9xico comprar\u00e1 una gran cantidad de productos agr\u00edcolas a los estadounidenses.<\/span><\/p>\n<p><span style=\"font-family: arial, helvetica, sans-serif; font-size: small;\">Por ahora, con lo que se sabe, la clase trabajadora puede lamentar la confirmaci\u00f3n de nuestra dependencia y subordinaci\u00f3n respecto de la voluntad del imperialista y racista Trump. Es la consecuencia de no contar con una econom\u00eda independiente, con la capacidad de generar conocimiento cient\u00edfico, tecnol\u00f3gico e industrial, para el desarrollo de un mercado interno poderoso, en el que sobre todo sean los trabajadores y las trabajadoras, as\u00ed como el pueblo en general, quienes se beneficien de la producci\u00f3n de bienes y servicios generados en nuestro propio pa\u00eds.<\/span><\/p>\n<p><span style=\"font-family: arial, helvetica, sans-serif; font-size: small;\">Ciertamente, es absolutamente repudiable la intenci\u00f3n de Donald Trump de usar esa dependencia para someter a\u00fan m\u00e1s a nuestro pa\u00eds a los intereses de los capitalistas gringos y fruto de su clara intenci\u00f3n de reelegirse como presidente.<\/span><\/p>\n<p><span style=\"font-family: arial, helvetica, sans-serif; font-size: small;\">Ahora es m\u00e1s evidente la necesidad de que la clase trabajadora y el pueblo pobre luchemos por un proyecto de pa\u00eds independiente, que no dependa del libre comercio internacional, sino que tenga la capacidad de ser autosuficiente en materia de alimentaci\u00f3n, y producci\u00f3n de bienes y servicios fundamentales.<\/span><\/p>\n<p><span style=\"font-family: arial, helvetica, sans-serif; font-size: small;\">Evidentemente, esa tarea no es del inter\u00e9s de los grandes capitalistas que se han beneficiado del libre comercio; efectivamente, eran ellos los que estaban sumamente preocupados con los aranceles a las importaciones en Estados Unidos, por el eventual encarecimiento de los productos que fabrican en nuestro pa\u00eds y venden en el del norte, muy probablemente en una menor cantidad debido a los aranceles.<\/span><\/p>\n<p><span style=\"font-family: arial, helvetica, sans-serif; font-size: small;\">La tarea de construir ese pa\u00eds independiente es de la clase trabajadora, que debe gobernar para impulsar ese modelo de pa\u00eds, en el que el estado, controlado por los trabajadores, invierta los recursos necesarios para generar la industria, la ciencia y la tecnolog\u00eda, para lograr el desarrollo en beneficio de las grandes mayor\u00edas y no de los capitalistas, como actualmente sucede y que el acuerdo confirma plenamente.<\/span><\/p>\n<p><span style=\"font-family: arial, helvetica, sans-serif; font-size: small;\">Comit\u00e9 Ejecutivo del MAS<\/span><\/p>\n<p><span style=\"font-family: arial, helvetica, sans-serif; font-size: small;\">Ciudad de M\u00e9xico 8 de junio de 2019<\/span><\/p>\n","protected":false},"excerpt":{"rendered":"<p>Declaraci\u00f3n del Comit\u00e9 Ejecutivo del Movimiento al Socialismo (MAS) El acuerdo alcanzado entre los representantes del gobierno de Andr\u00e9s Manuel L\u00f3pez Obrador y el de Donald Trump, para evitar el cobro unilateral de aranceles a todos los productos mexicanos importados desde Estados Unidos, es una confirmaci\u00f3n de la humillante subordinaci\u00f3n y grave dependencia de nuestro [&hellip;]<\/p>\n","protected":false},"author":1,"featured_media":3130,"comment_status":"open","ping_status":"open","sticky":false,"template":"","format":"standard","meta":[],"categories":[56],"tags":[],"_links":{"self":[{"href":"https:\/\/uit-ci.org\/index.php\/wp-json\/wp\/v2\/posts\/3131"}],"collection":[{"href":"https:\/\/uit-ci.org\/index.php\/wp-json\/wp\/v2\/posts"}],"about":[{"href":"https:\/\/uit-ci.org\/index.php\/wp-json\/wp\/v2\/types\/post"}],"author":[{"embeddable":true,"href":"https:\/\/uit-ci.org\/index.php\/wp-json\/wp\/v2\/users\/1"}],"replies":[{"embeddable":true,"href":"https:\/\/uit-ci.org\/index.php\/wp-json\/wp\/v2\/comments?post=3131"}],"version-history":[{"count":0,"href":"https:\/\/uit-ci.org\/index.php\/wp-json\/wp\/v2\/posts\/3131\/revisions"}],"wp:featuredmedia":[{"embeddable":true,"href":"https:\/\/uit-ci.org\/index.php\/wp-json\/wp\/v2\/media\/3130"}],"wp:attachment":[{"href":"https:\/\/uit-ci.org\/index.php\/wp-json\/wp\/v2\/media?parent=3131"}],"wp:term":[{"taxonomy":"category","embeddable":true,"href":"https:\/\/uit-ci.org\/index.php\/wp-json\/wp\/v2\/categories?post=3131"},{"taxonomy":"post_tag","embeddable":true,"href":"https:\/\/uit-ci.org\/index.php\/wp-json\/wp\/v2\/tags?post=3131"}],"curies":[{"name":"wp","href":"https:\/\/api.w.org\/{rel}","templated":true}]}}