{"id":3144,"date":"2019-06-13T14:35:37","date_gmt":"2019-06-13T14:35:37","guid":{"rendered":"http:\/\/uit-ci.org\/index.php\/2019\/06\/13\/moro-debe-dejar-el-gobierno-y-dallagnol-debe-ser-removido\/"},"modified":"2019-06-13T14:35:37","modified_gmt":"2019-06-13T14:35:37","slug":"moro-debe-dejar-el-gobierno-y-dallagnol-debe-ser-removido","status":"publish","type":"post","link":"https:\/\/uit-ci.org\/index.php\/2019\/06\/13\/moro-debe-dejar-el-gobierno-y-dallagnol-debe-ser-removido\/","title":{"rendered":"Brasil: Moro debe dejar el gobierno y Dallagnol debe ser removido!"},"content":{"rendered":"<p style=\"text-align: center;\"><img loading=\"lazy\" class=\" size-full wp-image-3143\" src=\"http:\/\/uit-ci.org\/wp-content\/uploads\/2019\/06\/brasil-moro-dallagnol-10062019-001-600x400.jpeg\" width=\"227\" height=\"151\" alt=\"brasil-moro-dallagnol-10062019-001-600x400\" style=\"margin: 5px; vertical-align: middle;\" srcset=\"https:\/\/uit-ci.org\/wp-content\/uploads\/2019\/06\/brasil-moro-dallagnol-10062019-001-600x400.jpeg 600w, https:\/\/uit-ci.org\/wp-content\/uploads\/2019\/06\/brasil-moro-dallagnol-10062019-001-600x400-300x200.jpeg 300w\" sizes=\"(max-width: 227px) 100vw, 227px\" \/><\/p>\n<p style=\"text-align: justify;\"><span style=\"font-family: arial, helvetica, sans-serif; font-size: small;\">1- El portal The Intercept, en un correcto trabajo period\u00edstico, revel\u00f3 conversaciones electr\u00f3nicas de miembros de Lava Jato. Los di\u00e1logos de Daltan Dallagnol con Sergio Moro demuestran que Lava Jato es selectiva y que la justicia burguesa no es imparcial.<\/span><\/p>\n<p>  <!--more-->  <\/p>\n<p style=\"text-align: justify;\"><span style=\"font-family: arial, helvetica, sans-serif; font-size: small;\"> Por eso, condenamos la selectividad de Lava Jato, el STJ y el STF, que son lentos en relaci\u00f3n con el PSDB, Alckmin, gobernadores, senadores y diputados de la vieja derecha. Condenamos el ascenso de Moro al Ministerio de Justicia del gobierno de Bolsonaro\/Mour\u00e3o. Es inmoral que el juez principal de Lava Jato sea ministro despu\u00e9s de que la operaci\u00f3n condene a numerosos pol\u00edticos y afecte el escenario electoral, beneficiando a Bolsonaro y a los gobernantes. Moro conden\u00f3 al ex presidente Lula por corrupci\u00f3n, que junto con otras sentencias judiciales de la LFR-4, el STJ, el STF y el TSE lo llevaron a prisi\u00f3n y desestimaron su alegato. De esta manera se le impidi\u00f3 que formara parte del nuevo gobierno. La selectividad de la condena de Lula, mientras que Temer y A\u00e9cio permanecen libres, es expl\u00edcita en los mensajes de Moro cuando restringe la operaci\u00f3n al \u00ab30% inicial\u00bb, protegiendo a varios presidentes, ministros, senadores, diputados, gobernadores y alcaldes. Sobre esta base, entendemos que el actual Ministro de Justicia no puede permanecer en el cargo, sino que debe abandonarlo. Dallagnol y otros miembros del MPF tambi\u00e9n deben ser destituidos. Por esta raz\u00f3n, creemos que el juicio de Lula debe ser anulado y que el ex presidente debe esperar un nuevo juicio en libertad.<\/span><\/p>\n<p style=\"text-align: justify;\"><span style=\"font-family: arial, helvetica, sans-serif; font-size: small;\">2- 2- Las denuncias llegan al gobierno de Bolsonaro beneficiado directamente por las acciones de Moro. Un gobierno que enfrenta acusaciones que involucran el mal uso del fondo partidario del PSL. El presidente y su familia tambi\u00e9n son responsables de las relaciones con las personas involucradas en el asesinato de Marielle. El desgaste dificulta el proceso de reforma del sistema de seguridad social en medio de la crisis pol\u00edtica. Moro y Lava Jato sufre derrotas en el STF (en el recuadro 2 y en el fondo multimillonario) y en el parlamento sobre la transferencia del COAF (Control de Actividades Financieras) al Tesoro.<\/span><\/p>\n<p style=\"text-align: justify;\"><span style=\"font-family: arial, helvetica, sans-serif; font-size: small;\">3- Nada de lo que fue divulgado por The Interceptor hace inocente al PT o absuelve a Lula. El hecho es que los procesos de corrupci\u00f3n que afectan a Lula, Dilma, ex ministros y dirigentes del PT son consecuencia de la pol\u00edtica de conciliaci\u00f3n de clases, de gobiernos con y para la burgues\u00eda, para las multinacionales, Odebrecht y otros contratistas, banqueros, empresarios, oligarcas, entre otros. Son consecuencia de los gobiernos en com\u00fan con el PMDB, con Michel Temer, Jos\u00e9 Alencar, con el PP, de las negociaciones en el congreso nacional, de la divisi\u00f3n de posiciones en el Estado y en los fondos de pensiones, en contra de los intereses de la clase obrera. Un camino que siempre ha sido criticado por los llamados radicales del PT (Heloisa, Luciana, Bab\u00e1, Jo\u00e3o Fontes) expulsados del Partido en 2003 despu\u00e9s de negarse a votar por la reforma de la seguridad social que les quit\u00f3 derechos a los trabajadores de la administraci\u00f3n federal. La reforma fue aprobada mediante la compra de votos de los diputados en lo que m\u00e1s tarde se llam\u00f3 el \u00abmensal\u00e3o\u00bb.<\/span><\/p>\n<p style=\"text-align: justify;\"><span style=\"font-family: arial, helvetica, sans-serif; font-size: small;\">4- &#8211; La operaci\u00f3n Lava Jato revel\u00f3 el funcionamiento de la oficina de negocios entre empresas y partidos en las \u00aboperaciones estructuradas\u00bb, que incluyen denuncias contra todos los ex presidentes, ex ministros, diputados, senadores, gobernadores y empresas que financian campa\u00f1as a cambio de los recursos del gobierno. La corrupci\u00f3n es estructural y forma parte de los gobiernos capitalistas y de este r\u00e9gimen pol\u00edtico podrido. El propio Em\u00edlio Odebrecht informa que estos mecanismos existen desde el r\u00e9gimen militar. En este escenario, la operaci\u00f3n genera desacuerdos entre el parlamento, el STF y el MPF, reflejando divisiones en la burgues\u00eda. Sin embargo, ni el ala de Moro y Dallagnol (que quiere mantener Lava Jato y su selectividad) ni el ala de Gilmar Mendes (que quiere \u00abdetener la fuga\u00bb) sirven a la clase obrera.<\/span><\/p>\n<p style=\"text-align: justify;\"><span style=\"font-family: arial, helvetica, sans-serif; font-size: small;\">5- La lucha contra la corrupci\u00f3n debe mantenerse, con independencia de clase. Exigir juicio y condena de pol\u00edticos y empresarios corruptos, con encarcelamiento y confiscaci\u00f3n de bienes, nacionalizaci\u00f3n de las empresas involucradas y anulaci\u00f3n de las medidas votadas a trav\u00e9s de mecanismos corruptos. Es necesario investigar, juzgar y responsabilizar al 100% de los involucrados en el esquema de contratistas (ex presidentes, 29 ex ministros, decenas de senadores y diputados, decenas de gobernadores y alcaldes). Denunciar las maniobras de empresas y empresarios que se benefician de los acuerdos de clemencia. Exigir que las investigaciones sean p\u00fablicas, acompa\u00f1adas por entidades como la OAB, la clase obrera, los derechos humanos y los movimientos sociales. Exigimos que los casos de corrupci\u00f3n, como el del hijo de Bolsonaro y el Ministro de Turismo, sean investigados a fondo y que ambos sean removidos de sus cargos y responsabilizados por sus cr\u00edmenes, con la apertura del secreto bancario, tributario y electr\u00f3nico. Proponemos la elecci\u00f3n directa de los jueces de los tribunales federales y estatales, el fin de los nombramientos pol\u00edticos en el STF, el fin de los privilegios en el poder judicial, y que los juicios se lleven a cabo a trav\u00e9s de un jurado popular.<\/span><\/p>\n<p style=\"text-align: justify;\"><span style=\"font-family: arial, helvetica, sans-serif; font-size: small;\">6- 6- En el plano de lo inmediato nuestra tarea es seguir luchando contra los ataques del gobierno de Bolsonaro\/Mour\u00e3o, de los ministros Moro y Guedes. Nuestro desaf\u00edo es llevar a cabo una fuerte huelga general, convocada por las centrales sindicales el 14 de junio, con la causa unificada de la clase obrera. Es necesario continuar en las calles y realizar piquetes por todo el pa\u00eds y realizar fuertes marchas para detener la reforma de la seguridad social y los recortes en la educaci\u00f3n.<\/span><\/p>\n<p style=\"text-align: justify;\"><span style=\"font-family: arial, helvetica, sans-serif; font-size: small;\">11\/06\/19<\/span><br \/><span style=\"font-family: arial, helvetica, sans-serif; font-size: small;\">CST (Corriente Socialista de los Trabajadores &#8211; PSOL) secci\u00f3n brsilera de la UIT-CI<\/span><\/p>\n<p style=\"text-align: justify;\"><a href=\"index.php\/component\/content\/article\/64-noticias-y-documentos\/2275-moro-deve-sair-do-governo-e-dallagnol-deve-ser-afastado\"><span style=\"font-family: arial, helvetica, sans-serif; font-size: small;\"><span style=\"font-family: arial, helvetica, sans-serif; font-size: small; text-align: justify;\">(ler portugu\u00eas)<\/span><\/span><\/a><\/p>\n","protected":false},"excerpt":{"rendered":"<p>1- El portal The Intercept, en un correcto trabajo period\u00edstico, revel\u00f3 conversaciones electr\u00f3nicas de miembros de Lava Jato. Los di\u00e1logos de Daltan Dallagnol con Sergio Moro demuestran que Lava Jato es selectiva y que la justicia burguesa no es imparcial.<\/p>\n","protected":false},"author":1,"featured_media":3143,"comment_status":"open","ping_status":"open","sticky":false,"template":"","format":"standard","meta":[],"categories":[56],"tags":[],"_links":{"self":[{"href":"https:\/\/uit-ci.org\/index.php\/wp-json\/wp\/v2\/posts\/3144"}],"collection":[{"href":"https:\/\/uit-ci.org\/index.php\/wp-json\/wp\/v2\/posts"}],"about":[{"href":"https:\/\/uit-ci.org\/index.php\/wp-json\/wp\/v2\/types\/post"}],"author":[{"embeddable":true,"href":"https:\/\/uit-ci.org\/index.php\/wp-json\/wp\/v2\/users\/1"}],"replies":[{"embeddable":true,"href":"https:\/\/uit-ci.org\/index.php\/wp-json\/wp\/v2\/comments?post=3144"}],"version-history":[{"count":0,"href":"https:\/\/uit-ci.org\/index.php\/wp-json\/wp\/v2\/posts\/3144\/revisions"}],"wp:featuredmedia":[{"embeddable":true,"href":"https:\/\/uit-ci.org\/index.php\/wp-json\/wp\/v2\/media\/3143"}],"wp:attachment":[{"href":"https:\/\/uit-ci.org\/index.php\/wp-json\/wp\/v2\/media?parent=3144"}],"wp:term":[{"taxonomy":"category","embeddable":true,"href":"https:\/\/uit-ci.org\/index.php\/wp-json\/wp\/v2\/categories?post=3144"},{"taxonomy":"post_tag","embeddable":true,"href":"https:\/\/uit-ci.org\/index.php\/wp-json\/wp\/v2\/tags?post=3144"}],"curies":[{"name":"wp","href":"https:\/\/api.w.org\/{rel}","templated":true}]}}