{"id":3159,"date":"2019-06-19T14:08:57","date_gmt":"2019-06-19T14:08:57","guid":{"rendered":"http:\/\/uit-ci.org\/index.php\/2019\/06\/19\/peru-no-al-recorte-de-los-derechos-laborales-anulacion-del-decreto-345\/"},"modified":"2019-06-19T14:08:57","modified_gmt":"2019-06-19T14:08:57","slug":"peru-no-al-recorte-de-los-derechos-laborales-anulacion-del-decreto-345","status":"publish","type":"post","link":"https:\/\/uit-ci.org\/index.php\/2019\/06\/19\/peru-no-al-recorte-de-los-derechos-laborales-anulacion-del-decreto-345\/","title":{"rendered":"Per\u00fa: No al recorte de los derechos laborales. Anulaci\u00f3n del decreto 345"},"content":{"rendered":"<p style=\"text-align: center;\"><span style=\"font-family: arial, helvetica, sans-serif; font-size: small;\"><img loading=\"lazy\" class=\" size-full wp-image-3158\" src=\"http:\/\/uit-ci.org\/wp-content\/uploads\/2019\/06\/Unios_Peru.jpg\" width=\"253\" height=\"143\" alt=\"Unios Per\u00fa\" style=\"margin: 5px; vertical-align: middle;\" srcset=\"https:\/\/uit-ci.org\/wp-content\/uploads\/2019\/06\/Unios_Peru.jpg 702w, https:\/\/uit-ci.org\/wp-content\/uploads\/2019\/06\/Unios_Peru-300x170.jpg 300w, https:\/\/uit-ci.org\/wp-content\/uploads\/2019\/06\/Unios_Peru-600x339.jpg 600w\" sizes=\"(max-width: 253px) 100vw, 253px\" \/><\/span><\/p>\n<p style=\"text-align: justify;\"><span style=\"font-family: arial, helvetica, sans-serif; font-size: small;\">El 31 de diciembre del a\u00f1o pasado y en medio del esc\u00e1ndalo de Odebretch por coimas, encubrimientos y negocios sucios, el presidente Vizcarra emite el Decreto Supremo N\u00b0 345-2018-EF llamado \u201cPol\u00edtica Nacional de Competitividad y productividad\u201d seg\u00fan el cual dar\u00e1 los lineamientos para el desarrollo econ\u00f3mico del Per\u00fa.<\/span><\/p>\n<p>  <!--more-->  <\/p>\n<p style=\"text-align: justify;\"><span style=\"font-family: arial, helvetica, sans-serif; font-size: small;\">Nuestra opini\u00f3n es que las intenciones manifestada por el gobierno no son ciertas y por lo contrario es la continuidad de una pol\u00edtica abiertamente agresiva contra los derechos de los trabajadores que iniciar\u00e1n los gobiernos neoliberales, que siguiera PPK y contin\u00faa Vizcarra.<\/span><\/p>\n<p style=\"text-align: justify;\"><span style=\"font-family: arial, helvetica, sans-serif; font-size: small;\">La central de los empresarios CONFIEP, por boca de su presidenta como era de esperarse, ha manifestado su total complacencia con la mutilaci\u00f3n de los derechos de los trabajadores.<\/span><\/p>\n<p style=\"text-align: justify;\"><span style=\"font-family: arial, helvetica, sans-serif; font-size: small;\">Por su parte, las 4 centrales sindicales reconocidas del pa\u00eds, han emitido un comunicado unitario rechazando el D.S en menci\u00f3n, denunci\u00e1ndolo por eliminar la protecci\u00f3n del despido arbitrario de los trabajadores, flexibilizar mucho m\u00e1s el procedimiento del cese colectivo de los trabajadores, privatizar las prestaciones m\u00e9dicas de Es salud de los asegurados, eliminar el arbitraje potestativo de la negociaci\u00f3n colectiva para la soluci\u00f3n de pliegos de reclamos y extender el r\u00e9gimen agrario, el r\u00e9gimen de exportaci\u00f3n no tradicionales a toda la cadena productiva del pa\u00eds, haciendo extensivo el r\u00e9gimen agrario a todo nivel.<\/span><\/p>\n<p style=\"text-align: justify;\"><span style=\"font-family: arial, helvetica, sans-serif; font-size: small;\">Medidas que se traducen en:<\/span><br \/><span style=\"font-family: arial, helvetica, sans-serif; font-size: small;\">&#8211; Reducir las vacaciones a 15 d\u00edas anuales<\/span><br \/><span style=\"font-family: arial, helvetica, sans-serif; font-size: small;\">&#8211; Eliminar la CTS \u2013 beneficios sociales y las gratificaciones de julio y diciembre<\/span><br \/><span style=\"font-family: arial, helvetica, sans-serif; font-size: small;\">Y otras medidas que son lecivos y contrarios a los derechos de los trabajadores<\/span><\/p>\n<p style=\"text-align: justify;\"><span style=\"font-family: arial, helvetica, sans-serif; font-size: small;\">No hay vuelta atr\u00e1s, esta agresi\u00f3n a los derechos de los trabajadores viene desde palacio con el apoyo de los capitalistas grandes, chicos o medianos, agrarios o industriales, nacionales o extranjeros.<\/span><\/p>\n<p style=\"text-align: justify;\"><strong><span style=\"font-family: arial, helvetica, sans-serif; font-size: small;\">\u00bfPor qu\u00e9 el gobierno se atreve a llevar a delante este artero ataque?<\/span><\/strong><\/p>\n<p style=\"text-align: justify;\"><span style=\"font-family: arial, helvetica, sans-serif; font-size: small;\">Porque sabe que la resistencia ser\u00e1 d\u00e9bil y que las grandes organizaciones sindicales se quedar\u00e1n pidiendo \u201cm\u00e1s dialogo\u201d, reclamando porque tal o cual funcionario no es imparcial, y por lo tanto ante la guerra declarada por los empresarios y su gobierno de turno, tiene que tener una respuesta similar.<\/span><\/p>\n<p style=\"text-align: justify;\"><span style=\"font-family: arial, helvetica, sans-serif; font-size: small;\">La tarea principal debe ser dotarnos de un plan de lucha para derrotar esta escalada del gobierno, tal como lo hicimos con la Ley Pulpin.<\/span><\/p>\n<p style=\"text-align: justify;\"><span style=\"font-family: arial, helvetica, sans-serif; font-size: small;\">Con todas las fuerzas decimos: \u00a1Abajo el decreto 345! Solo la movilizaci\u00f3n unitaria, masiva y combativa derrotar\u00e1 esta nueva ofensiva.<\/span><\/p>\n<p style=\"text-align: justify;\"><strong><span style=\"font-family: arial, helvetica, sans-serif; font-size: small;\">Unios Per\u00fa \u2013 UIT-CI<\/span><\/strong><\/p>\n","protected":false},"excerpt":{"rendered":"<p>El 31 de diciembre del a\u00f1o pasado y en medio del esc\u00e1ndalo de Odebretch por coimas, encubrimientos y negocios sucios, el presidente Vizcarra emite el Decreto Supremo N\u00b0 345-2018-EF llamado \u201cPol\u00edtica Nacional de Competitividad y productividad\u201d seg\u00fan el cual dar\u00e1 los lineamientos para el desarrollo econ\u00f3mico del Per\u00fa.<\/p>\n","protected":false},"author":1,"featured_media":3158,"comment_status":"open","ping_status":"open","sticky":false,"template":"","format":"standard","meta":[],"categories":[56],"tags":[],"_links":{"self":[{"href":"https:\/\/uit-ci.org\/index.php\/wp-json\/wp\/v2\/posts\/3159"}],"collection":[{"href":"https:\/\/uit-ci.org\/index.php\/wp-json\/wp\/v2\/posts"}],"about":[{"href":"https:\/\/uit-ci.org\/index.php\/wp-json\/wp\/v2\/types\/post"}],"author":[{"embeddable":true,"href":"https:\/\/uit-ci.org\/index.php\/wp-json\/wp\/v2\/users\/1"}],"replies":[{"embeddable":true,"href":"https:\/\/uit-ci.org\/index.php\/wp-json\/wp\/v2\/comments?post=3159"}],"version-history":[{"count":0,"href":"https:\/\/uit-ci.org\/index.php\/wp-json\/wp\/v2\/posts\/3159\/revisions"}],"wp:featuredmedia":[{"embeddable":true,"href":"https:\/\/uit-ci.org\/index.php\/wp-json\/wp\/v2\/media\/3158"}],"wp:attachment":[{"href":"https:\/\/uit-ci.org\/index.php\/wp-json\/wp\/v2\/media?parent=3159"}],"wp:term":[{"taxonomy":"category","embeddable":true,"href":"https:\/\/uit-ci.org\/index.php\/wp-json\/wp\/v2\/categories?post=3159"},{"taxonomy":"post_tag","embeddable":true,"href":"https:\/\/uit-ci.org\/index.php\/wp-json\/wp\/v2\/tags?post=3159"}],"curies":[{"name":"wp","href":"https:\/\/api.w.org\/{rel}","templated":true}]}}