{"id":3186,"date":"2019-07-01T15:18:42","date_gmt":"2019-07-01T15:18:42","guid":{"rendered":"http:\/\/uit-ci.org\/index.php\/2019\/07\/01\/espana-sentencia-a-la-manada-no-fue-abuso-fue-violacion\/"},"modified":"2019-07-01T15:18:42","modified_gmt":"2019-07-01T15:18:42","slug":"espana-sentencia-a-la-manada-no-fue-abuso-fue-violacion","status":"publish","type":"post","link":"https:\/\/uit-ci.org\/index.php\/2019\/07\/01\/espana-sentencia-a-la-manada-no-fue-abuso-fue-violacion\/","title":{"rendered":"Espa\u00f1a: Sentencia a La Manada: No fue abuso, fue violaci\u00f3n."},"content":{"rendered":"<p style=\"text-align: center;\"><span style=\"font-family: arial, helvetica, sans-serif; font-size: small;\"><img loading=\"lazy\" class=\" size-full wp-image-3185\" src=\"http:\/\/uit-ci.org\/wp-content\/uploads\/2019\/07\/manada2_20091691_20181205092639.jpg\" width=\"253\" height=\"150\" alt=\"manada2 20091691 20181205092639\" style=\"margin-top: 5px; vertical-align: middle;\" srcset=\"https:\/\/uit-ci.org\/wp-content\/uploads\/2019\/07\/manada2_20091691_20181205092639.jpg 675w, https:\/\/uit-ci.org\/wp-content\/uploads\/2019\/07\/manada2_20091691_20181205092639-300x178.jpg 300w, https:\/\/uit-ci.org\/wp-content\/uploads\/2019\/07\/manada2_20091691_20181205092639-600x356.jpg 600w\" sizes=\"(max-width: 253px) 100vw, 253px\" \/><\/span><\/p>\n<p style=\"text-align: justify;\"><span style=\"font-family: arial, helvetica, sans-serif; font-size: small;\">Por Lucha Internacionalista, secci\u00f3n del Estado Espa\u00f1ol de la UIT-CI<\/span><\/p>\n<p style=\"text-align: justify;\"><span style=\"font-family: arial, helvetica, sans-serif; font-size: small;\">El pasado 21 de junio el Tribunal Supremo elevaba hasta los 15 a\u00f1os de prisi\u00f3n la condena a los 5 violadores de la Manada consider\u00e1ndolos culpables de un delito de violaci\u00f3n y rectificando a la Audiencia Provincial y el Tribunal Superior de Navarra que los hab\u00eda condenado a 9 a\u00f1os de c\u00e1rcel por abuso sexual.<\/span><\/p>\n<p>  <!--more-->  <\/p>\n<p style=\"text-align: justify;\"><span style=\"font-family: arial, helvetica, sans-serif; font-size: small;\"> Se reconoce as\u00ed la evidente violencia ejercida y el escenario intimidatorio, negado anteriormente. Sin dudas se trata de un triunfo de la movilizaci\u00f3n social y del movimiento feminista que desde el primer momento sali\u00f3 a las calles bajo las consignas \u201cno fue abuso, fue violaci\u00f3n\u201d y \u201chermana, yo s\u00ed te creo\u201d expresando un fuerte repudio y denunciando la justicia patriarcal.<\/span><\/p>\n<p style=\"text-align: justify;\"><span style=\"font-family: arial, helvetica, sans-serif; font-size: small;\">Esta condena llega despu\u00e9s de meses de impunidad que han evidenciado el car\u00e1cter reaccionario del aparato judicial, que criminaliza y culpabiliza a las v\u00edctimas y da un mensaje de impunidad para violentos y violadores. Los casos de violaci\u00f3n en grupo que se han producido luego de la sentencia de Navarra son una muestra de ello. Por su parte, que dos de los miembros de la Manada pertenecieran a cuerpos represivos \u2013 Ej\u00e9rcito y Guardia Civil \u2013 y que durante gran parte de este tiempo ambos siguieran recibiendo un salario refleja la responsabilidad del Estado en la violencia machista y patriarcal. De hecho, hasta el reciente cambio de la sentencia, la Guardia Civil no hab\u00eda decidido expulsar del cuerpo al violador Antonio Manuel Guerrero Escudero.<\/span><\/p>\n<p style=\"text-align: justify;\"><span style=\"font-family: arial, helvetica, sans-serif; font-size: small;\">La sentencia del Supremo es el resultado de las multitudinarias movilizaciones convocadas por el movimiento feminista en todo el Estado Espa\u00f1ol y que incluso tuvieron una importante repercusi\u00f3n a nivel internacional. No se trata de ning\u00fan giro progresivo de esta instituci\u00f3n ni mucho menos. De hecho, el Tribunal Supremo y la justicia espa\u00f1ola en general, atraviesan una fuerte crisis y descr\u00e9dito en el marco del vergonzoso juicio a los dirigentes pol\u00edticos y sociales independentistas catalanes que pr\u00f3ximamente tendr\u00e1 una dura sentencia. La aceptaci\u00f3n de VOX \u2013 partido de ultraderecha- como \u201cacusaci\u00f3n popular\u201d en el \u201cjuicio del proc\u00e9s\u201d es la muestra de una justicia heredera del franquismo. Mientras los violadores de la Manada gozaban de libertad provisional, los dirigentes catalanes se encuentran hace m\u00e1s de un a\u00f1o y medio en prisi\u00f3n preventiva por poner urnas.<\/span><\/p>\n<p style=\"text-align: justify;\"><span style=\"font-family: arial, helvetica, sans-serif; font-size: small;\">Pero el caso de \u201cLa Manada\u201d no es un caso aislado. En el Estado Espa\u00f1ol, seg\u00fan datos oficiales, ocurre una violaci\u00f3n cada 8 horas y las organizaciones feministas denuncian que esta cifra es m\u00e1s alta, ya que gran parte de las violaciones no se denuncian justamente por el rol de las instituciones. Por ello mismo, no se puede tener expectativas en que un endurecimiento del c\u00f3digo penal sea una soluci\u00f3n y como movimiento feminista no podemos fomentar salidas punitivas que finalicen reforzando el aparato represivo y se giren en nuestra contra. Con el caso de La Manada se ratifica que la clave en la lucha contra la violencia machista es la organizaci\u00f3n y movilizaci\u00f3n independiente de los gobiernos y las instituciones. Como dice la v\u00edctima de La Manada en su reciente carta: \u00abGracias de nuevo a aquellas primeras asociaciones y personas por llevar esto a la calle formando un eco por todos los rincones de Espa\u00f1a. Gracias por no haberme dejado sola (\u2026) la fuerza para continuar, muchas veces, me la ha dado todo el calor y apoyo que he sentido en este camino (\u2026) No podemos olvidarnos que la lucha debe seguir y debemos ser el cambio que queremos en la sociedad, ya que esto le ha supuesto la vida a muchas compa\u00f1eras. Recordad, contadlo. No les dej\u00e9is ganar a ellos\u00bb.<\/span><\/p>\n<p style=\"text-align: justify;\"><span style=\"font-family: arial, helvetica, sans-serif; font-size: small;\">Desde Lucha Internacionalista, secci\u00f3n de la UIT-CI, hacemos un llamado a seguir en las calles hasta acabar con este sistema capitalista y patriarcal que nos precariza, nos violenta y nos quiere sumisas. Nuestra lucha es por un mundo sin explotaci\u00f3n ni opresi\u00f3n y libre de toda forma de violencia.<\/span><\/p>\n<p style=\"text-align: justify;\"><span style=\"font-family: arial, helvetica, sans-serif; font-size: small;\">www.uit-ci.org<\/span><\/p>\n","protected":false},"excerpt":{"rendered":"<p>Por Lucha Internacionalista, secci\u00f3n del Estado Espa\u00f1ol de la UIT-CI El pasado 21 de junio el Tribunal Supremo elevaba hasta los 15 a\u00f1os de prisi\u00f3n la condena a los 5 violadores de la Manada consider\u00e1ndolos culpables de un delito de violaci\u00f3n y rectificando a la Audiencia Provincial y el Tribunal Superior de Navarra que los [&hellip;]<\/p>\n","protected":false},"author":1,"featured_media":3185,"comment_status":"open","ping_status":"open","sticky":false,"template":"","format":"standard","meta":[],"categories":[59],"tags":[],"_links":{"self":[{"href":"https:\/\/uit-ci.org\/index.php\/wp-json\/wp\/v2\/posts\/3186"}],"collection":[{"href":"https:\/\/uit-ci.org\/index.php\/wp-json\/wp\/v2\/posts"}],"about":[{"href":"https:\/\/uit-ci.org\/index.php\/wp-json\/wp\/v2\/types\/post"}],"author":[{"embeddable":true,"href":"https:\/\/uit-ci.org\/index.php\/wp-json\/wp\/v2\/users\/1"}],"replies":[{"embeddable":true,"href":"https:\/\/uit-ci.org\/index.php\/wp-json\/wp\/v2\/comments?post=3186"}],"version-history":[{"count":0,"href":"https:\/\/uit-ci.org\/index.php\/wp-json\/wp\/v2\/posts\/3186\/revisions"}],"wp:featuredmedia":[{"embeddable":true,"href":"https:\/\/uit-ci.org\/index.php\/wp-json\/wp\/v2\/media\/3185"}],"wp:attachment":[{"href":"https:\/\/uit-ci.org\/index.php\/wp-json\/wp\/v2\/media?parent=3186"}],"wp:term":[{"taxonomy":"category","embeddable":true,"href":"https:\/\/uit-ci.org\/index.php\/wp-json\/wp\/v2\/categories?post=3186"},{"taxonomy":"post_tag","embeddable":true,"href":"https:\/\/uit-ci.org\/index.php\/wp-json\/wp\/v2\/tags?post=3186"}],"curies":[{"name":"wp","href":"https:\/\/api.w.org\/{rel}","templated":true}]}}