{"id":32,"date":"2012-04-20T16:31:38","date_gmt":"2012-04-20T16:31:38","guid":{"rendered":"http:\/\/uit-ci.org\/index.php\/2012\/04\/20\/la-protesta\/"},"modified":"2012-04-20T16:31:38","modified_gmt":"2012-04-20T16:31:38","slug":"la-protesta","status":"publish","type":"post","link":"https:\/\/uit-ci.org\/index.php\/2012\/04\/20\/la-protesta\/","title":{"rendered":"ARPT-FUERZA"},"content":{"rendered":"<p><span style=\"font-family: arial, helvetica, sans-serif; font-size: 10pt;\"><strong>ARPT-FUERZA (Alternativa Revolucionaria del Pueblo Trabajador y Fuerza Revolucionaria Socialista Antimperialista)<\/strong> son las organizaciones de la UIT-CI en proceso de unificaci\u00f3n en una sola secci\u00f2n de la internacional. La principal orientaci\u00f3n que se plantean es la reconsutrcci\u00f3n del Partido de Trabajadores en Bolivia, impulsado en el 2013 por un Congreso de la Central Obrera Boliviana. La reconstrucci\u00f3n del PT resulta de la necesidad de construir una alternativa pol\u00edtica de los trabajadores frente al gobierno del MAS de Evo Morales y la derecha opositora.<\/span><\/p>\n<p><span style=\"font-size: 10pt; font-family: arial, helvetica, sans-serif;\">Algunos de sus principales dirigites son: Humberto Balderrama, dirigente FUERZA, estudiante postgrado Universidad UMSA de La Paz, Gonzalo Sanjines, dirigente ARPT; Gualberto Arenas, dirigente Federaci\u00f3n Regional Campesina Valle Alto Cochabamba y secretario general del Partido de los Trabajadores; Eliseo Mamani, ejecutivo distrito 4 Fejuve de El Alto.<\/span><\/p>\n<table border=\"1\" _mce_new=\"1\" align=\"center\" style=\"height: 100px; width: 462px;\">\n<tbody>\n<tr>\n<td>\n<p><span style=\"font-family: arial, helvetica, sans-serif; font-size: small;\"><strong style=\"font-family: arial, helvetica, sans-serif; font-size: 10pt;\">Contactos:<\/strong><\/span><\/p>\n<p><span style=\"font-size: small; font-family: arial, helvetica, sans-serif;\"><strong>En Facebook:<\/strong> fuerza revolucionaria socialista antiimperialista<\/span><\/p>\n<p><span style=\"font-size: small; font-family: arial, helvetica, sans-serif;\"><strong>Grupo Facebook:<\/strong> la protesta<\/span><\/p>\n<p><span style=\"font-family: arial, helvetica, sans-serif; font-size: small;\"><strong>Email:<\/strong><a href=\"mailto:fuerza.revolucionaria.bol@gmail.com\">fuerza.revolucionaria.bol@gmail.com<\/a><\/span><span style=\"font-family: Arial, Verdana, sans-serif; font-size: 22px;\"><br \/><\/span><\/p>\n<\/td>\n<\/tr>\n<\/tbody>\n<\/table>\n<p><img loading=\"lazy\" class=\" alignleft size-full wp-image-28\" style=\"margin-right: 5px; border: 1px solid #000000; float: left;\" src=\"http:\/\/uit-ci.org\/wp-content\/uploads\/2012\/04\/Fuerza-5-La-Protesta-5.jpg\" alt=\"Fuerza 5- La Protesta 5\" width=\"305\" height=\"415\" srcset=\"https:\/\/uit-ci.org\/wp-content\/uploads\/2012\/04\/Fuerza-5-La-Protesta-5.jpg 299w, https:\/\/uit-ci.org\/wp-content\/uploads\/2012\/04\/Fuerza-5-La-Protesta-5-220x300.jpg 220w\" sizes=\"(max-width: 305px) 100vw, 305px\" \/><\/p>\n<p><a href=\"http:\/\/uit-ci.org\/wp-content\/uploads\/2012\/04\/laprotesta47.pdf\" target=\"_blank\" rel=\"noopener\"><img loading=\"lazy\" class=\" alignleft size-full wp-image-30\" style=\"margin-right: 5px; border: 2px solid #000000; float: left;\" src=\"http:\/\/uit-ci.org\/wp-content\/uploads\/2012\/04\/laprotesta47.jpg\" alt=\"Peri\u00f3dico La Protesta - N\u00famero 47\" width=\"305\" height=\"475\" srcset=\"https:\/\/uit-ci.org\/wp-content\/uploads\/2012\/04\/laprotesta47.jpg 305w, https:\/\/uit-ci.org\/wp-content\/uploads\/2012\/04\/laprotesta47-193x300.jpg 193w\" sizes=\"(max-width: 305px) 100vw, 305px\" \/><\/a><\/p>\n<p><a href=\"https:\/\/sites.google.com\/site\/laprotestabolivia\/\" target=\"_blank\" rel=\"noopener\"><img class=\" alignleft size-full wp-image-31\" style=\"float: left; border: 0;\" src=\"http:\/\/uit-ci.org\/wp-content\/uploads\/2012\/04\/sitio-web-bolivia.jpg\" alt=\"alt\" width=\"400\" align=\"left\" border=\"0\" srcset=\"https:\/\/uit-ci.org\/wp-content\/uploads\/2012\/04\/sitio-web-bolivia.jpg 600w, https:\/\/uit-ci.org\/wp-content\/uploads\/2012\/04\/sitio-web-bolivia-300x153.jpg 300w\" sizes=\"(max-width: 600px) 100vw, 600px\" \/><\/a><\/p>\n","protected":false},"excerpt":{"rendered":"<p>ARPT-FUERZA (Alternativa Revolucionaria del Pueblo Trabajador y Fuerza Revolucionaria Socialista Antimperialista) son las organizaciones de la UIT-CI en proceso de unificaci\u00f3n en una sola secci\u00f2n de la internacional. La principal orientaci\u00f3n que se plantean es la reconsutrcci\u00f3n del Partido de Trabajadores en Bolivia, impulsado en el 2013 por un Congreso de la Central Obrera Boliviana. [&hellip;]<\/p>\n","protected":false},"author":1,"featured_media":28,"comment_status":"open","ping_status":"open","sticky":false,"template":"","format":"standard","meta":[],"categories":[24],"tags":[],"_links":{"self":[{"href":"https:\/\/uit-ci.org\/index.php\/wp-json\/wp\/v2\/posts\/32"}],"collection":[{"href":"https:\/\/uit-ci.org\/index.php\/wp-json\/wp\/v2\/posts"}],"about":[{"href":"https:\/\/uit-ci.org\/index.php\/wp-json\/wp\/v2\/types\/post"}],"author":[{"embeddable":true,"href":"https:\/\/uit-ci.org\/index.php\/wp-json\/wp\/v2\/users\/1"}],"replies":[{"embeddable":true,"href":"https:\/\/uit-ci.org\/index.php\/wp-json\/wp\/v2\/comments?post=32"}],"version-history":[{"count":0,"href":"https:\/\/uit-ci.org\/index.php\/wp-json\/wp\/v2\/posts\/32\/revisions"}],"wp:featuredmedia":[{"embeddable":true,"href":"https:\/\/uit-ci.org\/index.php\/wp-json\/wp\/v2\/media\/28"}],"wp:attachment":[{"href":"https:\/\/uit-ci.org\/index.php\/wp-json\/wp\/v2\/media?parent=32"}],"wp:term":[{"taxonomy":"category","embeddable":true,"href":"https:\/\/uit-ci.org\/index.php\/wp-json\/wp\/v2\/categories?post=32"},{"taxonomy":"post_tag","embeddable":true,"href":"https:\/\/uit-ci.org\/index.php\/wp-json\/wp\/v2\/tags?post=32"}],"curies":[{"name":"wp","href":"https:\/\/api.w.org\/{rel}","templated":true}]}}