{"id":3214,"date":"2019-07-11T19:42:53","date_gmt":"2019-07-11T19:42:53","guid":{"rendered":"http:\/\/uit-ci.org\/index.php\/2019\/07\/11\/chile-paro-de-profesoras-y-profesores-a-seguir-luchando\/"},"modified":"2019-07-11T19:42:53","modified_gmt":"2019-07-11T19:42:53","slug":"chile-paro-de-profesoras-y-profesores-a-seguir-luchando","status":"publish","type":"post","link":"https:\/\/uit-ci.org\/index.php\/2019\/07\/11\/chile-paro-de-profesoras-y-profesores-a-seguir-luchando\/","title":{"rendered":"Chile &#8211; Paro de profesoras y profesores: A seguir luchando."},"content":{"rendered":"<p style=\"text-align: center;\"><strong><span style=\"font-family: arial, helvetica, sans-serif; font-size: small;\"><img loading=\"lazy\" class=\" size-full wp-image-3213\" src=\"http:\/\/uit-ci.org\/wp-content\/uploads\/2019\/07\/Profesores_lienzo.jpg\" width=\"230\" height=\"129\" alt=\"Profesores lienzo\" style=\"margin: 5px; vertical-align: middle;\" srcset=\"https:\/\/uit-ci.org\/wp-content\/uploads\/2019\/07\/Profesores_lienzo.jpg 649w, https:\/\/uit-ci.org\/wp-content\/uploads\/2019\/07\/Profesores_lienzo-300x169.jpg 300w, https:\/\/uit-ci.org\/wp-content\/uploads\/2019\/07\/Profesores_lienzo-600x337.jpg 600w\" sizes=\"(max-width: 230px) 100vw, 230px\" \/><br data-mce-bogus=\"1\" \/><\/span><\/strong><\/p>\n<p><strong><span style=\"font-family: arial, helvetica, sans-serif; font-size: small;\">Por MST, secci\u00f3n chilena de la UIT-CI<\/span><\/strong><\/p>\n<p><span style=\"font-family: arial, helvetica, sans-serif; font-size: small;\">La \u00faltima reuni\u00f3n entre la directiva del Colegio de Profesores y la Ministra Cubillos, ha marcado un punto de inflexi\u00f3n en la lucha m\u00e1s importante. Iniciando la sexta semana de paro, Mario Aguilar, Presidente del Colegio de Profesores, ha llamado a deponer el paro y aceptar la propuesta del gobierno.<\/span><\/p>\n<p>  <!--more-->  <\/p>\n<p><span style=\"font-family: arial, helvetica, sans-serif; font-size: small;\">Estamos convencidos que no podemos tomar posici\u00f3n sobre la petici\u00f3n de Aguilar, sin antes responder preguntas b\u00e1sicas: \u00bfResuelve las demandas exigidas por el profesorado la \u00faltima oferta de Cubillos? \u00bfEs posible seguir el paro (y c\u00f3mo hacerlo) para obtener mayores conquistas? \u00bfQu\u00e9 podemos concluir del llamado a deponer el paro por parte de Aguilar?<\/span><\/p>\n<p><strong><span style=\"font-family: arial, helvetica, sans-serif; font-size: small;\">Una importante lucha.<\/span><\/strong><\/p>\n<p><span style=\"font-family: arial, helvetica, sans-serif; font-size: small;\">Mucho antes de llegar a su sexta semana de paro, la lucha de los docentes en Chile se ha transformado en un hecho de importancia nacional. As\u00ed lo demuestran todas las encuestas, demostrando que casi el 70% del pa\u00eds apoya, dando un masivo respaldo social a la lucha. Al rev\u00e9s, Pi\u00f1era y Cubillos han visto decaer su apoyo social por no dar respuesta a las demandas m\u00e1s sentidas por los profesores.<\/span><\/p>\n<p><span style=\"font-family: arial, helvetica, sans-serif; font-size: small;\">Mayoritariamente, el pa\u00eds apoya las demandas docentes como el camino para resolver la crisis de un sistema educacional secuestrado por el mercado y el lucro, y por gobiernos capitalistas que nada resuelven. Como en 2011 con la lucha estudiantil, la clase trabajadora y el pueblo ven con claridad que se puede terminar con este criminal negocio si se resuelven las demandas de estudiantes y docentes.<\/span><\/p>\n<p><span style=\"font-family: arial, helvetica, sans-serif; font-size: small;\">La lucha de profesoras y profesores es mucho m\u00e1s que un conflicto entre ellos y el gobierno. Es, sobre todo, una expresi\u00f3n de quienes queremos un pa\u00eds distinto. Por eso, ni la m\u00e1s vil campa\u00f1a de desprestigio impuesta por Pi\u00f1era y Cubillos, ni el aislamiento a la que ha sido sometida por los corruptos dirigentes sindicales de la Nueva Mayor\u00eda, o la absoluta falta de solidaridad de los dirigentes del CONFECH que nunca hicieron un esfuerzo por fortalecer esta lucha, pudo detener el \u00e9xito del paro en sus seis semanas de movilizaciones. La clave fue y es el tremendo apoyo social.<\/span><\/p>\n<p><strong><span style=\"font-family: arial, helvetica, sans-serif; font-size: small;\">La respuesta de Cubillos no resuelve nada.<\/span><\/strong><\/p>\n<p><span style=\"font-family: arial, helvetica, sans-serif; font-size: small;\">Arrinconado por la valent\u00eda y entrega de miles de profesoras y profesores de base, y del masivo apoyo social, el gobierno busca urgente terminar con el paro. La semana pasada entreg\u00f3 una propuesta que manten\u00eda intacto el coraz\u00f3n del sistema educacional impuesto por Pinochet, fracasando rotundamente con un mayoritario rechazo de la base.<\/span><\/p>\n<p><span style=\"font-family: arial, helvetica, sans-serif; font-size: small;\">Este lunes mantuvo todo casi igual. Sobre las horas de extensi\u00f3n, s\u00f3lo se comprometi\u00f3 a enviar un proyecto de ley el mi\u00e9rcoles 17 de julio al parlamento, para pasarlas a titularidad. Un parlamento dirigido por el gobierno y una falsa oposici\u00f3n que s\u00f3lo ha votado leyes pro empresarios, y nada a favor de la clase trabajadora y el pueblo. <strong>\u00bfDebemos creer que solucionara, a nuestro favor, las horas de extensi\u00f3n?<\/strong><\/span><\/p>\n<p><span style=\"font-family: arial, helvetica, sans-serif; font-size: small;\">El mismo criterio, enga\u00f1oso y falso, se usa para las otras \u201csoluciones\u201d. Para poner fin a la doble evaluaci\u00f3n, para terminar con la criminal Carrera Docente impuesta por Bachelet y el traidor Jaime Gajardo (Ex presidente del Colegio de Profesores y militante comunista), para resolver la deuda hist\u00f3rica a miles de profesores. Todas las supuestas soluciones, son confiar o en este patronal gobierno, o en sus aliados de la falsa oposici\u00f3n en el parlamento.<\/span><\/p>\n<p><span style=\"font-family: arial, helvetica, sans-serif; font-size: small;\">Sin duda, el hecho m\u00e1s criticable es la respuesta a las educadoras diferenciales. Cubillos sigue sin reconocerles la menci\u00f3n profesional, manteni\u00e9ndolas como profesionales de segunda categor\u00eda. Lo \u00fanico que entrega es una \u201casignaci\u00f3n\u201d miserable, de $45.000 trimestrales. O sea, menos de $12.000 mensuales a cientos de profesionales que dan un aporte fundamental a la educaci\u00f3n.<\/span><\/p>\n<p><span style=\"font-family: arial, helvetica, sans-serif; font-size: small;\">Cubillos y Pi\u00f1era no entregan ni soluciones, ni cambios estructurales a la educaci\u00f3n de mercado que hunde a profesores y estudiantes en Chile. Muestra clara de esto es que siguen sosteniendo que Historia y Educaci\u00f3n F\u00edsica seguir\u00e1n siendo opcionales, relegando a la precariedad a otros miles de profesores en el pa\u00eds.<\/span><\/p>\n<p><strong><span style=\"font-family: arial, helvetica, sans-serif; font-size: small;\">Siempre se pudo hacer m\u00e1s fuerte esta importante lucha.<\/span><\/strong><\/p>\n<p><span style=\"font-family: arial, helvetica, sans-serif; font-size: small;\">Aguilar sostiene que el movimiento no puede crecer m\u00e1s, y que ya ha comenzado el desgaste en la base. En la sexta semana de esta heroica lucha, \u00bfC\u00f3mo no hacernos la misma pregunta que Aguilar? Porque lo m\u00e1s importante para dar una buena lucha, es entender si nos hacemos m\u00e1s fuerte y el gobierno m\u00e1s d\u00e9bil, o al rev\u00e9s.<\/span><\/p>\n<p><span style=\"font-family: arial, helvetica, sans-serif; font-size: small;\">Estamos convencidos que Aguilar se equivoca en esta afirmaci\u00f3n, y lo hizo desde el principio. El apoyo masivo de la base se demostr\u00f3 desde un comienzo, y fue esa fuerza y valent\u00eda la que gan\u00f3 el masivo apoyo social. Hacer m\u00e1s fuerte el paro no pasa hoy, ni pas\u00f3 nunca, por recurrir a la base que ya apoya heroicamente, sino en transformar en apoyo activo el apoyo social.<\/span><\/p>\n<p><span style=\"font-family: arial, helvetica, sans-serif; font-size: small;\">Hubo paros de Codelco, Parvularias, Manipuladoras de Alimentos, en medio de estas semanas de lucha. \u00bfPor qu\u00e9 la directiva nacional no propuso coordinar todas estas luchas, y juntos convocar a una gran jornada de apoyo? Por lo menos un d\u00eda de marcha, que, a un horario adecuado, hubiese permitido darle forma a este apoyo social y presionar al gobierno.<\/span><\/p>\n<p><span style=\"font-family: arial, helvetica, sans-serif; font-size: small;\">Sin duda, lo m\u00e1s inexplicable fue el silencio de Aguilar sobre el casi nulo apoyo de la direcci\u00f3n de la CONFECH con esta lucha. Ni un solo llamado formal a que los estudiantes inicien paros indefinidos en universidades y colegios, imponiendo un paro nacional de toda la educaci\u00f3n contra el gobierno. Inexplicable, porque gran parte de las federaciones estudiantiles est\u00e1n en manos de sus compa\u00f1eros y compa\u00f1eras del Frente Amplio, que demostraron en estas semanas su absoluta falta de solidaridad con la lucha.<\/span><\/p>\n<p><span style=\"font-family: arial, helvetica, sans-serif; font-size: small;\">Totalmente incre\u00edble, puesto que el mismo Aguilar particip\u00f3 de conferencias de prensa con dirigentes del No m\u00e1s AFP, Aces, Anef, Fenats, Confusam y la misma CUT, sin que nunca surgiera de esos dirigentes y dirigentes la convocatoria a un solo d\u00eda, por lo menos un d\u00eda, de paro nacional en apoyo a los docentes. Lo \u00fanico que hemos visto, interminablemente, son declaraciones de dirigentes o unos pocos dirigentes con banderas en las marchas\u2026 \u00bfY el apoyo real cu\u00e1ndo?<\/span><\/p>\n<p><span style=\"font-family: arial, helvetica, sans-serif; font-size: small;\">Aguilar se equivoca, siempre hubo y a\u00fan hay posibilidades de hacer crecer a\u00fan m\u00e1s este paro, y presionar a\u00fan m\u00e1s al gobierno. Siempre y cuando la base supere la pol\u00edtica de luchas separadas, aisladas, que desde siempre han impuesto los dirigentes de la Concertaci\u00f3n- Ex Nueva Mayor\u00eda, como los comunistas B\u00e1rbara Figueroa de la CUT, Inzunsa de la Anef, o lo hac\u00eda Gajardo cuando era presidente del Colegio de Profesores. Esta estrategia de la derrota que siempre ha beneficiado a los gobiernos capitalistas del que son parte, o importante apoyo.<\/span><\/p>\n<p><strong><span style=\"font-family: arial, helvetica, sans-serif; font-size: small;\">Mario Aguilar, llamando a aceptar que no podemos ganar.<\/span><\/strong><\/p>\n<p><span style=\"font-family: arial, helvetica, sans-serif; font-size: small;\">Sobre todo, Aguilar llama a deponer el paro intentando convencernos de dos cosas: ganamos algo, y ya no podemos ganar m\u00e1s luchando. A petici\u00f3n de Pi\u00f1era y Cubillos, que est\u00e1n desesperados por que termin\u00e9 el paro, este llamado se ha hecho p\u00fablicamente.<\/span><\/p>\n<p><span style=\"font-family: arial, helvetica, sans-serif; font-size: small;\">Ni nada resuelve la oferta de Cubillos, y de sobra est\u00e1 demostrado en estas seis semanas que podemos seguir presionando (si cambiamos la estrategia impuesta por el Frente Amplio y la Nueva Mayor\u00eda) al gobierno.<\/span><\/p>\n<p><span style=\"font-family: arial, helvetica, sans-serif; font-size: small;\">Lo \u00fanico claro en el llamado de Aguilar y la directiva nacional es aceptar una derrota \u00a1Cuando estamos ganando! Imposible no creer, evidentemente, que esto es m\u00e1s que un error. Sin embargo, reconocemos en esta equivocada direcci\u00f3n, por lo menos, su llamado a que sean las bases quienes decidan.<\/span><\/p>\n<p><strong><span style=\"font-family: arial, helvetica, sans-serif; font-size: small;\">La base debe rechazar la propuesta de Cubillos.<\/span><\/strong><\/p>\n<p><span style=\"font-family: arial, helvetica, sans-serif; font-size: small;\">Llamamos, convencidos, a rechazar las migajas y los enga\u00f1os de Cubillos y Pi\u00f1era. A denunciar p\u00fablicamente que se niegan, tajantemente, a resolver los problemas de la educaci\u00f3n en Chile. A pesar de que, con toda claridad, profesoras y profesores (como ayer estudiantes) mostramos y exigimos el \u00fanico camino para terminar con este criminal sistema educativo.<\/span><\/p>\n<p><span style=\"font-family: arial, helvetica, sans-serif; font-size: small;\">Hacer un llamado a los estudiantes, a todos los trabajadoras y trabajadores de la educaci\u00f3n, y todas las organizaciones sociales a conformar una organizaci\u00f3n com\u00fan que levante un pliego que una todas nuestras demandas, y que coordine un plan de lucha para exigirlo en las calles, partiendo del valiente y heroico esfuerzo de profesoras y profesores.<\/span><\/p>\n<p><span style=\"font-family: arial, helvetica, sans-serif; font-size: small;\">Y, sobre todo, a rechazar esta imposici\u00f3n de la directiva, que intencionalmente pone como \u00fanicas opciones: seguir un paro que ellos mismos llaman a liquidar, o aceptar las migajas de Cubillos. Viciando totalmente el proceso de consulta a las bases.<\/span><\/p>\n","protected":false},"excerpt":{"rendered":"<p>Por MST, secci\u00f3n chilena de la UIT-CI La \u00faltima reuni\u00f3n entre la directiva del Colegio de Profesores y la Ministra Cubillos, ha marcado un punto de inflexi\u00f3n en la lucha m\u00e1s importante. Iniciando la sexta semana de paro, Mario Aguilar, Presidente del Colegio de Profesores, ha llamado a deponer el paro y aceptar la propuesta [&hellip;]<\/p>\n","protected":false},"author":1,"featured_media":3213,"comment_status":"open","ping_status":"open","sticky":false,"template":"","format":"standard","meta":[],"categories":[56],"tags":[],"_links":{"self":[{"href":"https:\/\/uit-ci.org\/index.php\/wp-json\/wp\/v2\/posts\/3214"}],"collection":[{"href":"https:\/\/uit-ci.org\/index.php\/wp-json\/wp\/v2\/posts"}],"about":[{"href":"https:\/\/uit-ci.org\/index.php\/wp-json\/wp\/v2\/types\/post"}],"author":[{"embeddable":true,"href":"https:\/\/uit-ci.org\/index.php\/wp-json\/wp\/v2\/users\/1"}],"replies":[{"embeddable":true,"href":"https:\/\/uit-ci.org\/index.php\/wp-json\/wp\/v2\/comments?post=3214"}],"version-history":[{"count":0,"href":"https:\/\/uit-ci.org\/index.php\/wp-json\/wp\/v2\/posts\/3214\/revisions"}],"wp:featuredmedia":[{"embeddable":true,"href":"https:\/\/uit-ci.org\/index.php\/wp-json\/wp\/v2\/media\/3213"}],"wp:attachment":[{"href":"https:\/\/uit-ci.org\/index.php\/wp-json\/wp\/v2\/media?parent=3214"}],"wp:term":[{"taxonomy":"category","embeddable":true,"href":"https:\/\/uit-ci.org\/index.php\/wp-json\/wp\/v2\/categories?post=3214"},{"taxonomy":"post_tag","embeddable":true,"href":"https:\/\/uit-ci.org\/index.php\/wp-json\/wp\/v2\/tags?post=3214"}],"curies":[{"name":"wp","href":"https:\/\/api.w.org\/{rel}","templated":true}]}}