{"id":3218,"date":"2019-07-13T14:03:07","date_gmt":"2019-07-13T14:03:07","guid":{"rendered":"http:\/\/uit-ci.org\/index.php\/2019\/07\/13\/mexico-se-realizo-la-escuela-de-cuadros-convocada-por-el-mas-seccion-de-la-uit-ci\/"},"modified":"2019-07-13T14:03:07","modified_gmt":"2019-07-13T14:03:07","slug":"mexico-se-realizo-la-escuela-de-cuadros-convocada-por-el-mas-seccion-de-la-uit-ci","status":"publish","type":"post","link":"https:\/\/uit-ci.org\/index.php\/2019\/07\/13\/mexico-se-realizo-la-escuela-de-cuadros-convocada-por-el-mas-seccion-de-la-uit-ci\/","title":{"rendered":"M\u00e9xico; se realiz\u00f3 la escuela de cuadros  convocada por el MAS, secci\u00f3n de la UIT-CI"},"content":{"rendered":"<p style=\"text-align: center;\"><img loading=\"lazy\" class=\" size-full wp-image-3215\" src=\"http:\/\/uit-ci.org\/wp-content\/uploads\/2019\/07\/WhatsApp_Image_2019-07-15_at_12.16.44.jpeg\" width=\"195\" height=\"146\" alt=\"WhatsApp Image 2019-07-15 at 12.16.44\" style=\"margin: 5px; vertical-align: middle;\" srcset=\"https:\/\/uit-ci.org\/wp-content\/uploads\/2019\/07\/WhatsApp_Image_2019-07-15_at_12.16.44.jpeg 1280w, https:\/\/uit-ci.org\/wp-content\/uploads\/2019\/07\/WhatsApp_Image_2019-07-15_at_12.16.44-300x225.jpeg 300w, https:\/\/uit-ci.org\/wp-content\/uploads\/2019\/07\/WhatsApp_Image_2019-07-15_at_12.16.44-1024x768.jpeg 1024w, https:\/\/uit-ci.org\/wp-content\/uploads\/2019\/07\/WhatsApp_Image_2019-07-15_at_12.16.44-768x576.jpeg 768w, https:\/\/uit-ci.org\/wp-content\/uploads\/2019\/07\/WhatsApp_Image_2019-07-15_at_12.16.44-600x450.jpeg 600w, https:\/\/uit-ci.org\/wp-content\/uploads\/2019\/07\/WhatsApp_Image_2019-07-15_at_12.16.44-750x563.jpeg 750w, https:\/\/uit-ci.org\/wp-content\/uploads\/2019\/07\/WhatsApp_Image_2019-07-15_at_12.16.44-1140x855.jpeg 1140w\" sizes=\"(max-width: 195px) 100vw, 195px\" \/><\/p>\n<p style=\"text-align: justify;\"><span style=\"font-family: arial, helvetica, sans-serif; font-size: small;\">La tematica es sobre Teoria y programa para la revoluci\u00f3n del Siglo XXI. Se realiza los dias 12, 13 y 14 de julio en ciudad de M\u00e9xico. La ponente es Mercedes Petit, dirigente de la Izquierda Socialista, de Argentina, y de la UIT-CI. Participan compa\u00f1eras y compa\u00f1eros de la secci\u00f3n e invitados de los Estados Unidos y Venezuela.<\/span><span style=\"font-family: arial, helvetica, sans-serif; font-size: small;\">&#8211;<\/span><\/p>\n<p>  <!--more-->  <\/p>\n<p style=\"text-align: center;\"><span style=\"font-family: arial, helvetica, sans-serif; font-size: small;\"><img loading=\"lazy\" class=\" size-full wp-image-3216\" src=\"http:\/\/uit-ci.org\/wp-content\/uploads\/2019\/07\/WhatsApp_Image_2019-07-13_at_10.12.23.jpeg\" width=\"200\" height=\"150\" alt=\"WhatsApp Image 2019-07-13 at 10.12.23\" style=\"margin: 5px; vertical-align: middle;\" srcset=\"https:\/\/uit-ci.org\/wp-content\/uploads\/2019\/07\/WhatsApp_Image_2019-07-13_at_10.12.23.jpeg 1280w, https:\/\/uit-ci.org\/wp-content\/uploads\/2019\/07\/WhatsApp_Image_2019-07-13_at_10.12.23-300x225.jpeg 300w, https:\/\/uit-ci.org\/wp-content\/uploads\/2019\/07\/WhatsApp_Image_2019-07-13_at_10.12.23-1024x768.jpeg 1024w, https:\/\/uit-ci.org\/wp-content\/uploads\/2019\/07\/WhatsApp_Image_2019-07-13_at_10.12.23-768x576.jpeg 768w, https:\/\/uit-ci.org\/wp-content\/uploads\/2019\/07\/WhatsApp_Image_2019-07-13_at_10.12.23-600x450.jpeg 600w, https:\/\/uit-ci.org\/wp-content\/uploads\/2019\/07\/WhatsApp_Image_2019-07-13_at_10.12.23-750x563.jpeg 750w, https:\/\/uit-ci.org\/wp-content\/uploads\/2019\/07\/WhatsApp_Image_2019-07-13_at_10.12.23-1140x855.jpeg 1140w\" sizes=\"(max-width: 200px) 100vw, 200px\" \/>&#8211;<img loading=\"lazy\" class=\" size-full wp-image-3217\" src=\"http:\/\/uit-ci.org\/wp-content\/uploads\/2019\/07\/WhatsApp_Image_2019-07-13_at_10.12.23_1.jpeg\" width=\"200\" height=\"150\" alt=\"WhatsApp Image 2019-07-13 at 10.12.23 1\" style=\"margin: 5px; vertical-align: middle;\" srcset=\"https:\/\/uit-ci.org\/wp-content\/uploads\/2019\/07\/WhatsApp_Image_2019-07-13_at_10.12.23_1.jpeg 1280w, https:\/\/uit-ci.org\/wp-content\/uploads\/2019\/07\/WhatsApp_Image_2019-07-13_at_10.12.23_1-300x225.jpeg 300w, https:\/\/uit-ci.org\/wp-content\/uploads\/2019\/07\/WhatsApp_Image_2019-07-13_at_10.12.23_1-1024x768.jpeg 1024w, https:\/\/uit-ci.org\/wp-content\/uploads\/2019\/07\/WhatsApp_Image_2019-07-13_at_10.12.23_1-768x576.jpeg 768w, https:\/\/uit-ci.org\/wp-content\/uploads\/2019\/07\/WhatsApp_Image_2019-07-13_at_10.12.23_1-600x450.jpeg 600w, https:\/\/uit-ci.org\/wp-content\/uploads\/2019\/07\/WhatsApp_Image_2019-07-13_at_10.12.23_1-750x563.jpeg 750w, https:\/\/uit-ci.org\/wp-content\/uploads\/2019\/07\/WhatsApp_Image_2019-07-13_at_10.12.23_1-1140x855.jpeg 1140w\" sizes=\"(max-width: 200px) 100vw, 200px\" \/><br data-mce-bogus=\"1\" \/><\/span><\/p>\n<p style=\"text-align: justify;\"><span style=\"font-family: arial, helvetica, sans-serif; font-size: small;\">www.uit-ci.or<span style=\"font-family: arial, helvetica, sans-serif; font-size: small; text-align: justify;\">g<\/span><\/span><\/p>\n","protected":false},"excerpt":{"rendered":"<p>La tematica es sobre Teoria y programa para la revoluci\u00f3n del Siglo XXI. Se realiza los dias 12, 13 y 14 de julio en ciudad de M\u00e9xico. La ponente es Mercedes Petit, dirigente de la Izquierda Socialista, de Argentina, y de la UIT-CI. Participan compa\u00f1eras y compa\u00f1eros de la secci\u00f3n e invitados de los Estados [&hellip;]<\/p>\n","protected":false},"author":1,"featured_media":3215,"comment_status":"open","ping_status":"open","sticky":false,"template":"","format":"standard","meta":[],"categories":[21],"tags":[],"_links":{"self":[{"href":"https:\/\/uit-ci.org\/index.php\/wp-json\/wp\/v2\/posts\/3218"}],"collection":[{"href":"https:\/\/uit-ci.org\/index.php\/wp-json\/wp\/v2\/posts"}],"about":[{"href":"https:\/\/uit-ci.org\/index.php\/wp-json\/wp\/v2\/types\/post"}],"author":[{"embeddable":true,"href":"https:\/\/uit-ci.org\/index.php\/wp-json\/wp\/v2\/users\/1"}],"replies":[{"embeddable":true,"href":"https:\/\/uit-ci.org\/index.php\/wp-json\/wp\/v2\/comments?post=3218"}],"version-history":[{"count":0,"href":"https:\/\/uit-ci.org\/index.php\/wp-json\/wp\/v2\/posts\/3218\/revisions"}],"wp:featuredmedia":[{"embeddable":true,"href":"https:\/\/uit-ci.org\/index.php\/wp-json\/wp\/v2\/media\/3215"}],"wp:attachment":[{"href":"https:\/\/uit-ci.org\/index.php\/wp-json\/wp\/v2\/media?parent=3218"}],"wp:term":[{"taxonomy":"category","embeddable":true,"href":"https:\/\/uit-ci.org\/index.php\/wp-json\/wp\/v2\/categories?post=3218"},{"taxonomy":"post_tag","embeddable":true,"href":"https:\/\/uit-ci.org\/index.php\/wp-json\/wp\/v2\/tags?post=3218"}],"curies":[{"name":"wp","href":"https:\/\/api.w.org\/{rel}","templated":true}]}}