{"id":322,"date":"2012-07-27T20:50:13","date_gmt":"2012-07-27T20:50:13","guid":{"rendered":"http:\/\/uit-ci.org\/index.php\/2012\/07\/27\/siria-la-rebelion-popular-controla-el-50-de-aleppo-el-dictador-al-assad-se-sigue-debilitando\/"},"modified":"2012-07-27T20:50:13","modified_gmt":"2012-07-27T20:50:13","slug":"siria-la-rebelion-popular-controla-el-50-de-aleppo-el-dictador-al-assad-se-sigue-debilitando","status":"publish","type":"post","link":"https:\/\/uit-ci.org\/index.php\/2012\/07\/27\/siria-la-rebelion-popular-controla-el-50-de-aleppo-el-dictador-al-assad-se-sigue-debilitando\/","title":{"rendered":"Siria: La rebeli\u00f3n popular controla el 50% de Aleppo. El dictador Al Assad se sigue debilitando"},"content":{"rendered":"<p><strong><img loading=\"lazy\" class=\" alignleft size-full wp-image-319\" style=\"margin-right: 5px; float: left;\" alt=\"Siria: manifestaci\u00f3n nocturna en apoyo a la revoluci\u00f3n\" src=\"http:\/\/uit-ci.org\/wp-content\/uploads\/2012\/07\/manifestacionenesiria.jpg\" height=\"180\" width=\"240\" srcset=\"https:\/\/uit-ci.org\/wp-content\/uploads\/2012\/07\/manifestacionenesiria.jpg 619w, https:\/\/uit-ci.org\/wp-content\/uploads\/2012\/07\/manifestacionenesiria-300x225.jpg 300w, https:\/\/uit-ci.org\/wp-content\/uploads\/2012\/07\/manifestacionenesiria-600x450.jpg 600w\" sizes=\"(max-width: 240px) 100vw, 240px\" \/><\/strong><\/p>\n<p><em>Recopilaci\u00f3n de diferentes medios de prensa y agencias de noticias<\/em><strong><br \/><\/strong><\/p>\n<p>A los combates en la ciudad de Damasco, capital de Siria se le ha sumado en la \u00faltima semana una ofensiva rebelde muy importante en la ciudad de Aleppo, capital econ\u00f3mica del pa\u00eds. Se estima que los rebeldes ya controlan el 50% de Aleppo. La batalla est\u00e1 en curso.<\/p>\n<p>  <!--more-->  <\/p>\n<p>En cada uno de los barrios liberados se organizan manifestaciones de apoyo a la Revoluci\u00f3n Siria y los combatientes del Ej\u00e9rcito Libre de Siria son recibidos con aplausos y abrazos por los civiles quienes, a su vez, colaboran con la resistencia armada construyendo barricadas y alertando de los francotiradores del r\u00e9gimen.<img loading=\"lazy\" class=\" alignright size-full wp-image-320\" style=\"margin-left: 5px; float: right;\" alt=\"La batalla de Aleppo, Siria. En esta imagen se pueden ver resaltados los barrios donde se combate desde hace d\u00edas.\" src=\"http:\/\/uit-ci.org\/wp-content\/uploads\/2012\/07\/mapadealeppo.jpg\" height=\"231\" width=\"240\" srcset=\"https:\/\/uit-ci.org\/wp-content\/uploads\/2012\/07\/mapadealeppo.jpg 624w, https:\/\/uit-ci.org\/wp-content\/uploads\/2012\/07\/mapadealeppo-300x288.jpg 300w, https:\/\/uit-ci.org\/wp-content\/uploads\/2012\/07\/mapadealeppo-600x577.jpg 600w\" sizes=\"(max-width: 240px) 100vw, 240px\" \/><\/p>\n<p>La respuesta de Al Assad a la ofensiva rebelde es la misma que viene empleando desde que comenzaron las revueltas hace 17 meses: bombardeos a la poblaci\u00f3n civil, abriendo fuego sobre las manifestaciones, ejecuciones sumarias de civiles (sobre todo de mujeres y ni\u00f1os) y ahora ha incorporado tambi\u00e9n el uso de aviones de combate para bombardear y ametrallar las distintas ciudades del pa\u00eds.<\/p>\n<p>Las potencias imperialistas, las cuales son acusadas de \u00abestar detr\u00e1s de las revueltas\u00bb por Al Assad y sus defensores en todo el mundo (Putin, Hu Jin Tao, Ch\u00e1vez, etc), nuevamente han mostrado su total impotencia: ya son tres los intentos frustrados de emitir una resoluci\u00f3n del Consejo de Seguridad de la ONU condenando al gobierno de Al Assad. Hasta los propios jefes de la CIA se \u00ablamentan\u00bb de no tener agentes en Siria para poder manipular el curso de la Revoluci\u00f3n, como lo reconocieran al Los Angeles Times hace unos d\u00edas. La ONU ha ordenado el retiro de 150 de los 300 observadores civiles que quedaban porque no puede garantizarles su seguridad. Francia, ante el temor que termine triunfando la revoluci\u00f3n popular, aconseja al CNS, la oposici\u00f3n burguesa encabezada por la Hermandad Musulmana y apoyados por los jeques de Qatar y Arabia Saudita, que formen un gobierno alternativo en el exilio. Buscan evitar que el pueblo rebelde se haga cargo del poder, luego de la ca\u00edda de Al Assad.<\/p>\n<p><img loading=\"lazy\" class=\" alignleft size-full wp-image-321\" style=\"margin-right: 5px; float: left;\" alt=\"Pancarta confeccionada en Kafranbel la capital art\u00edstica de la Revoluci\u00edn Siria. Al Assad se resqubraja tironeado desde Damsco y Aleppo, las dos ciudades m\u00e1s importantes de Siria donde los rebeldes pelean hace d\u00edas.\" src=\"http:\/\/uit-ci.org\/wp-content\/uploads\/2012\/07\/assaddamascoaleppo.jpg\" height=\"160\" width=\"240\" srcset=\"https:\/\/uit-ci.org\/wp-content\/uploads\/2012\/07\/assaddamascoaleppo.jpg 960w, https:\/\/uit-ci.org\/wp-content\/uploads\/2012\/07\/assaddamascoaleppo-300x200.jpg 300w, https:\/\/uit-ci.org\/wp-content\/uploads\/2012\/07\/assaddamascoaleppo-768x512.jpg 768w, https:\/\/uit-ci.org\/wp-content\/uploads\/2012\/07\/assaddamascoaleppo-600x400.jpg 600w, https:\/\/uit-ci.org\/wp-content\/uploads\/2012\/07\/assaddamascoaleppo-750x500.jpg 750w\" sizes=\"(max-width: 240px) 100vw, 240px\" \/>Las mentiras de Al Assad y sus defensores en todo el mundo se caen como castillos de naipes. Primero dijeron que era la CIA y la OTAN quienes alentaban las revueltas pero ahora cambiaron y dicen que es Al Qaeda. Tambi\u00e9n dijeron que era Israel pero el gobierno sionista en lugar de entrar a Siria por la ahora desprotegida zona del Gol\u00e1n, est\u00e1 levantando un muro en dicha frontera por temor a un avance de los rebeldes sirios una vez que caiga Al Assad. Han llegado a decir que los videos de las matanzas del ejercito oficial son montajes de cine rodados en maquetas en Qatar, un argumento rid\u00edculo e inveros\u00edmil ya que son miles los videos que a diario se riegan por el mundo a trav\u00e9s de Internet y las redes sociales, registrados por cientos de medios de prensa de todo el mundo y por activistas independientes de Siria.<\/p>\n<p>&nbsp;<\/p>\n<p><strong>\u00a1Por el triunfo de la heroica resistencia del pueblo Sirio!<\/strong><\/p>\n<p><strong>\u00a1Fuera Bashar Al Assad!<\/strong><\/p>\n<p><strong>\u00a1No a cualquier intervenci\u00f3n imperialista pol\u00edtica o militar!<\/strong><\/p>\n<p><strong>\u00a1Expulsi\u00f3n de los embajadores de Siria en todos los pa\u00edses del mundo!<\/strong><\/p>\n<div id=\"yiv1695047597yui_3_2_0_15_134332384422040\">\n<hr \/>\n<\/div>\n<div id=\"yiv1695047597yui_3_2_0_15_134332384422040\"><a id=\"yui_3_2_0_1_1343422250643181\" rel=\"nofollow noopener\" target=\"_blank\" href=\"http:\/\/www.bbc.co.uk\/news\/world-middle-east-18991132\"><\/a><a href=\"http:\/\/www.bbc.co.uk\/news\/world-middle-east-18991132\">http:\/\/www.bbc.co.uk\/news\/world-middle-east-18991132<\/a>&nbsp;<\/div>\n<div id=\"yiv1695047597yui_3_2_0_15_134332384422040\"><a rel=\"nofollow noopener\" target=\"_blank\" href=\"http:\/\/www.elmundo.es\/elmundo\/2012\/07\/26\/internacional\/1343291689.html\"><\/a><a href=\"http:\/\/www.elmundo.es\/elmundo\/2012\/07\/26\/internacional\/1343291689.html\">http:\/\/www.elmundo.es\/elmundo\/2012\/07\/26\/internacional\/1343291689.html<\/a>&nbsp;<\/div>\n<div id=\"yiv1695047597yui_3_2_0_15_134332384422040\"><a style=\"font-size: 12pt;\" rel=\"nofollow noopener\" target=\"_blank\" href=\"http:\/\/www.latimes.com\/news\/nationworld\/world\/la-fg-syria-cia-20120725,0,6946873.story\" id=\"yiv1695047597yui_3_2_0_15_1343323844220118\"><\/a><a href=\"http:\/\/www.latimes.com\/news\/nationworld\/world\/la-fg-syria-cia-20120725,0,6946873.story\">http:\/\/www.latimes.com\/news\/nationworld\/world\/la-fg-syria-cia-20120725,0,6946873.story<\/a><\/div>\n<div id=\"yiv1695047597yui_3_2_0_15_134332384422040\"><a href=\"http:\/\/www.yalibnan.com\/2012\/07\/24\/another-syrian-ambassador-defects-to-opposition-2\/\">http:\/\/www.yalibnan.com\/2012\/07\/24\/another-syrian-ambassador-defects-to-opposition-2\/<\/a><\/div>\n<div id=\"yiv1695047597yui_3_2_0_15_134332384422040\"><a href=\"http:\/\/spanish.news.cn\/principales\/2012-07\/25\/c_131738610.htm\">http:\/\/spanish.news.cn\/principales\/2012-07\/25\/c_131738610.htm<\/a><a href=\"http:\/\/www.europapress.es\/internacional\/noticia-milicianos-ocupado-puestos-control-siria-turquia-son-grupos-afines-qaeda-20120725162607.html\"><\/a><\/div>\n<div id=\"yiv1695047597yui_3_2_0_15_134332384422040\"><a href=\"http:\/\/www.europapress.es\/internacional\/noticia-milicianos-ocupado-puestos-control-siria-turquia-son-grupos-afines-qaeda-20120725162607.html\">http:\/\/www.europapress.es\/internacional\/noticia-milicianos-ocupado-puestos-control-siria-turquia-son-grupos-afines-qaeda-20120725162607.html<\/a><\/div>\n<div><a href=\"http:\/\/www.europapress.es\/internacional\/noticia-milicianos-ocupado-puestos-control-siria-turquia-son-grupos-afines-qaeda-20120725162607.html\">http:\/\/es.sott.net\/articles\/show\/14809-Los-combates-en-Siria-entre-rebeldes-y-gobierno-que-todo-el-mundo-ve-en-la-TV-son-grabados-en-Qatar<\/a>&nbsp;<\/div>\n<p><strong><br \/><\/strong><\/p>\n","protected":false},"excerpt":{"rendered":"<p>Recopilaci\u00f3n de diferentes medios de prensa y agencias de noticias A los combates en la ciudad de Damasco, capital de Siria se le ha sumado en la \u00faltima semana una ofensiva rebelde muy importante en la ciudad de Aleppo, capital econ\u00f3mica del pa\u00eds. Se estima que los rebeldes ya controlan el 50% de Aleppo. La [&hellip;]<\/p>\n","protected":false},"author":1,"featured_media":319,"comment_status":"open","ping_status":"open","sticky":false,"template":"","format":"standard","meta":[],"categories":[18],"tags":[],"_links":{"self":[{"href":"https:\/\/uit-ci.org\/index.php\/wp-json\/wp\/v2\/posts\/322"}],"collection":[{"href":"https:\/\/uit-ci.org\/index.php\/wp-json\/wp\/v2\/posts"}],"about":[{"href":"https:\/\/uit-ci.org\/index.php\/wp-json\/wp\/v2\/types\/post"}],"author":[{"embeddable":true,"href":"https:\/\/uit-ci.org\/index.php\/wp-json\/wp\/v2\/users\/1"}],"replies":[{"embeddable":true,"href":"https:\/\/uit-ci.org\/index.php\/wp-json\/wp\/v2\/comments?post=322"}],"version-history":[{"count":0,"href":"https:\/\/uit-ci.org\/index.php\/wp-json\/wp\/v2\/posts\/322\/revisions"}],"wp:featuredmedia":[{"embeddable":true,"href":"https:\/\/uit-ci.org\/index.php\/wp-json\/wp\/v2\/media\/319"}],"wp:attachment":[{"href":"https:\/\/uit-ci.org\/index.php\/wp-json\/wp\/v2\/media?parent=322"}],"wp:term":[{"taxonomy":"category","embeddable":true,"href":"https:\/\/uit-ci.org\/index.php\/wp-json\/wp\/v2\/categories?post=322"},{"taxonomy":"post_tag","embeddable":true,"href":"https:\/\/uit-ci.org\/index.php\/wp-json\/wp\/v2\/tags?post=322"}],"curies":[{"name":"wp","href":"https:\/\/api.w.org\/{rel}","templated":true}]}}