{"id":3227,"date":"2019-07-19T19:08:36","date_gmt":"2019-07-19T19:08:36","guid":{"rendered":"http:\/\/uit-ci.org\/index.php\/2019\/07\/19\/puerto-rico-solidaridad-con-la-movilizacion-popular-fuera-el-gobernador-rosello\/"},"modified":"2019-07-19T19:08:36","modified_gmt":"2019-07-19T19:08:36","slug":"puerto-rico-solidaridad-con-la-movilizacion-popular-fuera-el-gobernador-rosello","status":"publish","type":"post","link":"https:\/\/uit-ci.org\/index.php\/2019\/07\/19\/puerto-rico-solidaridad-con-la-movilizacion-popular-fuera-el-gobernador-rosello\/","title":{"rendered":"Puerto Rico: Solidaridad con la movilizaci\u00f3n popular. \u00a1Fuera el gobernador Rosell\u00f3!"},"content":{"rendered":"<p style=\"text-align: center;\"><strong><em><span style=\"font-family: arial, helvetica, sans-serif; font-size: small;\"><img loading=\"lazy\" class=\" size-full wp-image-3226\" src=\"http:\/\/uit-ci.org\/wp-content\/uploads\/2019\/07\/sheymtd-1.jpg\" width=\"168\" height=\"204\" alt=\"sheymtd-1\" style=\"margin: 5px; vertical-align: middle;\" srcset=\"https:\/\/uit-ci.org\/wp-content\/uploads\/2019\/07\/sheymtd-1.jpg 463w, https:\/\/uit-ci.org\/wp-content\/uploads\/2019\/07\/sheymtd-1-248x300.jpg 248w\" sizes=\"(max-width: 168px) 100vw, 168px\" \/><\/span><\/em><\/strong><\/p>\n<p style=\"text-align: justify;\"><span style=\"font-family: arial, helvetica, sans-serif; font-size: small;\">En los \u00faltimos d\u00edas se filtraron conversaciones por Telegram, del gobernador Ricardo Rosell\u00f3 y varios funcionarios de su gobierno, lleno de comentarios machistas y homof\u00f3bicos, que desat\u00f3 una masiva movilizaci\u00f3n popular en las calles de San Juan, capital boricua.<\/span><\/p>\n<p>  <!--more-->  <\/p>\n<p style=\"text-align: justify;\"><span style=\"font-family: arial, helvetica, sans-serif; font-size: small;\">Miles salieron a las calles de la capital puertorique\u00f1a camino hacia el Capitolio, centro pol\u00edtico del pa\u00eds, exigiendo la renuncia del gobernador Ricardo Rosell\u00f3. Crece el repudio a la figura de Rosell\u00f3 por los casos de corrupci\u00f3n en su gobierno, sumado al esc\u00e1ndalo de los chats de Telegram.<\/span><\/p>\n<p style=\"text-align: justify;\"><strong><span style=\"font-family: arial, helvetica, sans-serif; font-size: small;\">Puerto Rico, un estado \u201casociado\u201d a EEUU<\/span><\/strong><\/p>\n<p style=\"text-align: justify;\"><span style=\"font-family: arial, helvetica, sans-serif; font-size: small;\">Puerto rico es uno de los dos Estados Libres Asociados a los Estados Unidos, con status de autogobierno, que es explotado por el imperialismo yanqui. La isla tiene una poblaci\u00f3n de m\u00e1s de 3 millones de personas, pero que producto de la crisis econ\u00f3mica y el desastre que dej\u00f3 el hurac\u00e1n Mar\u00eda, sigue descendiendo con un proceso de emigraci\u00f3n constante.<\/span><\/p>\n<p style=\"text-align: justify;\"><span style=\"font-family: arial, helvetica, sans-serif; font-size: small;\">Los puertorrique\u00f1os son ciudadanos estadounidenses desde 1917, pero ins\u00f3litamente no tiene los mismos derechos. El poder para ejercer su soberan\u00eda depende exclusivamente del congreso estadounidense. A lo largo de los a\u00f1os este proceso decant\u00f3 en la conformaci\u00f3n de distintas expresiones independentistas. Lucha que dej\u00f3 m\u00e1rtires, como el dirigente Filiberto Ojeda R\u00edos, que fue asesinado en 2005 por el FBI en un escandaloso operativo, que incluso fue televisado, lo que gener\u00f3 un repudio popular. El independentista, Oscar L\u00f3pez Rivera, luego de pasar 36 a\u00f1os detenido injustamente por el imperialismo, fue liberado en 2017 con grandes campa\u00f1as internacionales exigiendo su libertad.<\/span><\/p>\n<p style=\"text-align: justify;\"><strong><span style=\"font-family: arial, helvetica, sans-serif; font-size: small;\">Crisis econ\u00f3mica y cat\u00e1strofe<\/span><\/strong><\/p>\n<p style=\"text-align: justify;\"><span style=\"font-family: arial, helvetica, sans-serif; font-size: small;\">Luego del hurac\u00e1n Mar\u00eda, en 2017, la isla qued\u00f3 semi destruida. Cientos de miles de familias perdieron todo, m\u00e1s de 4 mil muertos, miles y miles de refugiados, un escenario devastador. Esta cat\u00e1strofe sumada a una fuerte recesi\u00f3n, que lleva m\u00e1s de una d\u00e9cada, hunde a\u00fan m\u00e1s en la crisis a Puerto Rico. Trump frena las ayudas econ\u00f3micas por cat\u00e1strofes, ya insuficientes, mof\u00e1ndose de las v\u00edctimas del hurac\u00e1n, en una disputa entre el gobierno de Rosell\u00f3 y la Casa Blanca.<\/span><\/p>\n<p style=\"text-align: justify;\"><span style=\"font-family: arial, helvetica, sans-serif; font-size: small;\">En la isla, m\u00e1s del 40% de la poblaci\u00f3n vive en la pobreza, los salarios son bajos y el costo de vida cada vez m\u00e1s elevado. La deuda externa del pa\u00eds asciende a 70 mil millones de d\u00f3lares. Deuda que se dej\u00f3 de pagar en 2015 para que luego el imperialismo yanqui intervenga desde su congreso para declarar la bancarrota de la isla y crear una junta de supervisi\u00f3n fiscal que maneje la econom\u00eda interna. Esta Junta es la que viene presionando al gobierno de Rosell\u00f3 para aplicar un plan de ajuste que comience con la reducci\u00f3n de las pensiones a empleados p\u00fablicos para sostener el pago de la deuda.<\/span><\/p>\n<p style=\"text-align: justify;\"><strong><span style=\"font-family: arial, helvetica, sans-serif; font-size: small;\">Miles en las calles<\/span><\/strong><\/p>\n<p style=\"text-align: justify;\"><span style=\"font-family: arial, helvetica, sans-serif; font-size: small;\">Los casos de corrupci\u00f3n abundan entre los funcionarios de Rosell\u00f3, incluso hace unas semanas atr\u00e1s fueron detenidos dos funcionarios por malversaci\u00f3n de fondos p\u00fablicos. Hecho que gener\u00f3 indignaci\u00f3n entre las y los puertorrique\u00f1os.<\/span><\/p>\n<p style=\"text-align: justify;\"><span style=\"font-family: arial, helvetica, sans-serif; font-size: small;\">En la \u00faltima semana se desat\u00f3 un nuevo esc\u00e1ndalo para el gobierno, al publicarse conversaciones de la plataforma Telegram entre Ricardo Rosell\u00f3 y varios de sus funcionarios. Chats que dieron lugar a denuncias por amenazas de muerte, discriminaci\u00f3n, machismo y homofobia.<\/span><\/p>\n<p style=\"text-align: justify;\"><span style=\"font-family: arial, helvetica, sans-serif; font-size: small;\">Estos esc\u00e1ndalos, la crisis econ\u00f3mica y con la isla semi destruida, aument\u00f3 la indignaci\u00f3n entre los puertorique\u00f1os, desatando grandes movilizaciones en los \u00faltimos d\u00edas, en la isla y en otras ciudades estadounidenses donde hay mayor cantidad de residentes que emigraron de la isla. Hasta celebridades puertorique\u00f1as se movilizaron, como los cantantes Ricky Martin, Ren\u00e9 P\u00e9rez (Calle 13), el cantante de trap Bad Bunny, y el actor Benicio del Toro, que encabezaron las manifestaciones. Y se hicieron eco, el regguetonero Daddy Yankee desde Miami en la entrega de los premios de juventud de Univisi\u00f3n, y otros artistas en las redes sociales, como Luis Fonsi y Wisin.<\/span><\/p>\n<p style=\"text-align: justify;\"><span style=\"font-family: arial, helvetica, sans-serif; font-size: small;\">M\u00e1s de 10 mil personas se movilizaron el pasado jueves por la noche, 18 de julio, hacia La Fortaleza, donde funciona el ejecutivo en San Juan, la capital puertorique\u00f1a, que encabezaron los artistas Ricky Martin y Ren\u00e9 P\u00e9rez. La polic\u00eda de Rosell\u00f3 atac\u00f3 a los manifestantes con una fuerte represi\u00f3n con gases lacrim\u00f3genos, donde hubo heridos y detenidos.<\/span><\/p>\n<p style=\"text-align: justify;\"><span style=\"font-family: arial, helvetica, sans-serif; font-size: small;\"><strong>Desde la Unidad Internacional de Trabajadoras y Trabajadores Cuarta Internacional (UIT-CI)<\/strong>, nos solidarizamos y llamamos a la solidaridad internacional con la movilizaci\u00f3n popular de las y los puertorrique\u00f1os, y denunciamos la represi\u00f3n que orden\u00f3 el gobierno. Por la renuncia de Ricardo Rosell\u00f3 y contra la Junta pro imperialista que quiere m\u00e1s ajuste sobre el pueblo puertorique\u00f1o. Por el no pago de la deuda externa, que ese dinero se destine a reactivar la econom\u00eda de la isla, por un plan de obras para generar trabajo y por la reconstrucci\u00f3n de las ciudades m\u00e1s afectadas por el hurac\u00e1n.<\/span><\/p>\n<p style=\"text-align: justify;\"><strong><span style=\"font-family: arial, helvetica, sans-serif; font-size: small;\">Fuera Rosell\u00f3, fuera la Junta y fuera Trump y el imperialismo yanqui.<\/span><\/strong><\/p>\n<p style=\"text-align: justify;\"><strong><span style=\"font-family: arial, helvetica, sans-serif; font-size: small;\">Por la independencia de Puerto Rico.<\/span><\/strong><\/p>\n<p style=\"text-align: justify;\"><strong><span style=\"font-family: arial, helvetica, sans-serif; font-size: small;\">UIT-CI 19\/07\/2019<\/span><\/strong><\/p>\n","protected":false},"excerpt":{"rendered":"<p>En los \u00faltimos d\u00edas se filtraron conversaciones por Telegram, del gobernador Ricardo Rosell\u00f3 y varios funcionarios de su gobierno, lleno de comentarios machistas y homof\u00f3bicos, que desat\u00f3 una masiva movilizaci\u00f3n popular en las calles de San Juan, capital boricua.<\/p>\n","protected":false},"author":1,"featured_media":3226,"comment_status":"open","ping_status":"open","sticky":false,"template":"","format":"standard","meta":[],"categories":[35],"tags":[],"_links":{"self":[{"href":"https:\/\/uit-ci.org\/index.php\/wp-json\/wp\/v2\/posts\/3227"}],"collection":[{"href":"https:\/\/uit-ci.org\/index.php\/wp-json\/wp\/v2\/posts"}],"about":[{"href":"https:\/\/uit-ci.org\/index.php\/wp-json\/wp\/v2\/types\/post"}],"author":[{"embeddable":true,"href":"https:\/\/uit-ci.org\/index.php\/wp-json\/wp\/v2\/users\/1"}],"replies":[{"embeddable":true,"href":"https:\/\/uit-ci.org\/index.php\/wp-json\/wp\/v2\/comments?post=3227"}],"version-history":[{"count":0,"href":"https:\/\/uit-ci.org\/index.php\/wp-json\/wp\/v2\/posts\/3227\/revisions"}],"wp:featuredmedia":[{"embeddable":true,"href":"https:\/\/uit-ci.org\/index.php\/wp-json\/wp\/v2\/media\/3226"}],"wp:attachment":[{"href":"https:\/\/uit-ci.org\/index.php\/wp-json\/wp\/v2\/media?parent=3227"}],"wp:term":[{"taxonomy":"category","embeddable":true,"href":"https:\/\/uit-ci.org\/index.php\/wp-json\/wp\/v2\/categories?post=3227"},{"taxonomy":"post_tag","embeddable":true,"href":"https:\/\/uit-ci.org\/index.php\/wp-json\/wp\/v2\/tags?post=3227"}],"curies":[{"name":"wp","href":"https:\/\/api.w.org\/{rel}","templated":true}]}}