{"id":3277,"date":"2019-09-02T18:51:39","date_gmt":"2019-09-02T18:51:39","guid":{"rendered":"http:\/\/uit-ci.org\/index.php\/2019\/09\/02\/gran-bretana-grandes-protestas-populares-por-disolucion-del-parlamento\/"},"modified":"2019-09-02T18:51:39","modified_gmt":"2019-09-02T18:51:39","slug":"gran-bretana-grandes-protestas-populares-por-disolucion-del-parlamento","status":"publish","type":"post","link":"https:\/\/uit-ci.org\/index.php\/2019\/09\/02\/gran-bretana-grandes-protestas-populares-por-disolucion-del-parlamento\/","title":{"rendered":"Gran Breta\u00f1a: Grandes protestas populares por disoluci\u00f3n del Parlamento"},"content":{"rendered":"<p style=\"text-align: justify;\"><strong><span style=\"font-family: arial, helvetica, sans-serif; font-size: small;\"><img loading=\"lazy\" class=\" alignleft size-full wp-image-3276\" src=\"http:\/\/uit-ci.org\/wp-content\/uploads\/2019\/09\/miles_de_personas_se_manifestaron_en_gran_bretana_contra_de_la_suspension_del_parlamento_britanico.jpg\" width=\"267\" height=\"150\" alt=\"miles de personas se manifestaron en gran bretana contra de la suspension del parlamento britanico\" style=\"margin: 5px; float: left;\" srcset=\"https:\/\/uit-ci.org\/wp-content\/uploads\/2019\/09\/miles_de_personas_se_manifestaron_en_gran_bretana_contra_de_la_suspension_del_parlamento_britanico.jpg 710w, https:\/\/uit-ci.org\/wp-content\/uploads\/2019\/09\/miles_de_personas_se_manifestaron_en_gran_bretana_contra_de_la_suspension_del_parlamento_britanico-300x169.jpg 300w, https:\/\/uit-ci.org\/wp-content\/uploads\/2019\/09\/miles_de_personas_se_manifestaron_en_gran_bretana_contra_de_la_suspension_del_parlamento_britanico-600x337.jpg 600w\" sizes=\"(max-width: 267px) 100vw, 267px\" \/>Gran Breta\u00f1a: Grandes protestas populares por disoluci\u00f3n del Parlamento<\/span><\/strong><\/p>\n<p style=\"text-align: justify;\"><span style=\"font-family: arial, helvetica, sans-serif; font-size: small;\">El primer ministro conservador, Boris Johnson, disolvi\u00f3 el Parlamento porque no se pone de acuerdo sobre el Brexit (salida de la Uni\u00f3n Europea).<\/span><\/p>\n<p>  <!--more-->  <\/p>\n<p style=\"text-align: justify;\"><span style=\"font-family: arial, helvetica, sans-serif; font-size: small;\"> Esto desencaden\u00f3 una enorme ola de protestas populares impulsadas por la izquierda laborista encabezada por Jeremy Corbyn. \u00abTenemos a un millonario elegido por un escaso margen que est\u00e1 encantado de explotar las fallas de nuestra defectuosa democracia para forzar un Brexit sin acuerdo y aliarse con Trump\u00bb, ha dicho la coordinadora nacional de Momentum (izquierda laborista), Laura Parker, a la vez que convocaba a sumarse a la manifestaci\u00f3n<\/span><\/p>\n","protected":false},"excerpt":{"rendered":"<p>Gran Breta\u00f1a: Grandes protestas populares por disoluci\u00f3n del Parlamento El primer ministro conservador, Boris Johnson, disolvi\u00f3 el Parlamento porque no se pone de acuerdo sobre el Brexit (salida de la Uni\u00f3n Europea).<\/p>\n","protected":false},"author":1,"featured_media":3276,"comment_status":"open","ping_status":"open","sticky":false,"template":"","format":"standard","meta":[],"categories":[35],"tags":[],"_links":{"self":[{"href":"https:\/\/uit-ci.org\/index.php\/wp-json\/wp\/v2\/posts\/3277"}],"collection":[{"href":"https:\/\/uit-ci.org\/index.php\/wp-json\/wp\/v2\/posts"}],"about":[{"href":"https:\/\/uit-ci.org\/index.php\/wp-json\/wp\/v2\/types\/post"}],"author":[{"embeddable":true,"href":"https:\/\/uit-ci.org\/index.php\/wp-json\/wp\/v2\/users\/1"}],"replies":[{"embeddable":true,"href":"https:\/\/uit-ci.org\/index.php\/wp-json\/wp\/v2\/comments?post=3277"}],"version-history":[{"count":0,"href":"https:\/\/uit-ci.org\/index.php\/wp-json\/wp\/v2\/posts\/3277\/revisions"}],"wp:featuredmedia":[{"embeddable":true,"href":"https:\/\/uit-ci.org\/index.php\/wp-json\/wp\/v2\/media\/3276"}],"wp:attachment":[{"href":"https:\/\/uit-ci.org\/index.php\/wp-json\/wp\/v2\/media?parent=3277"}],"wp:term":[{"taxonomy":"category","embeddable":true,"href":"https:\/\/uit-ci.org\/index.php\/wp-json\/wp\/v2\/categories?post=3277"},{"taxonomy":"post_tag","embeddable":true,"href":"https:\/\/uit-ci.org\/index.php\/wp-json\/wp\/v2\/tags?post=3277"}],"curies":[{"name":"wp","href":"https:\/\/api.w.org\/{rel}","templated":true}]}}