{"id":3278,"date":"2019-09-02T19:26:02","date_gmt":"2019-09-02T19:26:02","guid":{"rendered":"http:\/\/uit-ci.org\/index.php\/2019\/09\/02\/venezuela-non-a-la-menace-de-licenciement-contre-jose-bodas\/"},"modified":"2019-09-02T19:26:02","modified_gmt":"2019-09-02T19:26:02","slug":"venezuela-non-a-la-menace-de-licenciement-contre-jose-bodas","status":"publish","type":"post","link":"https:\/\/uit-ci.org\/index.php\/2019\/09\/02\/venezuela-non-a-la-menace-de-licenciement-contre-jose-bodas\/","title":{"rendered":"V\u00e9n\u00e9zuela : Non \u00e0 la menace de licenciement contre Jos\u00e9 Bodas !"},"content":{"rendered":"<p style=\"text-align: justify;\"><span style=\"font-size: medium;\"><strong><span style=\"font-family: arial, helvetica, sans-serif;\">V\u00e9n\u00e9zuela : Non \u00e0 la menace de licenciement contre Jos\u00e9 Bodas !<\/span><\/strong><\/span><\/p>\n<p style=\"text-align: justify;\"><span style=\"font-family: arial, helvetica, sans-serif; font-size: small;\">Selon certains r\u00e9seaux sociaux et autres moyens de diffusion la rumeur d&#8217;un \u00e9ventuel licenciement de Jos\u00e9 Bodas de PDVSA a commenc\u00e9 \u00e0 circuler. Bodas est un ouvrier de la raffinerie Puerto La Cruz, dans l&#8217;\u00c9tat d&#8217;Anzo\u00e1tegui, avec 31 ans de service dans notre principale industrie, op\u00e9rateur d&#8217;usine, et actuellement secr\u00e9taire g\u00e9n\u00e9ral de la F\u00e9d\u00e9ration unitaire des travailleurs p\u00e9troliers (FUTPV), \u00e9lu par les et travailleuses et travailleurs p\u00e9troliers, dans la liste du Courant Classiste, Unitaire, R\u00e9volutionnaire et Autonome.<\/span><\/p>\n<p>  <!--more-->  <\/p>\n<p style=\"text-align: justify;\"><span style=\"font-family: arial, helvetica, sans-serif; font-size: small;\">Bodas, avec les ouvriers de la raffinerie de Puerto la Cruz, est \u00e0 l\u2019origine de la confrontation \u00e0 la gr\u00e8ve-sabotage du p\u00e9trole en 2002, orchestr\u00e9e par la m\u00e9ritocratie de PDVSA, li\u00e9e aux partis des patrons et \u00e0 l&#8217;imp\u00e9rialisme am\u00e9ricain. Ces actions ont permis \u00e0 la raffinerie de Puerto La Cruz de ne pas s&#8217;arr\u00eater pendant les deux mois de gr\u00e8ve-sabotage.<\/span><\/p>\n<p style=\"text-align: justify;\"><span style=\"font-family: arial, helvetica, sans-serif; font-size: small;\">Il y a quelques semaines, il y a eu une menace directe contre le camarade Jos\u00e9 Bodas, selon l&#8217;argument qu&#8217;il n&#8217;avait pas son permis syndical \u00e0 jour ; cela a \u00e9t\u00e9 possible lorsque les permis \u00e9crits ont \u00e9t\u00e9 envoy\u00e9s aux directions respectives. Cependant, ces derniers jours, les rumeurs de son licenciement sont devenues de plus en plus insistantes.<\/span><\/p>\n<p style=\"text-align: justify;\"><span style=\"font-family: arial, helvetica, sans-serif; font-size: small;\">Jos\u00e9 Bodas est un dirigeant du Courant Classiste, Unitaire, R\u00e9volutionnaire et Autonome, qui a \u00e9t\u00e9 \u00e0 la t\u00eate de la d\u00e9fense des droits des travailleurs du p\u00e9trole, exigeant des salaires d\u00e9cents, luttant pour le respect de la convention collective, contre le facteur d&#8217;\u00e9quilibre 9030, d\u00e9fendant les droits des travailleurs sur la principale masse salariale, et tous les travailleurs et travailleuses de l&#8217;industrie p\u00e9troli\u00e8re.<\/span><\/p>\n<p style=\"text-align: justify;\"><span style=\"font-family: arial, helvetica, sans-serif; font-size: small;\">Avec de nombreux travailleurs combatifs et de classe dans notre industrie principale, Bodas a \u00e9t\u00e9 \u00e0 l&#8217;avant-garde en d\u00e9non\u00e7ant la situation de d\u00e9sastre op\u00e9rationnel dans laquelle se trouve PDVSA. De m\u00eame, il a d\u00e9nonc\u00e9 la direction bureaucratique du FUTPV, dirig\u00e9 par Wills Rangel, qui s&#8217;est agenouill\u00e9 devant le patron, avec la majorit\u00e9 de la direction. Ayant abandonn\u00e9 nos conventions collectives et tous nos droits, ils ont plong\u00e9 les travailleurs et travailleuses de PDVSA dans la mis\u00e8re la plus absolue gagnant des salaires de mis\u00e8re.<\/span><\/p>\n<p style=\"text-align: justify;\"><span style=\"font-family: arial, helvetica, sans-serif; font-size: small;\">Le camarade Bodas, avec Fran Luna, \u00e9galement dirigeant de FUTPV et de C-cura, sont reconnus au niveau national dans toutes les r\u00e9gions p\u00e9troli\u00e8res comme les combattants les plus constants pour les droits et revendications de la classe ouvri\u00e8re p\u00e9troli\u00e8re.<\/span><\/p>\n<p style=\"text-align: justify;\"><span style=\"font-family: arial, helvetica, sans-serif; font-size: small;\">Dans les r\u00e9gions, sur les grandes portes, dans tout le pays, dans les m\u00e9dias, dans les r\u00e9seaux sociaux, leur position a \u00e9t\u00e9 celle d&#8217;un engagement in\u00e9luctable envers les bases de la classe ouvri\u00e8re. Sa position politique a \u00e9t\u00e9 claire et transparente. Toujours guid\u00e9 face \u00e0 la n\u00e9cessit\u00e9 de maintenir l&#8217;ind\u00e9pendance politique des travailleurs vis-\u00e0-vis de toute sorte d&#8217;employeur, il n&#8217;a aucun lien avec les partis de l&#8217;opposition patronale dirig\u00e9e par Juan Guaid\u00f3 ; il a r\u00e9pudi\u00e9 publiquement l&#8217;ing\u00e9rence imp\u00e9rialiste et toute sorte d&#8217;ing\u00e9rence \u00e9trang\u00e8re dans nos affaires internes, mais il a aussi affront\u00e9 la politique du gouvernement national.<\/span><\/p>\n<p style=\"text-align: justify;\"><span style=\"font-family: arial, helvetica, sans-serif; font-size: small;\">Certains veulent soustraire Bodas du jeu politico-syndical parce que les dirigeants actuels de FUTPV sont conscients de ce que dans un nouveau processus \u00e9lectoral, ils perdraient probablement avec Bodas et le fer C-cure. En ce sens, nous savons qu&#8217;ils veulent le faire payer pour son engagement in\u00e9luctable envers les p\u00e9troliers et les p\u00e9troli\u00e8res. Toute action contre l&#8217;ex\u00e9cutif de FUTPV consisterait en repr\u00e9sailles pour sa position de lutte en faveur des revendications des travailleurs p\u00e9troliers.<\/span><\/p>\n<p style=\"text-align: justify;\"><span style=\"font-family: arial, helvetica, sans-serif; font-size: small;\">Le gouvernement national d\u00e9veloppe une politique de pers\u00e9cution des dirigeants syndicaux et des travailleurs qui luttent pour la d\u00e9fense de leurs droits. Cette criminalisation de la protestation est maintenant une pratique courante dans PDVSA, et dans toutes les entreprises publiques, ainsi que contre les diff\u00e9rents secteurs populaires qui se mobilisent pour leurs droits dans le pays.<\/span><\/p>\n<p style=\"text-align: justify;\"><span style=\"font-family: arial, helvetica, sans-serif; font-size: small;\">L&#8217;objectif est de continuer \u00e0 appliquer l&#8217;ensemble des mesures d&#8217;ajustement mises en \u0153uvre par le gouvernement depuis l&#8217;ann\u00e9e derni\u00e8re. C&#8217;est pourquoi, dans le PDVSA et dans d&#8217;autres institutions publiques, ils ont licenci\u00e9 des travailleurs, ont oblig\u00e9 \u00e0 prendre la retraite, ont prot\u00e9g\u00e9 des suspensions ill\u00e9gales dans des entreprises priv\u00e9es, ont criminalis\u00e9 et r\u00e9prim\u00e9 des paysans, des jeunes et des secteurs populaires qui luttent pour la nourriture et les services publics. N\u00e9anmoins, la volont\u00e9 de tous les travailleurs et travailleuses de lutter demeure intacte, et avec la mobilisation, nous vaincrons la tentative du gouvernement de faire taire nos revendications.<\/span><\/p>\n<p style=\"text-align: justify;\"><span style=\"font-family: arial, helvetica, sans-serif; font-size: small;\">Nous poursuivons notre engagement de lutte avec la classe des travailleurs, au-del\u00e0 des menaces. Nous serons aux grandes portes, sur les quais, dans les raffineries, dans les foreuses, dans les bureaux, dans toutes les zones \u00e0 c\u00f4t\u00e9 des travailleurs actifs et des retrait\u00e9s. Nous continuerons \u00e0 faire ce que nous avons toujours fait : lutter aux c\u00f4t\u00e9s de ceux d&#8217;en bas, avec les travailleurs et travailleuses, aux c\u00f4t\u00e9s de ceux qui luttent pour leurs droits.<\/span><\/p>\n<p style=\"text-align: justify;\"><span style=\"font-family: arial, helvetica, sans-serif; font-size: small;\">Nous devons r\u00e9pudier ces menaces contre Bodas, en ce sens, nous appelons les travailleurs p\u00e9troliers et tous les travailleurs du pays, y compris au niveau international, les dirigeants syndicaux et les dirigeants sociaux d\u00e9mocratiques \u00e0 rejeter ces menaces de licenciement contre Jos\u00e9 Bodas. Certains dirigeants syndicaux se sont d\u00e9j\u00e0 prononc\u00e9s contre ces menaces. Nous appelons \u00e9galement les dirigeants de FUTPV \u00e0 rejeter ces menaces et \u00e0 ne pas faire de ces rumeurs de licenciement une r\u00e9alit\u00e9.<\/span><\/p>\n<p style=\"text-align: justify;\"><span style=\"font-family: arial, helvetica, sans-serif; font-size: small;\">Courant Classiste, Unitaire, R\u00e9volutionnaire et Autonome (Ccura)<\/span><\/p>\n<p style=\"text-align: justify;\"><span style=\"font-family: arial, helvetica, sans-serif; font-size: small;\">Laclase.info, Caracas, 24-8-2019<\/span><\/p>\n<p style=\"text-align: justify;\"><span style=\"font-family: arial, helvetica, sans-serif; font-size: small;\"><a href=\"http:\/\/laclase.info\/\">http:\/\/laclase.info\/<\/a><\/span><\/p>\n<p style=\"text-align: center;\"><strong><span style=\"font-family: arial, helvetica, sans-serif; font-size: medium;\">Campagne internationale en d\u00e9fense de Jos\u00e9 Bodas<\/span><\/strong><\/p>\n<p style=\"text-align: justify;\"><span style=\"font-family: arial, helvetica, sans-serif; font-size: small;\">Les signataires ci-dessous nous r\u00e9affirmons notre rejet de la menace de licenciement du dirigeant syndical Jos\u00e9 Bodas, secr\u00e9taire g\u00e9n\u00e9ral de la F\u00e9d\u00e9ration Unitaire des P\u00e9troliers du V\u00e9n\u00e9zuela<\/span><\/p>\n","protected":false},"excerpt":{"rendered":"<p>V\u00e9n\u00e9zuela : Non \u00e0 la menace de licenciement contre Jos\u00e9 Bodas ! Selon certains r\u00e9seaux sociaux et autres moyens de diffusion la rumeur d&#8217;un \u00e9ventuel licenciement de Jos\u00e9 Bodas de PDVSA a commenc\u00e9 \u00e0 circuler. Bodas est un ouvrier de la raffinerie Puerto La Cruz, dans l&#8217;\u00c9tat d&#8217;Anzo\u00e1tegui, avec 31 ans de service dans notre [&hellip;]<\/p>\n","protected":false},"author":1,"featured_media":0,"comment_status":"open","ping_status":"open","sticky":false,"template":"","format":"standard","meta":[],"categories":[53],"tags":[],"_links":{"self":[{"href":"https:\/\/uit-ci.org\/index.php\/wp-json\/wp\/v2\/posts\/3278"}],"collection":[{"href":"https:\/\/uit-ci.org\/index.php\/wp-json\/wp\/v2\/posts"}],"about":[{"href":"https:\/\/uit-ci.org\/index.php\/wp-json\/wp\/v2\/types\/post"}],"author":[{"embeddable":true,"href":"https:\/\/uit-ci.org\/index.php\/wp-json\/wp\/v2\/users\/1"}],"replies":[{"embeddable":true,"href":"https:\/\/uit-ci.org\/index.php\/wp-json\/wp\/v2\/comments?post=3278"}],"version-history":[{"count":0,"href":"https:\/\/uit-ci.org\/index.php\/wp-json\/wp\/v2\/posts\/3278\/revisions"}],"wp:attachment":[{"href":"https:\/\/uit-ci.org\/index.php\/wp-json\/wp\/v2\/media?parent=3278"}],"wp:term":[{"taxonomy":"category","embeddable":true,"href":"https:\/\/uit-ci.org\/index.php\/wp-json\/wp\/v2\/categories?post=3278"},{"taxonomy":"post_tag","embeddable":true,"href":"https:\/\/uit-ci.org\/index.php\/wp-json\/wp\/v2\/tags?post=3278"}],"curies":[{"name":"wp","href":"https:\/\/api.w.org\/{rel}","templated":true}]}}