{"id":3310,"date":"2019-09-24T13:46:08","date_gmt":"2019-09-24T13:46:08","guid":{"rendered":"http:\/\/uit-ci.org\/index.php\/2019\/09\/24\/28s-dia-internacional-de-lucha-por-el-derecho-al-aborto-en-el-mundo\/"},"modified":"2019-09-24T13:46:08","modified_gmt":"2019-09-24T13:46:08","slug":"28s-dia-internacional-de-lucha-por-el-derecho-al-aborto-en-el-mundo","status":"publish","type":"post","link":"https:\/\/uit-ci.org\/index.php\/2019\/09\/24\/28s-dia-internacional-de-lucha-por-el-derecho-al-aborto-en-el-mundo\/","title":{"rendered":"28S: D\u00eda internacional de lucha por el derecho al aborto en el mundo"},"content":{"rendered":"<p style=\"text-align: center;\"><span style=\"font-size: medium;\"><strong><span style=\"font-family: arial, helvetica, sans-serif;\"><img loading=\"lazy\" class=\" alignleft size-full wp-image-3309\" src=\"http:\/\/uit-ci.org\/wp-content\/uploads\/2019\/09\/1532611065-march.jpg\" width=\"231\" height=\"130\" alt=\"1532611065-march\" style=\"margin: 5px; vertical-align: middle; float: left;\" srcset=\"https:\/\/uit-ci.org\/wp-content\/uploads\/2019\/09\/1532611065-march.jpg 1200w, https:\/\/uit-ci.org\/wp-content\/uploads\/2019\/09\/1532611065-march-300x169.jpg 300w, https:\/\/uit-ci.org\/wp-content\/uploads\/2019\/09\/1532611065-march-1024x576.jpg 1024w, https:\/\/uit-ci.org\/wp-content\/uploads\/2019\/09\/1532611065-march-768x432.jpg 768w, https:\/\/uit-ci.org\/wp-content\/uploads\/2019\/09\/1532611065-march-600x338.jpg 600w, https:\/\/uit-ci.org\/wp-content\/uploads\/2019\/09\/1532611065-march-750x422.jpg 750w, https:\/\/uit-ci.org\/wp-content\/uploads\/2019\/09\/1532611065-march-1140x641.jpg 1140w\" sizes=\"(max-width: 231px) 100vw, 231px\" \/><\/span><\/strong><\/span><\/p>\n<p style=\"text-align: center;\"><span style=\"font-size: medium;\"><strong><span style=\"font-family: arial, helvetica, sans-serif;\">Declaraci\u00f3n de la Unidad Internacional de Trabajadoras y Trabajadores-Cuarta Internacional (UIT-CI)<\/span><\/strong><\/span><\/p>\n<p style=\"text-align: justify;\"><strong><span style=\"font-family: arial, helvetica, sans-serif; font-size: small;\">28S: D\u00eda internacional de lucha por el derecho al aborto en el mundo<\/span><\/strong><\/p>\n<p style=\"text-align: justify;\"><span style=\"font-family: arial, helvetica, sans-serif; font-size: small;\">A nivel global, m\u00e1s de la mitad de las mujeres y personas con capacidad de gestar en edad reproductiva viven en pa\u00edses en donde el aborto est\u00e1 permitido ampliamente. Y en los \u00faltimos 25 a\u00f1os en la mayor\u00eda de los pa\u00edses del mundo las luchas feministas lograron arrancar conquistas importantes en favor de la legalizaci\u00f3n de este derecho. Pero la ilegalidad del aborto contin\u00faa siendo la principal causa de muerte evitable de las personas gestantes, la mayor\u00eda de ellas, trabajadoras, j\u00f3venes, migrantes y pobres. Esto produce estragos sobre la salud y el cuerpo cuando se realiza en las peores condiciones de la clandestinidad. Sin embargo, a pesar de las duras consecuencias que incluyen la c\u00e1rcel y hasta la muerte, las mujeres y personas con capacidad de gestar deciden seguir abortando como un derecho fundamental para decidir sobre su vida y sus cuerpos. Por eso, la marea verde de luchas por el derecho al aborto que en 2018 inund\u00f3 Argentina y se extendi\u00f3 a gran parte del mundo, hoy es m\u00e1s necesaria que nunca.<\/span><\/p>\n<p>  <!--more-->  <\/p>\n<p style=\"text-align: justify;\"><span style=\"font-family: arial, helvetica, sans-serif; font-size: small;\">El mapa mundial del aborto se\u00f1ala que el 5 % de las mujeres y personas con capacidad de gestar (90 millones) vive en pa\u00edses en los que est\u00e1 prohibido el derecho a la interrupci\u00f3n del embarazo, incluso cuando corre riesgo la vida de la mujer. Son 29 pa\u00edses, varios de ellos en Centroam\u00e9rica y presentan situaciones de extrema pobreza que exacerban el riesgo de vida de las mujeres, como en El Salvador, Honduras, Nicaragua, Jamaica, Hait\u00ed y Rep\u00fablica Dominicana. En estos pa\u00edses la situaci\u00f3n es terrible para las mujeres que sufren incluso violaciones y abortos espont\u00e1neos ya que terminan encarceladas y condenadas a penas de prisi\u00f3n de m\u00e1s de 30 a\u00f1os, como es el caso de Evelyn Hern\u00e1ndez, la joven salvadore\u00f1a que est\u00e1 peleando por su libertad efectiva. En Honduras hoy hay 42 presas por causas similares. Tambi\u00e9n est\u00e1 el caso de M\u00e9xico que, a pesar de que est\u00e1 legalizado en su capital, hay m\u00e1s de 700 mujeres presas.<\/span><\/p>\n<p style=\"text-align: justify;\"><span style=\"font-family: arial, helvetica, sans-serif; font-size: small;\">A su vez, el 22 por ciento de las mujeres y personas con capacidad de gestar (359 millones en edad f\u00e9rtil) viven en pa\u00edses donde solo est\u00e1 permitido el aborto cuando es para salvar la vida de la mujer. En total son 39 pa\u00edses. Mientras que el 14 por ciento de mujeres y personas con capacidad de gestar (237 millones) habita en donde es legal el aborto cuando corre riesgo la salud de la mujer. Son 56 pa\u00edses. El 23 por ciento de las mujeres y las personas con capacidad de gestar (386 millones), vive donde se puede abortar por razones sociales y econ\u00f3micas (14 pa\u00edses). Finalmente, el 36 por ciento de las mujeres y las personas con capacidad de gestar, el mayor porcentaje (590 millones), vive en territorios en donde es legal la interrupci\u00f3n voluntaria del embarazo. Se trata de 67 pa\u00edses, la amplia mayor\u00eda en Europa.<\/span><\/p>\n<p style=\"text-align: justify;\"><span style=\"font-family: arial, helvetica, sans-serif; font-size: small;\">Sin embargo, en pa\u00edses como Estados Unidos, Nicaragua y Polonia los gobiernos de Trump, Ortega y Duda han avanzado en la restricci\u00f3n del derecho al aborto no solo limitando la modalidad de acceso efectivo a las pr\u00e1cticas de aborto, sino incluso prohibiendo totalmente la pr\u00e1ctica en Nicaragua. Junto con estos gobiernos, distintos sectores fundamentalistas religiosos y antiderechos intentan impulsar legislaciones retr\u00f3gradas que pretenden otorgar derechos personal\u00edsimos a los fetos para avanzar sobre los derechos de las mujeres y personas gestantes. En panam\u00e1, Per\u00fa, Brasil y otros pa\u00edses, las bancadas parlamentarias religiosas han presentado ya proyectos de ley en este sentido. Y en pa\u00edses en donde el aborto es legal desde hace d\u00e9cadas como en Italia o el Estado Espa\u00f1ol, los fundamentalistas religiosos se meten en la educaci\u00f3n y la salud para formar m\u00e9dicos\/as, enfermeros\/as y otros\/as profesionales antiderechos y dirigir hospitales y centros de salud declarados objetores de conciencia que niegan nuestras vidas al no realizar la pr\u00e1ctica. Con el Vaticano y el Papa Francisco a la cabeza, levantan la campa\u00f1a contra la formaci\u00f3n en educaci\u00f3n sexual y rechazan el uso de preservativos. Mientras tanto, miran para otro lado frente a las miles de causas de pedofilia dentro de la Iglesia que salen a la luz diariamente en todo el mundo.<\/span><\/p>\n<p style=\"text-align: justify;\"><span style=\"font-family: arial, helvetica, sans-serif; font-size: small;\">Por eso ha sido un gran avance la legalizaci\u00f3n del aborto en Irlanda en 2018, un pa\u00eds con una gran poblaci\u00f3n cat\u00f3lica. Pero tambi\u00e9n resulta fundamental el avance en la movilizaci\u00f3n que reclama en pa\u00edses como Argentina la inmediata separaci\u00f3n de la Iglesia Cat\u00f3lica del Estado para que deje de financiarse a esta retr\u00f3grada instituci\u00f3n.<\/span><\/p>\n<p style=\"text-align: justify;\"><span style=\"font-family: arial, helvetica, sans-serif; font-size: small;\">Este 28 de septiembre, d\u00eda internacional por el derecho al aborto, no puede ser un d\u00eda m\u00e1s. Estamos en medio de una oleada mundial de luchas del movimiento de mujeres y feminista que se rebela contra los femicidios, las violaciones, la violencia machista, la discriminaci\u00f3n laboral y el acoso sexual y que, incluso, sale a la calle para, con el conjunto de la clase trabajadora, rechazar los planes de ajuste y las reformar laborales y previsionales que los gobiernos capitalistas nos quieren imponer junto con el FMI. Esas reformas que atacan m\u00e1s profundamente a las mujeres y a la juventud. Por eso, seguir peleando por el derecho al aborto legal, seguro y gratuito, por la inmediata separaci\u00f3n de las iglesias de los Estados, es una tarea fundamental que tenemos que llevar adelante las trabajadoras del mundo. Ni un paso atr\u00e1s con el aborto legal. A las calles por nuestros derechos.<\/span><\/p>\n<p style=\"text-align: center;\"><span style=\"font-size: medium;\"><strong><span style=\"font-family: arial, helvetica, sans-serif;\">Unidad Internacional de Trabajadoras y Trabajadores-Cuarta Internacional<\/span><\/strong><\/span><br \/><span style=\"font-size: medium;\"><strong><span style=\"font-family: arial, helvetica, sans-serif;\">(UIT-CI)<\/span><\/strong><\/span><br \/><span style=\"font-size: medium;\"><strong><span style=\"font-family: arial, helvetica, sans-serif;\">24 de setiembre de 2019<\/span><\/strong><\/span><\/p>\n<p style=\"text-align: left;\"><a href=\"index.php\/news-a-documents\/2359-28s-international-day-of-struggle-for-the-right-to-abortion-in-the-world\"><span style=\"font-size: small;\"><span style=\"font-family: arial, helvetica, sans-serif;\">(read in english)<\/span><\/span><\/a><\/p>\n","protected":false},"excerpt":{"rendered":"<p>Declaraci\u00f3n de la Unidad Internacional de Trabajadoras y Trabajadores-Cuarta Internacional (UIT-CI) 28S: D\u00eda internacional de lucha por el derecho al aborto en el mundo A nivel global, m\u00e1s de la mitad de las mujeres y personas con capacidad de gestar en edad reproductiva viven en pa\u00edses en donde el aborto est\u00e1 permitido ampliamente. Y en [&hellip;]<\/p>\n","protected":false},"author":1,"featured_media":3309,"comment_status":"open","ping_status":"open","sticky":false,"template":"","format":"standard","meta":[],"categories":[60],"tags":[],"_links":{"self":[{"href":"https:\/\/uit-ci.org\/index.php\/wp-json\/wp\/v2\/posts\/3310"}],"collection":[{"href":"https:\/\/uit-ci.org\/index.php\/wp-json\/wp\/v2\/posts"}],"about":[{"href":"https:\/\/uit-ci.org\/index.php\/wp-json\/wp\/v2\/types\/post"}],"author":[{"embeddable":true,"href":"https:\/\/uit-ci.org\/index.php\/wp-json\/wp\/v2\/users\/1"}],"replies":[{"embeddable":true,"href":"https:\/\/uit-ci.org\/index.php\/wp-json\/wp\/v2\/comments?post=3310"}],"version-history":[{"count":0,"href":"https:\/\/uit-ci.org\/index.php\/wp-json\/wp\/v2\/posts\/3310\/revisions"}],"wp:featuredmedia":[{"embeddable":true,"href":"https:\/\/uit-ci.org\/index.php\/wp-json\/wp\/v2\/media\/3309"}],"wp:attachment":[{"href":"https:\/\/uit-ci.org\/index.php\/wp-json\/wp\/v2\/media?parent=3310"}],"wp:term":[{"taxonomy":"category","embeddable":true,"href":"https:\/\/uit-ci.org\/index.php\/wp-json\/wp\/v2\/categories?post=3310"},{"taxonomy":"post_tag","embeddable":true,"href":"https:\/\/uit-ci.org\/index.php\/wp-json\/wp\/v2\/tags?post=3310"}],"curies":[{"name":"wp","href":"https:\/\/api.w.org\/{rel}","templated":true}]}}