{"id":3313,"date":"2019-09-25T14:54:32","date_gmt":"2019-09-25T14:54:32","guid":{"rendered":"http:\/\/uit-ci.org\/index.php\/2019\/09\/25\/continua-la-historica-huelga-de-general-motors-en-estados-unidos\/"},"modified":"2019-09-25T14:54:32","modified_gmt":"2019-09-25T14:54:32","slug":"continua-la-historica-huelga-de-general-motors-en-estados-unidos","status":"publish","type":"post","link":"https:\/\/uit-ci.org\/index.php\/2019\/09\/25\/continua-la-historica-huelga-de-general-motors-en-estados-unidos\/","title":{"rendered":"Contin\u00faa la hist\u00f3rica huelga de General Motors en Estados Unidos"},"content":{"rendered":"<p><strong><span style=\"font-family: arial, helvetica, sans-serif; font-size: medium;\"><img loading=\"lazy\" class=\" size-full wp-image-3312\" src=\"http:\/\/uit-ci.org\/wp-content\/uploads\/2019\/09\/216235w980.jpg\" width=\"225\" height=\"150\" alt=\"216235w980\" style=\"margin: 5px auto; vertical-align: middle; display: block;\" srcset=\"https:\/\/uit-ci.org\/wp-content\/uploads\/2019\/09\/216235w980.jpg 980w, https:\/\/uit-ci.org\/wp-content\/uploads\/2019\/09\/216235w980-300x200.jpg 300w, https:\/\/uit-ci.org\/wp-content\/uploads\/2019\/09\/216235w980-768x513.jpg 768w, https:\/\/uit-ci.org\/wp-content\/uploads\/2019\/09\/216235w980-600x400.jpg 600w, https:\/\/uit-ci.org\/wp-content\/uploads\/2019\/09\/216235w980-750x501.jpg 750w\" sizes=\"(max-width: 225px) 100vw, 225px\" \/>Contin\u00faa la hist\u00f3rica huelga de General Motors en Estados Unidos<\/span><\/strong><\/p>\n<p><strong><span style=\"font-family: arial, helvetica, sans-serif; font-size: small;\">Escribe Gabriel Massa<\/span><\/strong><\/p>\n<p><span style=\"font-family: arial, helvetica, sans-serif; font-size: small;\">La huelga de los casi 50.000 obreros de General Motors entr\u00f3 en su segunda semana. Es la primera huelga de la industria automotriz en los \u00faltimos 12 a\u00f1os y la m\u00e1s prolongada desde 1970. La lucha reivindica un ajuste salarial, la reapertura de plantas cerradas, la efectivizaci\u00f3n de los contratados y temporarios y el rechazo al aumento por el servicio m\u00e9dico, entre otros.<\/span><\/p>\n<p>  <!--more-->  <\/p>\n<p><span style=\"font-family: arial, helvetica, sans-serif; font-size: small;\">La huelga, que fue impuesta por la bronca de la base, es un verdadero desaf\u00edo a las pol\u00edticas ultraconservadoras del gobierno Trump que intenta flexibilizar los derechos laborales. A pesar de eso, fueron otras luchas exitosas las que alentaron esta huelga, como los empleados de cadenas de comidas r\u00e1pidas, los de hoteles y los docentes de varios estados que obtuvieron importantes aumentos salariales y m\u00e1s fondos para la educaci\u00f3n p\u00fablica.<\/span><\/p>\n<p><span style=\"font-family: arial, helvetica, sans-serif; font-size: small;\">El paro ha recibido el apoyo de los trabajadores de Ford y Fiat-Chrysler, que suman m\u00e1s de 100.000 trabajadores, y de trabajadores autopartistas de proveedoras de la GM en M\u00e9xico. La burocracia sindical de UAW, sin embargo, se niega a incorporar al paro a los trabajadores de las dem\u00e1s empresas del gremio bajo el pretexto que el acuerdo con la General Motors servir\u00e1 de referencia para cerrar los acuerdos con las dem\u00e1s empresas.<\/span><\/p>\n<p><span style=\"font-family: arial, helvetica, sans-serif; font-size: small;\">Seg\u00fan el estatuto del gremio, a partir del 15avo d\u00eda de paro, cada trabajador debe cobrar un \u201csalario\u201d de 250 d\u00f3lares semanales del fondo de huelga del sindicato. Desde la base ha surgido la exigencia de que el sindicato aumente esa ayuda a 750 d\u00f3lares semanales. Y desconfiados con la direcci\u00f3n sindical, avisaron que se rechazar\u00e1 cualquier intento de la burocracia de acordar por menos de lo que se reclama.<\/span><\/p>\n<p><span style=\"font-family: arial, helvetica, sans-serif; font-size: small;\">Sin duda estamos ante un conflicto de grandes proporciones. De un lado una de las mayores empresas multinacionales del mundo, amparada por las pol\u00edticas anti obreras de un gobierno ultra reaccionario, de otro, la fuerza de los trabajadores tratando de superar las trabas impuestas por una direcci\u00f3n sindical burocr\u00e1tica. Un triunfo de los trabajadores, servir\u00e1 de aliento para amplios sectores de trabajadores. Por eso, comprometemos toda nuestra solidaridad con esta importante lucha.<\/span><\/p>\n","protected":false},"excerpt":{"rendered":"<p>Contin\u00faa la hist\u00f3rica huelga de General Motors en Estados Unidos Escribe Gabriel Massa La huelga de los casi 50.000 obreros de General Motors entr\u00f3 en su segunda semana. Es la primera huelga de la industria automotriz en los \u00faltimos 12 a\u00f1os y la m\u00e1s prolongada desde 1970. La lucha reivindica un ajuste salarial, la reapertura [&hellip;]<\/p>\n","protected":false},"author":1,"featured_media":3312,"comment_status":"open","ping_status":"open","sticky":false,"template":"","format":"standard","meta":[],"categories":[35],"tags":[],"_links":{"self":[{"href":"https:\/\/uit-ci.org\/index.php\/wp-json\/wp\/v2\/posts\/3313"}],"collection":[{"href":"https:\/\/uit-ci.org\/index.php\/wp-json\/wp\/v2\/posts"}],"about":[{"href":"https:\/\/uit-ci.org\/index.php\/wp-json\/wp\/v2\/types\/post"}],"author":[{"embeddable":true,"href":"https:\/\/uit-ci.org\/index.php\/wp-json\/wp\/v2\/users\/1"}],"replies":[{"embeddable":true,"href":"https:\/\/uit-ci.org\/index.php\/wp-json\/wp\/v2\/comments?post=3313"}],"version-history":[{"count":0,"href":"https:\/\/uit-ci.org\/index.php\/wp-json\/wp\/v2\/posts\/3313\/revisions"}],"wp:featuredmedia":[{"embeddable":true,"href":"https:\/\/uit-ci.org\/index.php\/wp-json\/wp\/v2\/media\/3312"}],"wp:attachment":[{"href":"https:\/\/uit-ci.org\/index.php\/wp-json\/wp\/v2\/media?parent=3313"}],"wp:term":[{"taxonomy":"category","embeddable":true,"href":"https:\/\/uit-ci.org\/index.php\/wp-json\/wp\/v2\/categories?post=3313"},{"taxonomy":"post_tag","embeddable":true,"href":"https:\/\/uit-ci.org\/index.php\/wp-json\/wp\/v2\/tags?post=3313"}],"curies":[{"name":"wp","href":"https:\/\/api.w.org\/{rel}","templated":true}]}}