{"id":3362,"date":"2019-10-25T17:26:26","date_gmt":"2019-10-25T17:26:26","guid":{"rendered":"http:\/\/uit-ci.org\/index.php\/2019\/10\/25\/ni-evo-morales-ni-carlos-mesa-representan-intereses-del-pueblo-trabajador\/"},"modified":"2019-10-25T17:26:26","modified_gmt":"2019-10-25T17:26:26","slug":"ni-evo-morales-ni-carlos-mesa-representan-intereses-del-pueblo-trabajador","status":"publish","type":"post","link":"https:\/\/uit-ci.org\/index.php\/2019\/10\/25\/ni-evo-morales-ni-carlos-mesa-representan-intereses-del-pueblo-trabajador\/","title":{"rendered":"Ni Evo Morales ni Carlos Mesa representan intereses del pueblo trabajador"},"content":{"rendered":"<p style=\"text-align: justify;\"><em><span style=\"font-family: arial, helvetica, sans-serif; font-size: small;\">Ante un r\u00e9gimen pol\u00edtico fraudulento, siempre se han burlado del voto popular<\/span><\/em><\/p>\n<p style=\"text-align: center;\"><span style=\"font-size: medium;\"><strong><span style=\"font-family: arial, helvetica, sans-serif;\">Ni Evo Morales ni Carlos Mesa representan intereses del pueblo trabajador<\/span><\/strong><\/span><\/p>\n<p style=\"text-align: justify;\"><strong><span style=\"font-family: arial, helvetica, sans-serif; font-size: small;\"><img loading=\"lazy\" class=\" alignleft size-full wp-image-3361\" src=\"http:\/\/uit-ci.org\/wp-content\/uploads\/2019\/10\/ggglpz25-bolivia-election_10813722_20191023130751.jpg\" width=\"244\" height=\"139\" alt=\"ggglpz25-bolivia-election 10813722 20191023130751\" style=\"margin: 5px; float: left;\" \/>Por una alternativa pol\u00edtica de los trabajadores para luchar para gobernar con nuestras organizaciones de base.<\/span><\/strong><\/p>\n<p style=\"text-align: justify;\"><span style=\"font-family: arial, helvetica, sans-serif; font-size: small;\">La oposici\u00f3n electoral de la derecha tradicional que respalda la candidatura presidencial de Carlos Mesa, con el apoyo de Comit\u00e9s C\u00edvicos de varios Departamentos, el CONADE y otras organizaciones han lanzado un paro c\u00edvico nacional y est\u00e1n impulsando marchas y bloqueos denunciando un fraude electoral, con la exigencia de que se habilite la segunda vuelta electoral.<\/span><\/p>\n<p>  <!--more-->  <\/p>\n<p style=\"text-align: justify;\"><span style=\"font-family: arial, helvetica, sans-serif; font-size: small;\">Protestas masivas se est\u00e1n registrando en las principales ciudades y expresan no solo indignaci\u00f3n por un posible fraude, sino en enorme descontento contra el gobierno de Evo Morales y el MAS.<\/span><\/p>\n<p style=\"text-align: justify;\"><span style=\"font-family: arial, helvetica, sans-serif; font-size: small;\">Gran parte del voto popular por Mesa fue s\u00f3lo una expresi\u00f3n de voto castigo al gobierno del MAS. Que comprendemos, pero no compartimos. Y gran parte del voto de trabajadores, sectores populares, campesinos e ind\u00edgenas a Evo Morales fue por la total desconfianza que inspira Mesa en la mayor parte del pueblo trabajador que consideran que puede ser peor. Es decir, se vot\u00f3 por el \u201cmenos malo\u201d, sin que hubiera alternativas que expresaran los intereses y demandas del pueblo trabajador, ni de la defensa del medio ambiente, ni de las mujeres trabajadoras, no la de los pueblos ind\u00edgenas.<\/span><\/p>\n<p style=\"text-align: justify;\"><span style=\"font-family: arial, helvetica, sans-serif; font-size: small;\">Este descontento y desconfianza est\u00e1 totalmente justificada por la historia reciente. Ni Evo Morales ni Carlos Mesa representan intereses del pueblo trabajador. Ambos han gobernado durante a\u00f1os al servicio de transnacionales, patrones y oligarcas.<\/span><\/p>\n<p style=\"text-align: justify;\"><span style=\"font-family: arial, helvetica, sans-serif; font-size: small;\">Mesa como vicepresidente de Goni S\u00e1nchez de Losada hasta pocos d\u00edas antes de su ca\u00edda, fue corresponsable de sus pol\u00edticas neoliberales de despidos, privatizaciones y corrupci\u00f3n a favor de transnacionales, agronegocio y grandes empresarios, y contra los trabajadores. Tambi\u00e9n fue corresponsable de la violenta represi\u00f3n tanto en El Alto como en febrero negro y otras.<\/span><\/p>\n<p style=\"text-align: justify;\"><span style=\"font-family: arial, helvetica, sans-serif; font-size: small;\">Evo Morales utiliz\u00f3 el doble discurso, \u201cpopular, antiimperialista, socialista y defensor de la Pachamama\u201d. Pero hizo todo lo contrario. Gobern\u00f3 14 a\u00f1os, y pese a estar beneficiado el pa\u00eds con altos precios de los hidrocarburos, no elimin\u00f3 la pobreza campesina, ni la precariedad laboral, est\u00e1 descargando impuestazos contra el pueblo, consolid\u00f3 la propiedad de la tierra de grandes oligarcas, y fue el m\u00e1ximo depredador del medio ambiente, como se vio recientemente en la Chiquitan\u00eda, y est\u00e1 hundido en la corrupci\u00f3n para beneficiar sus propios bolsillos y por favorecer a la agroindustria y transnacionales. Someti\u00f3 a las organizaciones, comenzando por la COB y reprimi\u00f3 a las que no logr\u00f3 someter, como fueron los casos, entre otros de Yungas (siguen presos sus m\u00e1ximos dirigentes como Franclin Guti\u00e9rrez y Sergio Pampa y otros), y Achacachi.<\/span><\/p>\n<p style=\"text-align: justify;\"><span style=\"font-family: arial, helvetica, sans-serif; font-size: small;\">El verdadero fraude contra el pueblo comenz\u00f3 mucho antes y es un r\u00e9gimen pol\u00edtico dominado por un grupo de partidos pol\u00edticos de los ricos custodiados por sus Fuerzas Armadas. La ley de partidos, reformada el a\u00f1o pasado, excluy\u00f3 a cualquier posibilidad de alternativa electoral del pueblo trabajador. El Partido de los Trabajadores fue imposibilitado de lograr su legalidad, igualmente quedaron excluidas otras alternativas populares como los yungue\u00f1os que expresaron su intenci\u00f3n de presentar la candidatura de Franclin Guti\u00e9rrez, que cumpli\u00f3 14 meses de prisi\u00f3n con acusaciones sin pruebas. Tambi\u00e9n se anularon las posibilidades de representaciones ind\u00edgenas.<\/span><\/p>\n<p style=\"text-align: justify;\"><span style=\"font-family: arial, helvetica, sans-serif; font-size: small;\">Carlos Mesa y la oposici\u00f3n pol\u00edtica aceptaron esa ley de partidos, que fue la preparaci\u00f3n del fraude contra el pueblo. Aceptaron adem\u00e1s la repostulaci\u00f3n de Evo Morales burlando el voto popular del refer\u00e9ndum del 21F del 2016.<\/span><\/p>\n<p style=\"text-align: justify;\"><span style=\"font-family: arial, helvetica, sans-serif; font-size: small;\">Las denuncias de fraude, expresan una leg\u00edtima desconfianza en un gobierno que ha mentido sistem\u00e1ticamente y no tiene escr\u00fapulos en realizar cualquier trampa y ocultaci\u00f3n de datos. Sin embargo, tambi\u00e9n es un hecho f\u00e1cilmente verificable, que la mayor\u00eda del pueblo trabajador, obreros, campesinos e ind\u00edgenas, ha votado por Evo Morales, pese a su profundo descontento con su gobierno, por su repudio a Carlos Mesa, por su pasado y representar a la vieja derecha, incluso a terratenientes cruce\u00f1os como su propio candidato a vicepresidente Gustavo Pedraza. Y por no existir una alternativa electoral que defienda sus intereses.<\/span><\/p>\n<p style=\"text-align: justify;\"><span style=\"font-family: arial, helvetica, sans-serif; font-size: small;\">Como lo muestran las rebeliones populares en Ecuador y Chile, asi como las huelgas en Venezuela y otros pa\u00edses, estamos frente a una crisis y ataque capitalista, de las multinacionales y el FMI, a nuestras condiciones de vida y trabajo, que intentar\u00e1n seguir aplicando en Bolivia con un futuro gobierno capitalista, con m\u00e1s impuestazos, tarifazos, devaluaci\u00f3n de la moneda, sea con Evo Morales o Carlos Mesa. Para enfrentar esta amenaza debemos unirnos y prepararnos a luchar en defensa de nuestra vida, familias, derechos y trabajo.<\/span><\/p>\n<p style=\"text-align: justify;\"><span style=\"font-family: arial, helvetica, sans-serif; font-size: small;\">Ante estos hechos ARPT declara<\/span><\/p>\n<p style=\"text-align: justify;\"><span style=\"font-family: arial, helvetica, sans-serif; font-size: small;\">1) No apoyamos los \u201cparos c\u00edvicos\u201d y otras manifestaciones cuyo objetivo es la \u201csegunda vuelta\u201d electoral, que en realidad son s\u00f3lo un apoyo a la candidatura de Carlos Mesa. Tampoco las marchas de cocaleros y otros sectores que dicen \u201cdefender el voto popular\u201d y lo que quieren es defender es al gobierno masista.<\/span><\/p>\n<p style=\"text-align: justify;\"><span style=\"font-family: arial, helvetica, sans-serif; font-size: small;\">2) S\u00ed apoyamos, consideramos justos y necesarios los movimientos populares, inclu\u00eddos bloqueos, manifestaciones callejeras o paros, para enfrentar al gobierno masista en base a la defensa de derechos democr\u00e1ticos y demandas populares, como el caso del COMCIPO potosinista y su defensa del litio; el pliego de demandas de la COD y Comit\u00e9 Civico de Chuquisaca; del magisterio de La Paz y Cochabamba; la movilizaci\u00f3n de estudiantes de la UMSS para echar al masista rector Juan R\u00edos de Prado y su supuesta FUL fraudulenta; las demandas de los yungue\u00f1os de libertad a sus presos y defensa de su producci\u00f3n de hoja de coca; los movimiento en defensa de la Chiquitan\u00eda, Tariquia y otros territorios amenazados por agroindustria capitalista y miner\u00eda, la de la CSUTCB org\u00e1nica encabezada por Felipe Quispe para recuperar la organizaci\u00f3n campesina, la lucha por recuperar las organizaciones de los trabajadores echando a los bur\u00f3cratas sometidos al gobierno, la de los gremiales contra el impuestazo y tantos otros en el pa\u00eds.<\/span><\/p>\n<p style=\"text-align: justify;\"><span style=\"font-family: arial, helvetica, sans-serif; font-size: small;\">3) Contra el falso socialismo y corrupci\u00f3n de Evo Morales y el MAS, contra la vieja derecha siempre enemiga de los trabajadores, llamamos a la unidad a las organizaciones independientes de los trabajadores y de la verdadera izquierda, para construir una alternativa pol\u00edtica de los trabajadores para luchar por gobernar con nuestras organizaciones de base.<\/span><\/p>\n<p style=\"text-align: justify;\"><span style=\"font-family: arial, helvetica, sans-serif; font-size: small;\">4) Llamamos al COMCIPO de Potos\u00ed, al Comit\u00e9 C\u00edvico y la COD de Chuquisaca, a las organizaciones independientes del magisterio, a la CSUTCB Org\u00e1nica, a Adepcoca y Cofecay de Yungas, a convocar a la unidad de organizaciones para defender demandas populares, recuperar nuestras organizaciones, la unidad contra los planes de saqueo y ataque al pueblo trabajador que va a seguir aplicando Evo o Mesa cualquiera que pueda ganar en este fraude contra el pueblo trabajador.<\/span><\/p>\n<p style=\"text-align: justify;\"><span style=\"font-family: arial, helvetica, sans-serif; font-size: small;\">Alternativa Revolucionaria del Pueblo Trabajador (en el Partido de los Trabajadores)<\/span><br \/><span style=\"font-family: arial, helvetica, sans-serif; font-size: small;\">24 de octubre 2019<\/span><\/p>\n","protected":false},"excerpt":{"rendered":"<p>Ante un r\u00e9gimen pol\u00edtico fraudulento, siempre se han burlado del voto popular Ni Evo Morales ni Carlos Mesa representan intereses del pueblo trabajador Por una alternativa pol\u00edtica de los trabajadores para luchar para gobernar con nuestras organizaciones de base. La oposici\u00f3n electoral de la derecha tradicional que respalda la candidatura presidencial de Carlos Mesa, con [&hellip;]<\/p>\n","protected":false},"author":1,"featured_media":3361,"comment_status":"open","ping_status":"open","sticky":false,"template":"","format":"standard","meta":[],"categories":[60],"tags":[],"_links":{"self":[{"href":"https:\/\/uit-ci.org\/index.php\/wp-json\/wp\/v2\/posts\/3362"}],"collection":[{"href":"https:\/\/uit-ci.org\/index.php\/wp-json\/wp\/v2\/posts"}],"about":[{"href":"https:\/\/uit-ci.org\/index.php\/wp-json\/wp\/v2\/types\/post"}],"author":[{"embeddable":true,"href":"https:\/\/uit-ci.org\/index.php\/wp-json\/wp\/v2\/users\/1"}],"replies":[{"embeddable":true,"href":"https:\/\/uit-ci.org\/index.php\/wp-json\/wp\/v2\/comments?post=3362"}],"version-history":[{"count":0,"href":"https:\/\/uit-ci.org\/index.php\/wp-json\/wp\/v2\/posts\/3362\/revisions"}],"wp:featuredmedia":[{"embeddable":true,"href":"https:\/\/uit-ci.org\/index.php\/wp-json\/wp\/v2\/media\/3361"}],"wp:attachment":[{"href":"https:\/\/uit-ci.org\/index.php\/wp-json\/wp\/v2\/media?parent=3362"}],"wp:term":[{"taxonomy":"category","embeddable":true,"href":"https:\/\/uit-ci.org\/index.php\/wp-json\/wp\/v2\/categories?post=3362"},{"taxonomy":"post_tag","embeddable":true,"href":"https:\/\/uit-ci.org\/index.php\/wp-json\/wp\/v2\/tags?post=3362"}],"curies":[{"name":"wp","href":"https:\/\/api.w.org\/{rel}","templated":true}]}}