{"id":3379,"date":"2019-11-05T16:13:35","date_gmt":"2019-11-05T16:13:35","guid":{"rendered":"http:\/\/uit-ci.org\/index.php\/2019\/11\/05\/panama-no-a-la-reforma-constitucional-basta-de-represion-libertad-incondicional-de-detenidos-y-detenidas-por-luchar\/"},"modified":"2019-11-05T16:13:35","modified_gmt":"2019-11-05T16:13:35","slug":"panama-no-a-la-reforma-constitucional-basta-de-represion-libertad-incondicional-de-detenidos-y-detenidas-por-luchar","status":"publish","type":"post","link":"https:\/\/uit-ci.org\/index.php\/2019\/11\/05\/panama-no-a-la-reforma-constitucional-basta-de-represion-libertad-incondicional-de-detenidos-y-detenidas-por-luchar\/","title":{"rendered":"Panam\u00e1: \u00a1No a la reforma constitucional! \u00a1Basta de represi\u00f3n! \u00a1Libertad incondicional de detenidos y detenidas por luchar!"},"content":{"rendered":"<p style=\"text-align: center;\"><strong><span style=\"font-family: arial, helvetica, sans-serif; font-size: small;\">Panam\u00e1: \u00a1No a la reforma constitucional! \u00a1Basta de represi\u00f3n! \u00a1Libertad incondicional de detenidos y detenidas por luchar!<\/span><\/strong><\/p>\n<p><span style=\"font-family: arial, helvetica, sans-serif; font-size: small;\"><img loading=\"lazy\" class=\" alignleft size-full wp-image-3378\" src=\"http:\/\/uit-ci.org\/wp-content\/uploads\/2019\/11\/F4D71C79-4B18-43D0-AFB7-462FDCEC007F_w1023_s.jpg\" width=\"230\" height=\"160\" alt=\"F4D71C79-4B18-43D0-AFB7-462FDCEC007F w1023 s\" style=\"margin: 5px; float: left;\" \/>En medio de una oleada de movilizaciones populares en Am\u00e9rica Latina y el mundo, Panam\u00e1 se suma con varios d\u00edas de protesta contra un proyecto de reforma constitucional impulsada por el gobierno del presidente Laurentino Cortizo del Partido Revolucionario Democr\u00e1tico, torrijista, y aprobada por la Asamblea Nacional.<\/span><\/p>\n<p>  <!--more-->  <\/p>\n<p><span style=\"font-family: arial, helvetica, sans-serif; font-size: small;\">Esta reforma constitucional, que supuestamente pretende combatir la corrupci\u00f3n, s\u00f3lo busca darle m\u00e1s poder a la asamblea nacional y poner la Constituci\u00f3n al servicio del FMI y los organismos internacionales y sus paquetes de ajuste.<\/span><\/p>\n<p><span style=\"font-family: arial, helvetica, sans-serif; font-size: small;\">Un proyecto fuertemente repudiado, especialmente por la juventud, que inicialmente sale a defender la educaci\u00f3n p\u00fablica superior, ya que en su articulado pretend\u00eda subsidiar a las escuelas y universidades particulares. Esas reformas incluyen el camino tambi\u00e9n a la privatizaci\u00f3n de la salud y seguridad social, mayoritariamente en manos del estado, y que se mantiene y se reconocen como derechos para toda la poblaci\u00f3n, en la actual Constituci\u00f3n. La lucha tom\u00f3 un giro contra las y los antiderechos, cuando un diputado se\u00f1al\u00f3 que \u00aba la asamblea no pod\u00edan entrar los gays\u00bb ya que hab\u00edan aprobado la prohibici\u00f3n del matrimonio igualitario. Esta posici\u00f3n totalmente reaccionaria encendi\u00f3 la movilizaci\u00f3n y el sector estudiantil y juvenil, m\u00e1s la comunidad LGTBI, se manifestaron en la asamblea nacional y la Universidad Nacional de Panam\u00e1, donde fueron fuertemente reprimidos, dejando heridos casi 100 detenidas y detenidos, a lo largo de las manifestaciones.<\/span><\/p>\n<p><span style=\"font-family: arial, helvetica, sans-serif; font-size: small;\">Nuestras compa\u00f1eras y compa\u00f1eros de Propuesta Socialista, secci\u00f3n paname\u00f1a de la UIT-CI, se sumaron a las manifestaciones para repudiar esta reforma antipopular y homof\u00f3bica, dando la pelea en la calle viendo el camino de Chile y Ecuador, que se levantan contra los gobiernos que s\u00f3lo quieren m\u00e1s ajuste y miseria para los trabajadores y sectores populares.<\/span><\/p>\n<p><span style=\"font-family: arial, helvetica, sans-serif; font-size: small;\">Desde la Unidad Internacional de Trabajadoras y Trabajadores Cuarta Internacional UIT-CI, nos solidarizamos con los reclamos, y rechazamos esta reforma, repudiamos la represi\u00f3n y detenciones y exigimos la inmediata libertad de los presos por luchar. Llamamos a los luchadores de latinoam\u00e9rica y el mundo a solidarizarse y apoyar la lucha del pueblo paname\u00f1o como todas las luchas que se vienen desarrollando en la regi\u00f3n y el mundo.<\/span><\/p>\n<p><span style=\"font-family: arial, helvetica, sans-serif; font-size: small;\">4 de noviembre 2019<\/span><\/p>\n","protected":false},"excerpt":{"rendered":"<p>Panam\u00e1: \u00a1No a la reforma constitucional! \u00a1Basta de represi\u00f3n! \u00a1Libertad incondicional de detenidos y detenidas por luchar! En medio de una oleada de movilizaciones populares en Am\u00e9rica Latina y el mundo, Panam\u00e1 se suma con varios d\u00edas de protesta contra un proyecto de reforma constitucional impulsada por el gobierno del presidente Laurentino Cortizo del Partido [&hellip;]<\/p>\n","protected":false},"author":1,"featured_media":3378,"comment_status":"open","ping_status":"open","sticky":false,"template":"","format":"standard","meta":[],"categories":[60],"tags":[],"_links":{"self":[{"href":"https:\/\/uit-ci.org\/index.php\/wp-json\/wp\/v2\/posts\/3379"}],"collection":[{"href":"https:\/\/uit-ci.org\/index.php\/wp-json\/wp\/v2\/posts"}],"about":[{"href":"https:\/\/uit-ci.org\/index.php\/wp-json\/wp\/v2\/types\/post"}],"author":[{"embeddable":true,"href":"https:\/\/uit-ci.org\/index.php\/wp-json\/wp\/v2\/users\/1"}],"replies":[{"embeddable":true,"href":"https:\/\/uit-ci.org\/index.php\/wp-json\/wp\/v2\/comments?post=3379"}],"version-history":[{"count":0,"href":"https:\/\/uit-ci.org\/index.php\/wp-json\/wp\/v2\/posts\/3379\/revisions"}],"wp:featuredmedia":[{"embeddable":true,"href":"https:\/\/uit-ci.org\/index.php\/wp-json\/wp\/v2\/media\/3378"}],"wp:attachment":[{"href":"https:\/\/uit-ci.org\/index.php\/wp-json\/wp\/v2\/media?parent=3379"}],"wp:term":[{"taxonomy":"category","embeddable":true,"href":"https:\/\/uit-ci.org\/index.php\/wp-json\/wp\/v2\/categories?post=3379"},{"taxonomy":"post_tag","embeddable":true,"href":"https:\/\/uit-ci.org\/index.php\/wp-json\/wp\/v2\/tags?post=3379"}],"curies":[{"name":"wp","href":"https:\/\/api.w.org\/{rel}","templated":true}]}}