{"id":3381,"date":"2019-11-06T15:25:40","date_gmt":"2019-11-06T15:25:40","guid":{"rendered":"http:\/\/uit-ci.org\/index.php\/2019\/11\/06\/viva-la-rebelion-de-los-pueblos-trabajadores-e-indigenas-de-ecuador-y-chile\/"},"modified":"2019-11-06T15:25:40","modified_gmt":"2019-11-06T15:25:40","slug":"viva-la-rebelion-de-los-pueblos-trabajadores-e-indigenas-de-ecuador-y-chile","status":"publish","type":"post","link":"https:\/\/uit-ci.org\/index.php\/2019\/11\/06\/viva-la-rebelion-de-los-pueblos-trabajadores-e-indigenas-de-ecuador-y-chile\/","title":{"rendered":"\u00a1Viva la rebeli\u00f3n de los pueblos trabajadores e ind\u00edgenas de Ecuador y Chile!"},"content":{"rendered":"<p><strong><span style=\"font-family: arial, helvetica, sans-serif; font-size: small;\"><img loading=\"lazy\" class=\" alignleft size-full wp-image-3380\" src=\"http:\/\/uit-ci.org\/wp-content\/uploads\/2019\/11\/protestas-ecuador-chile-300x175.jpg\" width=\"216\" height=\"126\" alt=\"protestas-ecuador-chile-300x175\" style=\"margin: 5px; float: left;\" \/>BOLET\u00cdN DE INFORMACIONES INTERNACIONALES\u00b7MARTES, 5 DE NOVIEMBRE DE 2019\u00b7<\/span><\/strong><\/p>\n<p><span style=\"font-family: arial, helvetica, sans-serif; font-size: small;\">Los abajo firmantes, dirigentes ind\u00edgenas, obreros, estudiantiles, populares de Latinoam\u00e9rica.<\/span><\/p>\n<p>  <!--more-->  <\/p>\n<p><span style=\"font-family: arial, helvetica, sans-serif; font-size: small;\">1) Las rebeliones populares de Ecuador y Chile, con toda su fuerza y hero\u00edsmo est\u00e1n dando un gran ejemplo a los trabajadores y pueblos ind\u00edgenas de Latinoam\u00e9rica y el mundo, de c\u00f3mo enfrentar a los planes de saqueo y ajustes de Trump, de las multinacionales y el FMI. Es un ejemplo adem\u00e1s de que es necesario enfrentar a los gobiernos que, m\u00e1s all\u00e1 de su discurso, sirven a estos capitalistas y aplican sus pol\u00edticas.<\/span><\/p>\n<p><span style=\"font-family: arial, helvetica, sans-serif; font-size: small;\">2) En Ecuador, en Chile y en la mayor\u00eda de los pa\u00edses latinoamericanos se intenta criminalizar la protesta social. En el caso de Ecuador dirigentes son acusados de \u201crebeli\u00f3n\u201d por ponerse al frente de la justa protesta de su pueblo.<\/span><\/p>\n<p><span style=\"font-family: arial, helvetica, sans-serif; font-size: small;\">3) Fuera el FMI y los planes de ajuste contra los trabajadores e ind\u00edgenas que nos condenan al hambre y destrucci\u00f3n social. No al pago de la deuda externa usuraria y fraudulenta, que s\u00f3lo benefici\u00f3 a una peque\u00f1a minor\u00eda de banqueros y oligarcas y que ahora quieren que paguen los pueblos.<\/span><\/p>\n<p><span style=\"font-family: arial, helvetica, sans-serif; font-size: small;\">4) La CONAIE, la gran organizaci\u00f3n ind\u00edgena del Ecuador, junto a otros pueblos ind\u00edgenas, afro ecuatorianos, trabajadores, estudiantes, gremios de agricultores, colectivos ciudadanos, sectores sociales, pueblos montubios, en total 182 organizaciones, han conformado el Parlamento de los Pueblos, que emiti\u00f3 una Propuesta de Plan Econ\u00f3mico. Un paso importante y un gran ejemplo de que los explotados, pueden construir agendas en com\u00fan de soberan\u00eda popular, y as\u00ed expulsar a las multinacionales, el FMI, y a sus gobiernos t\u00edteres.<\/span><\/p>\n<p><span style=\"font-family: arial, helvetica, sans-serif; font-size: small;\">5) Fuera las empresas multinacionales petroleras, mineras y agroindustriales capitalistas, que con sus planes extractivistas para maximizar sus ganancias destruyen nuestros bosques, agua y \u00e1reas agr\u00edcolas.<\/span><\/p>\n<p><span style=\"font-family: arial, helvetica, sans-serif; font-size: small;\">6) Emprenderemos campa\u00f1as en com\u00fan de difusi\u00f3n entre estudiantes, ind\u00edgenas, trabajadores, movimientos de mujeres, de la lucha ejemplar de los trabajadores e ind\u00edgenas de Ecuador y Chile.<\/span><\/p>\n<p><span style=\"font-family: arial, helvetica, sans-serif; font-size: small;\">7) Tambi\u00e9n campa\u00f1as de solidaridad y contra la criminalizaci\u00f3n de dirigentes ind\u00edgenas y populares en cada pa\u00eds.<\/span><\/p>\n<p><span style=\"font-family: arial, helvetica, sans-serif; font-size: small;\">\u2022Ecuador: Yaku P\u00e9rez Guartambel, Prefecto de Azuay, l\u00edder ind\u00edgena, ex presidente Ecurunari, integrante CONAIE; Guido Grijalva O. Director Nacional Colectivo Montecristi; Cristian Chavez, Presidente Feue Uce Federaci\u00f3n De Estudiantes Universitarios Del Ecuador Filial Quito<\/span><\/p>\n<p><span style=\"font-family: arial, helvetica, sans-serif; font-size: small;\">\u2022Per\u00fa: Enrique Fern\u00e1ndez Chac\u00f3n, ex diputado constituyente, dirigente de Unios y el Frente Amplio<\/span><\/p>\n<p><span style=\"font-family: arial, helvetica, sans-serif; font-size: small;\">\u2022Argentina: diputado Juan Carlos Giordano (Izquierda Socialista &#8211; FIT-U), obrera ferroviaria y diputada M\u00f3nica Schlotthauer (Izquierda Socialista -FIT-U), Rub\u00e9n \u201cPollo\u201d Sobrero, secretario general Uni\u00f3n Ferroviaria seccional Oeste Buenos Aires; Nicol\u00e1s Nu\u00f1ez, ex dirigente Federaci\u00f3n Universitaria Argentina, dirigente Juventud Izquierda Socialista.<\/span><\/p>\n<p><span style=\"font-family: arial, helvetica, sans-serif; font-size: small;\">\u2022Chile: Rainier R\u00edos Puebla, dirigente del Movimiento Socialista de los Trabajadores.<\/span><\/p>\n<p><span style=\"font-family: arial, helvetica, sans-serif; font-size: small;\">\u2022Brasil: Bab\u00e1 Jo\u00e3o Batista Oliveira de Ara\u00fajo, Concejal R\u00edo de Janeiro por CST\/PSOL.<\/span><\/p>\n<p><span style=\"font-family: arial, helvetica, sans-serif; font-size: small;\">\u2022Venezuela: Jos\u00e9 Bodas, secretario general de la Federaci\u00f3n Unitaria de Trabajadores Petroleros de Venezuela (FUTPV).<\/span><\/p>\n<p><span style=\"font-family: arial, helvetica, sans-serif; font-size: small;\">\u2022Bolivia: Gualberto Arenas, secretario general CSUTCB Genaro Flores (Confederaci\u00f3n Sindical Unica de Trabajadores Campesinos de Bolivia); Cristobal Huanca, Jiliri Apu Mallku Consejo de Ayllus y Markas del Qollasuyo &#8211; CONAMAQ Org\u00e1nico; Jer\u00f3nimo Hollman, delegado estudiantil al CEUB por la UMSS (Universidad Mayor San Sim\u00f3n, Cochabamba).<\/span><\/p>\n<p><span style=\"font-family: arial, helvetica, sans-serif; font-size: small;\">\u2022M\u00e9xico: Jes\u00fas Torres Nu\u00f1o, presidente de Cooperativa de Trabajadores Democr\u00e1ticos de Occidente (TRADOC).<\/span><\/p>\n<p><span style=\"font-family: arial, helvetica, sans-serif; font-size: small;\">\u2022Panam\u00e1: Priscila V\u00e1zquez, Presidenta de la Asociaci\u00f3n de trabajadores de la Caja Social de Salud<\/span><\/p>\n","protected":false},"excerpt":{"rendered":"<p>BOLET\u00cdN DE INFORMACIONES INTERNACIONALES\u00b7MARTES, 5 DE NOVIEMBRE DE 2019\u00b7 Los abajo firmantes, dirigentes ind\u00edgenas, obreros, estudiantiles, populares de Latinoam\u00e9rica.<\/p>\n","protected":false},"author":1,"featured_media":3380,"comment_status":"open","ping_status":"open","sticky":false,"template":"","format":"standard","meta":[],"categories":[60],"tags":[],"_links":{"self":[{"href":"https:\/\/uit-ci.org\/index.php\/wp-json\/wp\/v2\/posts\/3381"}],"collection":[{"href":"https:\/\/uit-ci.org\/index.php\/wp-json\/wp\/v2\/posts"}],"about":[{"href":"https:\/\/uit-ci.org\/index.php\/wp-json\/wp\/v2\/types\/post"}],"author":[{"embeddable":true,"href":"https:\/\/uit-ci.org\/index.php\/wp-json\/wp\/v2\/users\/1"}],"replies":[{"embeddable":true,"href":"https:\/\/uit-ci.org\/index.php\/wp-json\/wp\/v2\/comments?post=3381"}],"version-history":[{"count":0,"href":"https:\/\/uit-ci.org\/index.php\/wp-json\/wp\/v2\/posts\/3381\/revisions"}],"wp:featuredmedia":[{"embeddable":true,"href":"https:\/\/uit-ci.org\/index.php\/wp-json\/wp\/v2\/media\/3380"}],"wp:attachment":[{"href":"https:\/\/uit-ci.org\/index.php\/wp-json\/wp\/v2\/media?parent=3381"}],"wp:term":[{"taxonomy":"category","embeddable":true,"href":"https:\/\/uit-ci.org\/index.php\/wp-json\/wp\/v2\/categories?post=3381"},{"taxonomy":"post_tag","embeddable":true,"href":"https:\/\/uit-ci.org\/index.php\/wp-json\/wp\/v2\/tags?post=3381"}],"curies":[{"name":"wp","href":"https:\/\/api.w.org\/{rel}","templated":true}]}}