{"id":3383,"date":"2019-11-06T15:33:18","date_gmt":"2019-11-06T15:33:18","guid":{"rendered":"http:\/\/uit-ci.org\/index.php\/2019\/11\/06\/chile-y-la-consigna-asamblea-constituyente\/"},"modified":"2025-07-29T15:50:08","modified_gmt":"2025-07-29T15:50:08","slug":"chile-y-la-consigna-asamblea-constituyente","status":"publish","type":"post","link":"https:\/\/uit-ci.org\/index.php\/2019\/11\/06\/chile-y-la-consigna-asamblea-constituyente\/","title":{"rendered":"Chile y la consigna Asamblea Constituyente"},"content":{"rendered":"<p style=\"text-align: justify;\"><span style=\"font-family: arial, helvetica, sans-serif; font-size: small;\"><img loading=\"lazy\" class=\" alignleft size-full wp-image-3382\" style=\"margin: 5px; float: left;\" src=\"http:\/\/uit-ci.org\/wp-content\/uploads\/2019\/11\/AQ2BEURLNBG7FBV3HNGTXEM7DM.jpg\" alt=\"AQ2BEURLNBG7FBV3HNGTXEM7DM\" width=\"238\" height=\"144\" srcset=\"https:\/\/uit-ci.org\/wp-content\/uploads\/2019\/11\/AQ2BEURLNBG7FBV3HNGTXEM7DM.jpg 940w, https:\/\/uit-ci.org\/wp-content\/uploads\/2019\/11\/AQ2BEURLNBG7FBV3HNGTXEM7DM-300x182.jpg 300w, https:\/\/uit-ci.org\/wp-content\/uploads\/2019\/11\/AQ2BEURLNBG7FBV3HNGTXEM7DM-768x465.jpg 768w, https:\/\/uit-ci.org\/wp-content\/uploads\/2019\/11\/AQ2BEURLNBG7FBV3HNGTXEM7DM-600x363.jpg 600w, https:\/\/uit-ci.org\/wp-content\/uploads\/2019\/11\/AQ2BEURLNBG7FBV3HNGTXEM7DM-750x454.jpg 750w\" sizes=\"(max-width: 238px) 100vw, 238px\" \/><em>Mercedes Petit, dirigente de Izquierda Socialista\/UIT-CI, Argentina. 5\/11\/2019<\/em><\/span><\/p>\n<p style=\"text-align: justify;\"><span style=\"font-family: arial, helvetica, sans-serif; font-size: small;\">Siempre se dan debates en la izquierda sobre la utilizaci\u00f3n de esta consigna. En Chile el reclamo de una asamblea constituyente es muy sentido por las masas, y est\u00e1 presente en todas las movilizaciones. Esto es l\u00f3gico, ya que sigue vigente la constituci\u00f3n de 1980 impuesta por la dictadura de Pinochet. Nunca fue derogada, ni por los gobiernos de la derecha ni por los de la \u201cConcertaci\u00f3n\u201d, de la Democracia Cristiana y el Partido Socialista, que en el \u00faltimo gobierno sum\u00f3 al Partido Comunista.<\/span><\/p>\n<p><!--more--><\/p>\n<p style=\"text-align: justify;\"><span style=\"font-family: arial, helvetica, sans-serif; font-size: small;\">Por eso, el MST, secci\u00f3n de la UIT-CI en Chile, la levanta entre sus consignas m\u00e1s importantes para impulsar la movilizaci\u00f3n. La propone ligada a otras demandas que est\u00e1n motorizando la movilizaci\u00f3n, donde la primordial es \u00a1Fuera Pi\u00f1era! unida a la necesidad de luchar por un gobierno de la clase trabajadora y los sectores populares, para impulsar los cambios de fondo (ver declaraci\u00f3n en El Socialista n\u00ba 442, www.izquierdasocialista.org).<\/span><\/p>\n<p style=\"text-align: justify;\"><span style=\"font-family: arial, helvetica, sans-serif; font-size: small;\">Tambi\u00e9n sectores burgueses y partidos de izquierda como el PC y el Frente Amplio (FA) toman el reclamo de la Constituyente. Pero ni el PC ni el FA levantan la consigna de las masas \u00a1Fuera Pi\u00f1era! Solo est\u00e1n proponiendo un juicio pol\u00edtico parlamentario al presidente. Incluso algunos sectores del gobierno hablan de \u201cnueva constituci\u00f3n\u201d o de una posible reforma. El presidente del senado Jaime Quintana, pol\u00edtico patronal opositor, dijo: \u201cEstamos en un momento constituyente\u201d (La Tercera, 26\/10\/19). Hasta no se puede descartar que, para intentar descomprimir, acepten una reforma constitucional parcial o hasta una elecci\u00f3n de diputados constituyentes. Esto muestra que una reivindicaci\u00f3n democr\u00e1tica justa como constituyente tambi\u00e9n puede ser una trampa para el movimiento de masas. Los partidos del r\u00e9gimen la pueden usar con el objetivo de paralizar o desviar la movilizaci\u00f3n revolucionaria que quiere terminar con Pi\u00f1eira.<\/span><\/p>\n<p style=\"text-align: justify;\"><span style=\"font-family: arial, helvetica, sans-serif; font-size: small;\">Por eso, en medio de una rebeli\u00f3n popular como la que existe en Chile, es totalmente equivocado proponer como consigna principal o \u201cestrat\u00e9gica\u201d una asamblea constituyente. La central es la lucha por un gobierno de trabajadores.<\/span><\/p>\n<p style=\"text-align: justify;\"><span style=\"font-family: arial, helvetica, sans-serif; font-size: small;\">Lamentablemente, una vez m\u00e1s, sectores del trotskismo, como es el caso del PTR\/PTS caen en ese error. Con la firma de Juan Valenzuela (PTR), en La Izquierda Diario (LID, la publicaci\u00f3n en la web del PTS y sus grupos), propone lo siguiente:<\/span><\/p>\n<p style=\"text-align: justify;\"><span style=\"font-family: arial, helvetica, sans-serif; font-size: small;\">\u201c[\u2026] al mismo tiempo que desarrollamos la coordinaci\u00f3n y la autoorganizaci\u00f3n, para que la clase obrera se haga sujeto de su propio destino, planteamos la consigna de asamblea constituyente libre y soberana.\u201d Y su planteo final es contundente: \u201cest\u00e1 planteado botar al gobierno de Pinera y sustituirlo por una constituyente que asuma funciones legislativas y provisionalmente ejecutivas\u201d.<\/span><\/p>\n<p style=\"text-align: justify;\"><span style=\"font-family: arial, helvetica, sans-serif; font-size: small;\">Y aunque Valenzuela menciona en su texto el \u201cgobierno de los trabajadores\u201d, lo dejan de lado para sintetizar su \u201cestrategia\u201d en \u201cautoorganizaci\u00f3n y constituyente\u201d.<\/span><\/p>\n<p style=\"text-align: justify;\"><span style=\"font-family: arial, helvetica, sans-serif; font-size: small;\">Su explicaci\u00f3n es poco novedosa: \u201cSin embargo, entendemos que a\u00fan la mayor\u00eda de los trabajadores no piensa que podr\u00e1 surgir un nuevo estado a partir de su autoorganizaci\u00f3n, un gobierno de trabajadores.\u201d Entonces, como la mayor\u00eda no cree en el gobierno de los trabajadores, el PTR\/PTS propone la \u201cestrategia\u201d de autoorganizaci\u00f3n y asamblea constituyente. Esto es una capitulaci\u00f3n oportunista a las ilusiones en la democracia burguesa que tienen esa mayor\u00eda de trabajadores.<\/span><\/p>\n<p style=\"text-align: justify;\"><span style=\"font-family: arial, helvetica, sans-serif; font-size: small;\">El m\u00e9todo que utiliza el PTR\/PTS, para elaborar el programa y las consignas, es opuesto al que nos ense\u00f1ara Trotsky. El dec\u00eda que un partido revolucionario, en \u201cprimer t\u00e9rmino\u201d debe \u201cdar una imagen clara y honesta de la situaci\u00f3n objetiva, de las tareas hist\u00f3ricas que de ella se desprenden, independientemente de si los obreros est\u00e1n hoy maduros para ello o no. Nuestras tareas no dependen de la conciencia de los trabajadores. La tarea consiste en desarrollar su conciencia.\u201d *<\/span><\/p>\n<p style=\"text-align: justify;\"><span style=\"font-family: arial, helvetica, sans-serif; font-size: small;\">Por eso, la consigna estrat\u00e9gica en Chile, como en todo proceso revolucionario agudo, no es elecciones a asamblea constituyente sino luchar por Fuera Pi\u00f1era y por un gobierno de los trabajadores y el pueblo.<\/span><\/p>\n<p style=\"text-align: justify;\"><span style=\"font-family: arial, helvetica, sans-serif; font-size: small;\">Impulsando, como lo hace el MST, las demandas sociales (salario, jubilaci\u00f3n, salud, educaci\u00f3n, etc.) y las elecciones a una Asamblea Constituyente Libre y Soberana y desarrollando las asambleas barriales, estudiantiles y sindicales para construir una alternativa de poder obrero y popular.<\/span><\/p>\n<p style=\"text-align: justify;\"><span style=\"font-family: arial, helvetica, sans-serif; font-size: small;\">*\u201cEl atraso pol\u00edtico de los obreros norteamericanos\u201d (19 de mayo de 1938), editado en El Programa de Transici\u00f3n, Ediciones Crux.<br \/>\n<\/span><\/p>\n<p style=\"text-align: justify;\"><a href=\"index.php\/news-a-documents\/2400-chile-and-the-constituent-assembl\"><span style=\"font-family: arial, helvetica, sans-serif; font-size: small;\">(read in english)<\/span><\/a><\/p>\n","protected":false},"excerpt":{"rendered":"<p>Mercedes Petit, dirigente de Izquierda Socialista\/UIT-CI, Argentina. 5\/11\/2019 Siempre se dan debates en la izquierda sobre la utilizaci\u00f3n de esta consigna. En Chile el reclamo de una asamblea constituyente es muy sentido por las masas, y est\u00e1 presente en todas las movilizaciones. Esto es l\u00f3gico, ya que sigue vigente la constituci\u00f3n de 1980 impuesta por [&hellip;]<\/p>\n","protected":false},"author":1,"featured_media":3382,"comment_status":"open","ping_status":"open","sticky":false,"template":"","format":"standard","meta":[],"categories":[56,77],"tags":[],"_links":{"self":[{"href":"https:\/\/uit-ci.org\/index.php\/wp-json\/wp\/v2\/posts\/3383"}],"collection":[{"href":"https:\/\/uit-ci.org\/index.php\/wp-json\/wp\/v2\/posts"}],"about":[{"href":"https:\/\/uit-ci.org\/index.php\/wp-json\/wp\/v2\/types\/post"}],"author":[{"embeddable":true,"href":"https:\/\/uit-ci.org\/index.php\/wp-json\/wp\/v2\/users\/1"}],"replies":[{"embeddable":true,"href":"https:\/\/uit-ci.org\/index.php\/wp-json\/wp\/v2\/comments?post=3383"}],"version-history":[{"count":1,"href":"https:\/\/uit-ci.org\/index.php\/wp-json\/wp\/v2\/posts\/3383\/revisions"}],"predecessor-version":[{"id":23029,"href":"https:\/\/uit-ci.org\/index.php\/wp-json\/wp\/v2\/posts\/3383\/revisions\/23029"}],"wp:featuredmedia":[{"embeddable":true,"href":"https:\/\/uit-ci.org\/index.php\/wp-json\/wp\/v2\/media\/3382"}],"wp:attachment":[{"href":"https:\/\/uit-ci.org\/index.php\/wp-json\/wp\/v2\/media?parent=3383"}],"wp:term":[{"taxonomy":"category","embeddable":true,"href":"https:\/\/uit-ci.org\/index.php\/wp-json\/wp\/v2\/categories?post=3383"},{"taxonomy":"post_tag","embeddable":true,"href":"https:\/\/uit-ci.org\/index.php\/wp-json\/wp\/v2\/tags?post=3383"}],"curies":[{"name":"wp","href":"https:\/\/api.w.org\/{rel}","templated":true}]}}