{"id":3404,"date":"2019-11-16T16:07:05","date_gmt":"2019-11-16T16:07:05","guid":{"rendered":"http:\/\/uit-ci.org\/index.php\/2019\/11\/16\/nicaragua-arrecia-la-persecucion-de-la-dictadura-orteguista-contra-activistas-y-familiares-de-presos-politicos\/"},"modified":"2019-11-16T16:07:05","modified_gmt":"2019-11-16T16:07:05","slug":"nicaragua-arrecia-la-persecucion-de-la-dictadura-orteguista-contra-activistas-y-familiares-de-presos-politicos","status":"publish","type":"post","link":"https:\/\/uit-ci.org\/index.php\/2019\/11\/16\/nicaragua-arrecia-la-persecucion-de-la-dictadura-orteguista-contra-activistas-y-familiares-de-presos-politicos\/","title":{"rendered":"Nicaragua: Arrecia la persecuci\u00f3n de la dictadura orteguista contra activistas y familiares de presos pol\u00edticos"},"content":{"rendered":"<p><img loading=\"lazy\" class=\" alignleft size-full wp-image-3403\" src=\"http:\/\/uit-ci.org\/wp-content\/uploads\/2019\/11\/15976653w.jpg\" width=\"220\" height=\"137\" alt=\"15976653w\" style=\"margin-right: 5px; float: left;\" \/>UIT-CI<\/p>\n<p>Daniel Ortega ha lanzado una campa\u00f1a represiva \u00abpreventiva\u00bb en Nicaragua, evidenciando su nerviosismo por la ola de rebeliones que recorre el continente. El caso m\u00e1s escandaloso ha sido su arremetida contra un grupo de nueve mujeres que iniciaron una huelga de hambre el 14 de noviembre exigiendo la liberaci\u00f3n de sus esposos, hermanos e hijos presos pol\u00edticos.<\/p>\n<p>  <!--more-->  <\/p>\n<p>Las huelguistas, refugiadas en una iglesia de la ciudad de Masaya, fueron hostigadas mediante un operativo policial y paramilitar de asedio que incluy\u00f3 la interrupci\u00f3n del suministro de agua y electricidad.<\/p>\n<p>Al intentar atravesar el cerco represivo y hacer llegar agua a las huelguistas esa noche, trece activistas, diez de ellos miembros de la Articulaci\u00f3n de Movimientos Sociales, fueron arbitrariamente detenidos y llevados a la c\u00e1rcel conocida como el nuevo Chipote. Esta nueva agresi\u00f3n forma parte de una campa\u00f1a contra defensores de derechos humanos, periodistas independientes, abogados de presos pol\u00edticos y miembros de movimientos sociales. El gobierno orteguista no puede ocultar su temor a la movilizaci\u00f3n popular y ha empezado a agitar el fantasma de la amenaza golpista para justificar sus atropellos al activismo.<\/p>\n<p>Exigimos la libertad de los detenidos de Masaya, el cese del cerco a las huelguistas de hambre y expresamos nuestra solidaridad con el pueblo trabajador nicarag\u00fcense en su lucha en defensa de sus derechos sociales y pol\u00edticos.<\/p>\n<p>\u00a1Libertad para los presos pol\u00edticos! \u00a1No m\u00e1s represi\u00f3n! \u00a1Solidaridad internacionalista de los trabajadores y la izquierda con el pueblo nicarag\u00fcense!<\/p>\n<p>Unidad Internacional de Trabajadoras y Trabajadores-Cuarta Internacional<br \/>16 de noviembre<\/p>\n","protected":false},"excerpt":{"rendered":"<p>UIT-CI Daniel Ortega ha lanzado una campa\u00f1a represiva \u00abpreventiva\u00bb en Nicaragua, evidenciando su nerviosismo por la ola de rebeliones que recorre el continente. El caso m\u00e1s escandaloso ha sido su arremetida contra un grupo de nueve mujeres que iniciaron una huelga de hambre el 14 de noviembre exigiendo la liberaci\u00f3n de sus esposos, hermanos e [&hellip;]<\/p>\n","protected":false},"author":1,"featured_media":3403,"comment_status":"open","ping_status":"open","sticky":false,"template":"","format":"standard","meta":[],"categories":[60],"tags":[],"_links":{"self":[{"href":"https:\/\/uit-ci.org\/index.php\/wp-json\/wp\/v2\/posts\/3404"}],"collection":[{"href":"https:\/\/uit-ci.org\/index.php\/wp-json\/wp\/v2\/posts"}],"about":[{"href":"https:\/\/uit-ci.org\/index.php\/wp-json\/wp\/v2\/types\/post"}],"author":[{"embeddable":true,"href":"https:\/\/uit-ci.org\/index.php\/wp-json\/wp\/v2\/users\/1"}],"replies":[{"embeddable":true,"href":"https:\/\/uit-ci.org\/index.php\/wp-json\/wp\/v2\/comments?post=3404"}],"version-history":[{"count":0,"href":"https:\/\/uit-ci.org\/index.php\/wp-json\/wp\/v2\/posts\/3404\/revisions"}],"wp:featuredmedia":[{"embeddable":true,"href":"https:\/\/uit-ci.org\/index.php\/wp-json\/wp\/v2\/media\/3403"}],"wp:attachment":[{"href":"https:\/\/uit-ci.org\/index.php\/wp-json\/wp\/v2\/media?parent=3404"}],"wp:term":[{"taxonomy":"category","embeddable":true,"href":"https:\/\/uit-ci.org\/index.php\/wp-json\/wp\/v2\/categories?post=3404"},{"taxonomy":"post_tag","embeddable":true,"href":"https:\/\/uit-ci.org\/index.php\/wp-json\/wp\/v2\/tags?post=3404"}],"curies":[{"name":"wp","href":"https:\/\/api.w.org\/{rel}","templated":true}]}}