{"id":3428,"date":"2019-11-25T19:29:44","date_gmt":"2019-11-25T19:29:44","guid":{"rendered":"http:\/\/uit-ci.org\/index.php\/2019\/11\/25\/chile-mas-pacos-y-ahora-con-milicos-a-la-calle-el-verdadero-objetivo-del-acuerdo-por-la-paz-de-pinera\/"},"modified":"2019-11-25T19:29:44","modified_gmt":"2019-11-25T19:29:44","slug":"chile-mas-pacos-y-ahora-con-milicos-a-la-calle-el-verdadero-objetivo-del-acuerdo-por-la-paz-de-pinera","status":"publish","type":"post","link":"https:\/\/uit-ci.org\/index.php\/2019\/11\/25\/chile-mas-pacos-y-ahora-con-milicos-a-la-calle-el-verdadero-objetivo-del-acuerdo-por-la-paz-de-pinera\/","title":{"rendered":"Chile: M\u00e1s pacos, y ahora con milicos a la calle: el verdadero objetivo del \u201cAcuerdo por la Paz\u201d de Pi\u00f1era."},"content":{"rendered":"<p style=\"text-align: justify;\"><span style=\"font-family: arial, helvetica, sans-serif; font-size: small;\"><img loading=\"lazy\" class=\" alignleft size-full wp-image-3427\" src=\"http:\/\/uit-ci.org\/wp-content\/uploads\/2019\/11\/chileart.jpg\" width=\"236\" height=\"150\" alt=\"chileart\" style=\"margin: 5px; float: left;\" \/>M\u00e1s pacos, y ahora con milicos a la calle: el verdadero objetivo del \u201cAcuerdo por la Paz\u201d de Pi\u00f1era.<\/span><\/p>\n<p style=\"text-align: justify;\"><span style=\"font-family: arial, helvetica, sans-serif; font-size: small;\">Mientras impulsa con la mano izquierda un corrupto acuerdo con parte de la oposici\u00f3n, con la mano derecha mete una agenda ultra represiva contra los manifestantes. Pi\u00f1era, desesperado y con un gobierno sumido en una profunda crisis, trata de sostenerse en el poder.<\/span><\/p>\n<p>  <!--more-->  <\/p>\n<p style=\"text-align: justify;\"><span style=\"font-family: arial, helvetica, sans-serif; font-size: small;\">Un acuerdo para legitimar el terror en las calles.<\/span><\/p>\n<p style=\"text-align: justify;\"><span style=\"font-family: arial, helvetica, sans-serif; font-size: small;\">El punto n\u00famero uno del \u201cAcuerdo por la Paz\u201d, es la imposici\u00f3n del orden social\u2026 con represi\u00f3n y sangre. Por eso toda la derecha suscribi\u00f3 el pacto (obligada por la lucha en las calles), a cambio de que exista unidad de todos los partidos para condenar la \u201cviolencia de las movilizaciones\u201d y sacar a los cientos de miles de manifestantes de las calles.<\/span><\/p>\n<p style=\"text-align: justify;\"><span style=\"font-family: arial, helvetica, sans-serif; font-size: small;\">Pi\u00f1era y su gobierno son conscientes que su principal enemigo est\u00e1 en las calles. Son las masivas movilizaciones espontaneas y nacionales, quienes hundieron a su gobierno y cuestionan al modelo econ\u00f3mico y la constituci\u00f3n de Pinochet. Por eso, ni un solo d\u00eda ha pasado sin que se reprima a manifestantes, se llenen las c\u00e1rceles de presos y presas pol\u00edticos, muertos y muertas, mutilados y mutiladas, torturados y torturadas.<\/span><\/p>\n<p style=\"text-align: justify;\"><span style=\"font-family: arial, helvetica, sans-serif; font-size: small;\">Es por ello que, frente a todos los anuncios represivos de Pi\u00f1era, la misma oposici\u00f3n que suscribi\u00f3 el acuerdo se queda callada, o apoya p\u00fablicamente como lo hace la Democracia Cristiana y parte de la ex Nueva Mayor\u00eda. Demostrando que los abrazos de unidad no eran s\u00f3lo para cocinar acuerdos de espaldas al pueblo, sino tambi\u00e9n para liquidar las masivas movilizaciones.<\/span><\/p>\n<p style=\"text-align: justify;\"><span style=\"font-family: arial, helvetica, sans-serif; font-size: small;\">M\u00e1s represi\u00f3n\u2026 y legalizada.<\/span><\/p>\n<p style=\"text-align: justify;\"><span style=\"font-family: arial, helvetica, sans-serif; font-size: small;\">Los anuncios de Pi\u00f1era en este sentido no dejan duda. Primero anunci\u00f3 que reintegrar\u00edan a Carabineros y PDI en retiro, para contar con m\u00e1s personal en las calles. Luego, adelantar el egreso de Carabineros para sacarlos cuanto antes a reprimir. Ahora complementa esta agenda ultra represiva con el anuncio de un proyecto de ley para que sean las Fuerzas Armadas quienes puedan cuidar \u201cpuntos cr\u00edticos\u201d sin tener que convocar el Estado de Emergencia\u2026 o sea, milicos a la calle.<\/span><\/p>\n<p style=\"text-align: justify;\"><span style=\"font-family: arial, helvetica, sans-serif; font-size: small;\">Para complementar esta agenda, anunci\u00f3 querellas contra todos los manifestantes. La Fiscal\u00eda hizo p\u00fablico que la cifra de detenidos entre el 18 de octubre y el 15 de noviembre es de 17.434 personas. Las personas que han sido llevadas a audiencias de control de detenci\u00f3n es de 25.505. De ellas 2.236 han est\u00e1n siendo procesadas por saqueos. La criminalizaci\u00f3n del movimiento y los presos pol\u00edticos aumentan d\u00eda a d\u00eda en cifras escandalosas. \u00c9stas se suman a la veintena de asesinados por las FFAA y Carabineros, y los casos que no ha esclarecido sobre personas que murieron en supermercados quemados, pero que por informes del Instituto M\u00e9dico Legal se sabe que fueron baleadas antes de que sus cuerpos sean metidos en los supermercados. Junto a los m\u00e1s de 220 mutilados por perdigones de Carabineros, y los m\u00e1s de dos mil heridos en otras partes de sus cuerpos por esos mismos perdigones. Las y los abusados sexualmente, y los cientos de miles que a diario son reprimidos en las calles.<\/span><\/p>\n<p style=\"text-align: justify;\"><span style=\"font-family: arial, helvetica, sans-serif; font-size: small;\">No podemos dejar de mencionar los asesinatos que comienzan a conocerse. La periodista Albertina Burgos, fue asesinada brutalmente en su casa en \u201cextra\u00f1as circunstancias\u201d. El material fotogr\u00e1fico que ella estaba recopilando sobre la represi\u00f3n desapareci\u00f3. Junto a este caso, se suma el del compa\u00f1ero de Primera L\u00ednea, el \u201cGato\u201d. Fue encontrado muerto en su casa, tambi\u00e9n en \u201cextra\u00f1as circunstancias\u201d.<\/span><\/p>\n<p style=\"text-align: justify;\"><span style=\"font-family: arial, helvetica, sans-serif; font-size: small;\">Caso ejemplar tambi\u00e9n es el del ex candidato a diputado y dirigente de PTR, Da\u00fano Totoro, contra quien se querello el gobierno s\u00f3lo por pedir que se vaya Pi\u00f1era. Con quien solidarizamos, y denunciamos que esta querella es s\u00f3lo otro intento por amedrentar a quienes exigimos la salida del principal culpable de la represi\u00f3n.<\/span><\/p>\n<p style=\"text-align: justify;\"><span style=\"font-family: arial, helvetica, sans-serif; font-size: small;\">No nos cabe ninguna duda, el gobierno de Pi\u00f1era es el gobierno de la represi\u00f3n, el asesinato y la tortura. Lejos de cambiar esta sangrienta pol\u00edtica, el acuerdo \u201cpor la paz\u201d afirma la necesidad de los empresarios due\u00f1os de Chile de imponer una verdadera \u201cpaz de cementerio\u201d en el pa\u00eds.<\/span><\/p>\n<p style=\"text-align: justify;\"><span style=\"font-family: arial, helvetica, sans-serif; font-size: small;\">El \u00fanico camino es seguir en las calles y organizados en las asambleas.<\/span><\/p>\n<p style=\"text-align: justify;\"><span style=\"font-family: arial, helvetica, sans-serif; font-size: small;\">La \u00fanica fuerza social que de verdad se opone a los corruptos acuerdos y a la pol\u00edtica represiva del asesino Pi\u00f1era, han sido las calles. Apoyadas en ella, las asambleas territoriales que han surgido como las m\u00e1s legitimas organizaciones de lucha desde el inicio de esta rebeli\u00f3n popular.S\u00f3lo de estas organizaciones puede surgir la verdadera oposici\u00f3n al gobierno de Pi\u00f1era y al corrupto parlamento. Ambos al total servicio de los empresarios y las multinacionales que dominan para su propio beneficio el pa\u00eds.<\/span><\/p>\n<p style=\"text-align: justify;\"><span style=\"font-family: arial, helvetica, sans-serif; font-size: small;\">Hoy, m\u00e1s que nunca, es urgente una coordinaci\u00f3n nacional de asambleas que decida democr\u00e1ticamente un plan nacional de luchas, para coordinar todas las movilizaciones y fortalecerlas. Organizando adem\u00e1s la defensa de todos y todas las presas pol\u00edticas, as\u00ed como la autodefensa de nuestras marchas que tan heroicamente ha sido llevada a cabo por la primera l\u00ednea.<\/span><\/p>\n<p style=\"text-align: justify;\"><span style=\"font-family: arial, helvetica, sans-serif; font-size: small;\">As\u00ed mismo, necesitamos urgentemente un petitorio \u00fanico nacional de todas las asambleas, que sea discutido y votado democr\u00e1ticamente en las bases. Que incluya nuestra propuesta de una genuina asamblea constituyente, junto a las demandas inmediatas sobre sueldos, puestos de trabajo, condonaci\u00f3n de deudas, estatizaci\u00f3n de todos los servicios b\u00e1sicos, entre otros puntos. Pero, sobre todo, se ponga a la cabeza de coordinar la lucha por la consigna que m\u00e1s se pide en las calles: \u00a1Fuera Pi\u00f1era!<\/span><\/p>\n<p style=\"text-align: justify;\"><span style=\"font-family: arial, helvetica, sans-serif; font-size: small;\">Movimiento Socialista de los Trabajadores, secci\u00f3n chilena de la UIT-CI<\/span><\/p>\n","protected":false},"excerpt":{"rendered":"<p>M\u00e1s pacos, y ahora con milicos a la calle: el verdadero objetivo del \u201cAcuerdo por la Paz\u201d de Pi\u00f1era. Mientras impulsa con la mano izquierda un corrupto acuerdo con parte de la oposici\u00f3n, con la mano derecha mete una agenda ultra represiva contra los manifestantes. Pi\u00f1era, desesperado y con un gobierno sumido en una profunda [&hellip;]<\/p>\n","protected":false},"author":1,"featured_media":3427,"comment_status":"open","ping_status":"open","sticky":false,"template":"","format":"standard","meta":[],"categories":[56],"tags":[],"_links":{"self":[{"href":"https:\/\/uit-ci.org\/index.php\/wp-json\/wp\/v2\/posts\/3428"}],"collection":[{"href":"https:\/\/uit-ci.org\/index.php\/wp-json\/wp\/v2\/posts"}],"about":[{"href":"https:\/\/uit-ci.org\/index.php\/wp-json\/wp\/v2\/types\/post"}],"author":[{"embeddable":true,"href":"https:\/\/uit-ci.org\/index.php\/wp-json\/wp\/v2\/users\/1"}],"replies":[{"embeddable":true,"href":"https:\/\/uit-ci.org\/index.php\/wp-json\/wp\/v2\/comments?post=3428"}],"version-history":[{"count":0,"href":"https:\/\/uit-ci.org\/index.php\/wp-json\/wp\/v2\/posts\/3428\/revisions"}],"wp:featuredmedia":[{"embeddable":true,"href":"https:\/\/uit-ci.org\/index.php\/wp-json\/wp\/v2\/media\/3427"}],"wp:attachment":[{"href":"https:\/\/uit-ci.org\/index.php\/wp-json\/wp\/v2\/media?parent=3428"}],"wp:term":[{"taxonomy":"category","embeddable":true,"href":"https:\/\/uit-ci.org\/index.php\/wp-json\/wp\/v2\/categories?post=3428"},{"taxonomy":"post_tag","embeddable":true,"href":"https:\/\/uit-ci.org\/index.php\/wp-json\/wp\/v2\/tags?post=3428"}],"curies":[{"name":"wp","href":"https:\/\/api.w.org\/{rel}","templated":true}]}}