{"id":3442,"date":"2019-12-09T15:27:45","date_gmt":"2019-12-09T15:27:45","guid":{"rendered":"http:\/\/uit-ci.org\/index.php\/2019\/12\/09\/argentina-pollo-sobrero-se-solidariza-con-los-trabajadores-en-huelga-en-francia\/"},"modified":"2019-12-09T15:27:45","modified_gmt":"2019-12-09T15:27:45","slug":"argentina-pollo-sobrero-se-solidariza-con-los-trabajadores-en-huelga-en-francia","status":"publish","type":"post","link":"https:\/\/uit-ci.org\/index.php\/2019\/12\/09\/argentina-pollo-sobrero-se-solidariza-con-los-trabajadores-en-huelga-en-francia\/","title":{"rendered":"Argentina: Pollo Sobrero se solidariza con los trabajadores en huelga en Francia"},"content":{"rendered":"<p style=\"text-align: justify;\"><span style=\"font-family: arial, helvetica, sans-serif; font-size: small;\"><img loading=\"lazy\" class=\" alignleft size-full wp-image-3441\" src=\"http:\/\/uit-ci.org\/wp-content\/uploads\/2019\/12\/ruben-sobrero-20190325-652529.jpg\" width=\"235\" height=\"143\" alt=\"ruben-sobrero-20190325-652529\" style=\"margin: 5px; float: left;\" \/>Solidaridad con los trabajadores ferroviarios y del transporte en huelga en Francia, de parte de Ruben \u00abPollo\u00bb Sobrero, dirigente de Izquierda Socialista, secci\u00f3n argentina de la UIT-CI y\u00c2\u00a0<span style=\"text-align: justify; font-family: arial, helvetica, sans-serif; font-size: small;\">Secretario General de la Seccional Oeste<\/span><br style=\"text-align: justify;\" \/><span style=\"text-align: justify; font-family: arial, helvetica, sans-serif; font-size: small;\">Uni\u00f3n Ferroviaria &#8211; Argentina<\/span><\/span><\/p>\n<p>  <!--more-->  <\/p>\n<p style=\"text-align: justify;\"><span style=\"font-family: arial, helvetica, sans-serif; font-size: small;\"><br \/><em>Buenos Aires, 08 de diciembre de 2019.<\/em><\/span><\/p>\n<p style=\"text-align: justify;\"><strong><span style=\"font-family: arial, helvetica, sans-serif; font-size: small;\">COMPA\u00d1EROS FERROVIARIOS DE FRANCIA<\/span><\/strong><\/p>\n<p style=\"text-align: justify;\"><span style=\"font-family: arial, helvetica, sans-serif; font-size: small;\">Desde el cuerpo de delegados y la comisi\u00f3n ejecutiva de la seccional Oeste de la Uni\u00f3n Ferroviaria de Argentina queremos acercarles a los ferroviarios franceses y, a trav\u00e9s de Uds, a todos los trabajadores del pa\u00eds, nuestro fraternal saludo y ponernos a entera disposici\u00f3n para la enorme pelea que hoy est\u00e1n librando en Francia el conjunto de la clase obrera y los sectores populares contra la reforma previsional que quiere imponer el gobierno de Macron.<\/span><\/p>\n<p style=\"text-align: justify;\"><span style=\"font-family: arial, helvetica, sans-serif; font-size: small;\">Desde el otro lado del Atl\u00e1ntico estamos muy atentos a los acontecimientos en vuestro pa\u00eds porque entendemos que los resultados de la huelga general por tiempo indeterminado de los trabajadores franceses nos dar\u00e1 fuerza a nosotros que debemos enfrentar peleas similares.<\/span><\/p>\n<p style=\"text-align: justify;\"><span style=\"font-family: arial, helvetica, sans-serif; font-size: small;\">Rub\u00e9n \u00abPollo\u00bb Sobrero<\/span><br \/><span style=\"font-family: arial, helvetica, sans-serif; font-size: small;\">Secretario General de la Seccional Oeste<\/span><br \/><span style=\"font-family: arial, helvetica, sans-serif; font-size: small;\">Uni\u00f3n Ferroviaria &#8211; Argentina<\/span><\/p>\n<p style=\"text-align: justify;\"><strong><span style=\"font-family: arial, helvetica, sans-serif; font-size: small;\">Contactos:<\/span><\/strong><br \/><strong><span style=\"font-family: arial, helvetica, sans-serif; font-size: small;\">Rub\u00e9n Sobrero<\/span><\/strong><br \/><strong><span style=\"font-family: arial, helvetica, sans-serif; font-size: small;\">+5491164226661<\/span><\/strong><br \/><strong><span style=\"font-family: arial, helvetica, sans-serif; font-size: small;\">Asistente de Prensa Pablo Montenegro<\/span><\/strong><br \/><strong><span style=\"font-family: arial, helvetica, sans-serif; font-size: small;\">+5491159495666<\/span><\/strong><\/p>\n<p style=\"text-align: justify;\"><a href=\"index.php\/2018-03-15-13-39-31\/nouvelles-et-documents\/2431-2019-12-09-19-34-18\"><strong><span style=\"font-family: arial, helvetica, sans-serif; font-size: small;\">(lire en fran\u00e7ais)<\/span><\/strong><\/a><\/p>\n","protected":false},"excerpt":{"rendered":"<p>Solidaridad con los trabajadores ferroviarios y del transporte en huelga en Francia, de parte de Ruben \u00abPollo\u00bb Sobrero, dirigente de Izquierda Socialista, secci\u00f3n argentina de la UIT-CI y\u00c2\u00a0Secretario General de la Seccional OesteUni\u00f3n Ferroviaria &#8211; Argentina<\/p>\n","protected":false},"author":1,"featured_media":3441,"comment_status":"open","ping_status":"open","sticky":false,"template":"","format":"standard","meta":[],"categories":[35],"tags":[],"_links":{"self":[{"href":"https:\/\/uit-ci.org\/index.php\/wp-json\/wp\/v2\/posts\/3442"}],"collection":[{"href":"https:\/\/uit-ci.org\/index.php\/wp-json\/wp\/v2\/posts"}],"about":[{"href":"https:\/\/uit-ci.org\/index.php\/wp-json\/wp\/v2\/types\/post"}],"author":[{"embeddable":true,"href":"https:\/\/uit-ci.org\/index.php\/wp-json\/wp\/v2\/users\/1"}],"replies":[{"embeddable":true,"href":"https:\/\/uit-ci.org\/index.php\/wp-json\/wp\/v2\/comments?post=3442"}],"version-history":[{"count":0,"href":"https:\/\/uit-ci.org\/index.php\/wp-json\/wp\/v2\/posts\/3442\/revisions"}],"wp:featuredmedia":[{"embeddable":true,"href":"https:\/\/uit-ci.org\/index.php\/wp-json\/wp\/v2\/media\/3441"}],"wp:attachment":[{"href":"https:\/\/uit-ci.org\/index.php\/wp-json\/wp\/v2\/media?parent=3442"}],"wp:term":[{"taxonomy":"category","embeddable":true,"href":"https:\/\/uit-ci.org\/index.php\/wp-json\/wp\/v2\/categories?post=3442"},{"taxonomy":"post_tag","embeddable":true,"href":"https:\/\/uit-ci.org\/index.php\/wp-json\/wp\/v2\/tags?post=3442"}],"curies":[{"name":"wp","href":"https:\/\/api.w.org\/{rel}","templated":true}]}}