{"id":3458,"date":"2020-01-04T03:18:03","date_gmt":"2020-01-04T03:18:03","guid":{"rendered":"http:\/\/uit-ci.org\/index.php\/2020\/01\/04\/solidaridad-con-la-huelga-de-la-clase-obrera-francesa-contra-la-reforma-de-sistema-de-pensiones\/"},"modified":"2020-01-04T03:18:03","modified_gmt":"2020-01-04T03:18:03","slug":"solidaridad-con-la-huelga-de-la-clase-obrera-francesa-contra-la-reforma-de-sistema-de-pensiones","status":"publish","type":"post","link":"https:\/\/uit-ci.org\/index.php\/2020\/01\/04\/solidaridad-con-la-huelga-de-la-clase-obrera-francesa-contra-la-reforma-de-sistema-de-pensiones\/","title":{"rendered":"Solidaridad con la huelga de la clase obrera francesa contra la reforma del sistema de pensiones"},"content":{"rendered":"<p><img loading=\"lazy\" class=\" alignleft size-full wp-image-3457\" src=\"http:\/\/uit-ci.org\/wp-content\/uploads\/2020\/01\/ELBxVQ1XUA478t0.jpeg\" width=\"226\" height=\"150\" alt=\"Huelga general en Francia\" style=\"margin-right: 5px; float: left;\" srcset=\"https:\/\/uit-ci.org\/wp-content\/uploads\/2020\/01\/ELBxVQ1XUA478t0.jpeg 1044w, https:\/\/uit-ci.org\/wp-content\/uploads\/2020\/01\/ELBxVQ1XUA478t0-300x198.jpeg 300w, https:\/\/uit-ci.org\/wp-content\/uploads\/2020\/01\/ELBxVQ1XUA478t0-1024x677.jpeg 1024w, https:\/\/uit-ci.org\/wp-content\/uploads\/2020\/01\/ELBxVQ1XUA478t0-768x508.jpeg 768w, https:\/\/uit-ci.org\/wp-content\/uploads\/2020\/01\/ELBxVQ1XUA478t0-600x397.jpeg 600w, https:\/\/uit-ci.org\/wp-content\/uploads\/2020\/01\/ELBxVQ1XUA478t0-750x496.jpeg 750w\" sizes=\"(max-width: 226px) 100vw, 226px\" \/><strong>Solidaridad con la huelga de la clase obrera francesa contra la reforma del sistema de pensiones<\/strong><\/p>\n<p><strong>Por UIT-CI<\/strong><\/p>\n<p>Desde los pasados meses de septiembre y octubre, Francia vive una serie de movilizaciones, incluyendo m\u00e1s de un mes de huelga por los trabajadores del transporte p\u00fablicos franceses contra la reforma del sistema de pensiones impulsada por el presidente Macron. La huelga afect\u00f3 al 75% de los maquinistas; a la mitad de las l\u00edneas de metro de Par\u00eds y la otra mitad funcion\u00f3 con servicios m\u00ednimos y al 70% de los autobuses.<\/p>\n<p>  <!--more-->  <\/p>\n<p>Estas luchas, que contin\u00faan, han obligado a las centrales sindicales a convocar una huelga general del sector que empez\u00f3 el 5 de diciembre y que se prolong\u00f3 hasta el 11, d\u00eda en que el primer ministro franc\u00e9s \u00c9duard Philippe expuso p\u00fablicamente su proyecto de reforma. Se unieron importantes sectores de los trabajadores p\u00fablicos como los funcionarios, sanitarios, bomberos e incluso los bailarines de la \u00d3pera de Par\u00eds, sectores todos ellos que se han visto gravemente afectados por las pol\u00edticas de ajuste del gobierno franc\u00e9s. El apoyo popular a la huelga es del 62% de la poblaci\u00f3n francesa. Aunque SUD-Rail y la CGT daban apoyo a la huelga, UNSA y CFDT ordenaron levantar la huelga hasta despu\u00e9s de las fiestas. Pero las asambleas de trabajadores se rebelaron y votaron por continuar. Esto fue acompa\u00f1ado por los comit\u00e9s de huelga barriales que plantearon seguir haciendo acciones durante las fiestas -algo nunca visto-y los docentes, que est\u00e1n de vacaciones, ya han planificado acciones con los ferroviarios y los conductores.<\/p>\n<p>Las movilizaciones (huelgas y manifestaciones) han continuado durante las fiestas navide\u00f1as, convirti\u00e9ndose en la huelga m\u00e1s larga desde 1995, cuando tras tres semanas de huelgas, el entonces primer ministro conservador Alain Jupp\u00e9 tuvo que retirar su proyecto de reforma de la Seguridad Social y las jubilaciones de los funcionarios. La huelga ha mostrado la contundente voluntad de lucha de los trabajadores y ha producido dos peque\u00f1as victorias: la dimisi\u00f3n del responsable gubernamental de la reforma de las pensiones y el retraso en la aplicaci\u00f3n de la reforma a los bailarines de la \u00d3pera de Par\u00eds. Aun as\u00ed, Macron, el presidente de los ricos, insiste en implantar la reforma, a la que como m\u00e1ximo piensa introducir peque\u00f1os ajustes para \u00abmejorarla\u00bb.<\/p>\n<p>Pero lo que est\u00e1 en juego no es solo el futuro de las pensiones sino tambi\u00e9n mantener la capacidad de lucha de la clase trabajadora y de los sectores populares franceses que durante el a\u00f1o 2019 han protagonizado importantes movilizaciones como la de los \u00abchalecos amarillos\u00bb contra la degradaci\u00f3n de las condiciones de trabajo y de vida en las zonas rurales y, en particular, contra el aumento del precio de la gasolina, que consiguieron anular. Tambi\u00e9n se han realizado 36 d\u00edas de huelga en los ferrocarriles franceses contra su privatizaci\u00f3n, que no lograron su objetivo por la pol\u00edtica de las direcciones de las organizaciones sindicales mayoritarias.<\/p>\n<p>Estas luchas se han dado en el marco de la pol\u00edtica del gobierno franc\u00e9s que quiere imponer sus planes de ajuste para aumentar los beneficios de las empresas degradando las condiciones de vida de los y las trabajadoras y los servicios p\u00fablicos, mientras Macron ha suprimido el impuesto a las grandes fortunas.<\/p>\n<p>La lucha contra la privatizaci\u00f3n de las pensiones es, al mismo tiempo, una lucha internacional que ha tenido sus picos tanto en Chile como en Nicaragua, y que ha dado respuesta a los planes de privatizaci\u00f3n de los sistemas p\u00fablicos de pensiones. Pero la lucha de la clase trabajadora francesa tambi\u00e9n se da en el marco de la oleada de movilizaciones insurreccionales que sacude el mundo, contra las pol\u00edticas de ajuste de los gobiernos burgueses, del FMI y de la OCDE.<\/p>\n<p>Total apoyo a la huelga contra la reforma de pensiones de Macron.<\/p>\n<p>Unidad Internacional de Trabajadoras y Trabajadores \u2013 Cuarta Internacional (UIT-CI)<br \/>3 de enero de 2020<\/p>\n","protected":false},"excerpt":{"rendered":"<p>Solidaridad con la huelga de la clase obrera francesa contra la reforma del sistema de pensiones Por UIT-CI Desde los pasados meses de septiembre y octubre, Francia vive una serie de movilizaciones, incluyendo m\u00e1s de un mes de huelga por los trabajadores del transporte p\u00fablicos franceses contra la reforma del sistema de pensiones impulsada por [&hellip;]<\/p>\n","protected":false},"author":1,"featured_media":3457,"comment_status":"open","ping_status":"open","sticky":false,"template":"","format":"standard","meta":[],"categories":[60],"tags":[],"_links":{"self":[{"href":"https:\/\/uit-ci.org\/index.php\/wp-json\/wp\/v2\/posts\/3458"}],"collection":[{"href":"https:\/\/uit-ci.org\/index.php\/wp-json\/wp\/v2\/posts"}],"about":[{"href":"https:\/\/uit-ci.org\/index.php\/wp-json\/wp\/v2\/types\/post"}],"author":[{"embeddable":true,"href":"https:\/\/uit-ci.org\/index.php\/wp-json\/wp\/v2\/users\/1"}],"replies":[{"embeddable":true,"href":"https:\/\/uit-ci.org\/index.php\/wp-json\/wp\/v2\/comments?post=3458"}],"version-history":[{"count":0,"href":"https:\/\/uit-ci.org\/index.php\/wp-json\/wp\/v2\/posts\/3458\/revisions"}],"wp:featuredmedia":[{"embeddable":true,"href":"https:\/\/uit-ci.org\/index.php\/wp-json\/wp\/v2\/media\/3457"}],"wp:attachment":[{"href":"https:\/\/uit-ci.org\/index.php\/wp-json\/wp\/v2\/media?parent=3458"}],"wp:term":[{"taxonomy":"category","embeddable":true,"href":"https:\/\/uit-ci.org\/index.php\/wp-json\/wp\/v2\/categories?post=3458"},{"taxonomy":"post_tag","embeddable":true,"href":"https:\/\/uit-ci.org\/index.php\/wp-json\/wp\/v2\/tags?post=3458"}],"curies":[{"name":"wp","href":"https:\/\/api.w.org\/{rel}","templated":true}]}}