{"id":3481,"date":"2020-01-20T21:28:19","date_gmt":"2020-01-20T21:28:19","guid":{"rendered":"http:\/\/uit-ci.org\/index.php\/2020\/01\/20\/peru-elecciones-del-26-de-enero-de-2020\/"},"modified":"2020-01-20T21:28:19","modified_gmt":"2020-01-20T21:28:19","slug":"peru-elecciones-del-26-de-enero-de-2020","status":"publish","type":"post","link":"https:\/\/uit-ci.org\/index.php\/2020\/01\/20\/peru-elecciones-del-26-de-enero-de-2020\/","title":{"rendered":"Per\u00fa: Elecciones del 26 de enero de 2020"},"content":{"rendered":"<p style=\"text-align: justify;\"><strong><span style=\"font-family: arial, helvetica, sans-serif; font-size: small;\"><img loading=\"lazy\" class=\" alignleft size-full wp-image-3480\" src=\"http:\/\/uit-ci.org\/wp-content\/uploads\/2020\/01\/572652d3-50b6-4c5b-be50-59aa02e6bc2f.jpg\" width=\"215\" height=\"139\" alt=\"572652d3-50b6-4c5b-be50-59aa02e6bc2f\" style=\"margin: 5px; float: left;\" \/>Propuestas de plan de emergencia de UNIOS en el Frente Amplio para las elecciones de enero del 2020<\/span><\/strong><\/p>\n<p>  <!--more-->  <\/p>\n<p style=\"text-align: justify;\"><span style=\"font-family: arial, helvetica, sans-serif; font-size: small;\">En la base del descontento del movimiento de masas, se encuentra el agotamiento del modelo de acumulaci\u00f3n capitalista que hoy encabeza Vizcarra, que dio un dinamismo a la econom\u00eda, cuyo resultado es el desmantelamiento de la seguridad social, la educaci\u00f3n pagada, los servicios caros, la informalidad, las extenuantes jornadas, los salarios de hambre y la depredaci\u00f3n del medio ambiente. La inseguridad, puesta como el gran problema denunciado por las personas, es la expresi\u00f3n distorsionada de la descomposici\u00f3n creciente de los sectores m\u00e1s marginales, por el aumento de la miseria.<\/span><\/p>\n<p style=\"text-align: justify;\"><span style=\"font-family: arial, helvetica, sans-serif; font-size: small;\">Constitucionalistas, periodistas y analistas a sueldo del capital est\u00e1n de acuerdo en que el cap\u00edtulo econ\u00f3mico de la constituci\u00f3n no se debe tocar.<\/span><\/p>\n<p style=\"text-align: justify;\"><span style=\"font-family: arial, helvetica, sans-serif; font-size: small;\">Del mismo modo el hartazgo del pueblo chileno y la resistencia al paquetazo del pueblo ecuatoriano, muestran que el agotamiento del modelo es a escala continental. Sin lugar a dudas esas luchas son el tel\u00f3n de fondo, sumado al cierre del Congreso, de estas elecciones en Per\u00fa.<\/span><\/p>\n<p style=\"text-align: justify;\"><span style=\"font-family: arial, helvetica, sans-serif; font-size: small;\">Nuestras demandas van en el sentido de atacar el modelo y sus consecuencias, para reemplazarlo por uno al servicio de los trabajadores y los pueblos, contra la corrupci\u00f3n y por una Asamblea Constituyente. Solo un gobierno de los trabajadores y los pueblos puede garantizar su realizaci\u00f3n. Nuestros candidatos Enrique Fern\u00e1ndez Chac\u00f3n (N\u00b0 1) y Carlos Portillas (N\u00b0 15) plantean sobre el cap\u00edtulo econ\u00f3mico: \u201cHay que cambiar todo lo haya que cambiar, para satisfacer las necesidades de los trabajadores, el pueblo y las grandes mayor\u00edas\u201d.<\/span><\/p>\n<p style=\"text-align: justify;\"><span style=\"font-family: arial, helvetica, sans-serif; font-size: small;\">Pedimos el voto para candidatos que proponen cambiar el pa\u00eds y construir una alternativa pol\u00edtica desde la izquierda con el Frente Amplio opuesta al fujiaprismo, sus comparsas como Acci\u00f3n Popular, Alianza Para el Progreso y al gobierno liberal de Vizcarra.<\/span><\/p>\n<p style=\"text-align: justify;\"><span style=\"font-family: arial, helvetica, sans-serif; font-size: small;\">Desde Un\u00edos en el Frente Amplio peleamos por una izquierda al servicio de las luchas y que se postule para dirigir el pa\u00eds. Apelando siempre a que la garant\u00eda es la gente en la calle y no solo una bancada consecuente. Afirmamos esto \u00faltimo, una y otra vez, porque es un elemento de diferenciaci\u00f3n con la vieja izquierda de Juntos por el Per\u00fa y Per\u00fa Libre y todos los sectores oportunistas.<\/span><\/p>\n<p style=\"text-align: justify;\"><strong><span style=\"font-family: arial, helvetica, sans-serif; font-size: small;\">En el terreno de lo econ\u00f3mico:<\/span><\/strong><\/p>\n<p style=\"text-align: justify;\"><span style=\"font-family: arial, helvetica, sans-serif; font-size: small;\">1.- El modelo econ\u00f3mico ha sido exitoso para unas cuantas familias y un desastre para millones: no ha podido resolver la informalidad en el empleo, que se empina por sobre el 70%. La salud p\u00fablica es de p\u00e9sima calidad, as\u00ed como la calidad de la educaci\u00f3n que sigue descendiendo, las pensiones m\u00ednimas son de 500 soles y el saqueo y la entrega contin\u00faan como lo demuestra la ratificaci\u00f3n de la licencia de T\u00eda Mar\u00eda por parte del gobierno de Vizcarra.<\/span><\/p>\n<p style=\"text-align: justify;\"><span style=\"font-family: arial, helvetica, sans-serif; font-size: small;\">2.- Hay que recuperar las riquezas b\u00e1sicas (mineras, forestales, agr\u00edcolas) para ponerlas al servicio de las necesidades de los trabajadores, los campesinos y el pueblo. Para impedir que las multinacionales sigan saqueando y depredando, hay que nacionalizar la miner\u00eda bajo el control de los trabajadores y las comunidades, fortaleciendo la agricultura, para garantizar la autonom\u00eda alimentaria.<\/span><\/p>\n<p style=\"text-align: justify;\"><span style=\"font-family: arial, helvetica, sans-serif; font-size: small;\">3.- Re-estatizar las empresas y servicios privatizados (robados), energ\u00eda, gas y comunicaciones, e iniciar un plan de industrializaci\u00f3n para garantizar la seguridad alimentaria, los servicios baratos y eficientes. Desconociendo cualquier tratado que se oponga a estos objetivos.<\/span><\/p>\n<p style=\"text-align: justify;\"><span style=\"font-family: arial, helvetica, sans-serif; font-size: small;\">4.- Fin de las exoneraciones, no a la devoluci\u00f3n del IGV, no pago de la deuda externa. Que ese dinero sirva para los pensionistas, educaci\u00f3n, salud y vivienda.<\/span><\/p>\n<p style=\"text-align: justify;\"><span style=\"font-family: arial, helvetica, sans-serif; font-size: small;\">5.- Por estabilidad laboral, un solo r\u00e9gimen laboral con todos los derechos, sindicalizaci\u00f3n \u00fanica, negociaci\u00f3n colectiva por rama, y un sueldo b\u00e1sico no menor a la canasta b\u00e1sica. Abajo los decretos flexibilizadores.<\/span><\/p>\n<p style=\"text-align: justify;\"><span style=\"font-family: arial, helvetica, sans-serif; font-size: small;\">6.- Por una pensi\u00f3n m\u00ednima igual al sueldo b\u00e1sico. Fin de las AFP y por un sistema de pensiones estatal, solidario y de reparto con control de los pensionistas, sin bur\u00f3cratas y rateros.<\/span><\/p>\n<p style=\"text-align: justify;\"><span style=\"font-family: arial, helvetica, sans-serif; font-size: small;\">7.- Salud, educaci\u00f3n y vivienda garantizada por programas financiados por los recursos de una econom\u00eda estatizada y por leyes que proh\u00edban el negocio con las necesidades b\u00e1sicas. Prohibici\u00f3n del lucro en las universidades privadas. Estatizaci\u00f3n de cl\u00ednicas, ya que la salud est\u00e1 en estado cr\u00edtico, y deben ponerse todos los recursos para salvar la vida de ni\u00f1os, ancianos y cr\u00f3nicos.<\/span><\/p>\n<p style=\"text-align: justify;\"><span style=\"font-family: arial, helvetica, sans-serif; font-size: small;\">8.- Por la defensa de la calidad de vida y la biodiversidad, no a la mega miner\u00eda, no al uso de los agrot\u00f3xicos. Fuera Monsanto del Per\u00fa. La intangibilidad de las cabeceras de cuencas, humedales y zonas de cultivos que son la base de la alimentaci\u00f3n de los trabajadores, los campesinos y el pueblo las mayor\u00edas.<\/span><\/p>\n<p style=\"text-align: justify;\"><span style=\"font-family: arial, helvetica, sans-serif; font-size: small;\">9.- Ninguna gollor\u00eda a los congresistas que no tengan los trabajadores.<\/span><\/p>\n<p style=\"text-align: justify;\"><span style=\"font-family: arial, helvetica, sans-serif; font-size: small;\">10.- Eliminaci\u00f3n de todo ordenamiento legal que recorte o elimine los derechos de los trabajadores.<\/span><\/p>\n<p style=\"text-align: justify;\"><span style=\"font-family: arial, helvetica, sans-serif; font-size: small;\">11.-Por una nueva ley de miner\u00eda que garantice el monopolio estatal de la explotaci\u00f3n, retire las exoneraciones tributarias y la devoluci\u00f3n del IGV. Sin licencia social no hay miner\u00eda.<\/span><\/p>\n<p style=\"text-align: justify;\"><strong><span style=\"font-family: arial, helvetica, sans-serif; font-size: small;\">Sobre lo democr\u00e1tico y nuestra salida desde la clase trabajadora.<\/span><\/strong><\/p>\n<p style=\"text-align: justify;\"><span style=\"font-family: arial, helvetica, sans-serif; font-size: small;\">1.- Por la garant\u00eda de cumplimiento de las conquistas de las mujeres, como las de la maternidad y lactancia. Igualdad de derechos y su ampliaci\u00f3n, como el derecho a decidir sobre su cuerpo.<\/span><\/p>\n<p style=\"text-align: justify;\"><span style=\"font-family: arial, helvetica, sans-serif; font-size: small;\">2.- Plena garant\u00eda de investigaci\u00f3n de los casos de pederastia y abusos.<\/span><\/p>\n<p style=\"text-align: justify;\"><span style=\"font-family: arial, helvetica, sans-serif; font-size: small;\">3.- Todo poder debe surgir de la decisi\u00f3n democr\u00e1tica del pueblo. Por un Tribunal Constitucional elegido por voto universal.<\/span><\/p>\n<p style=\"text-align: justify;\"><span style=\"font-family: arial, helvetica, sans-serif; font-size: small;\">4.- Dar continuidad a las investigaciones de corrupci\u00f3n, que el fujiaprismo intento cerrar. Nulidad de todos los contratos celebrados productos de la corrupci\u00f3n, expropiaci\u00f3n de los bienes adquiridos con el dinero de la corrupci\u00f3n y el lavado de activos.<\/span><\/p>\n<p style=\"text-align: justify;\"><span style=\"font-family: arial, helvetica, sans-serif; font-size: small;\">5.- No al robo legalizado de los peajes, anulaci\u00f3n inmediata.<\/span><\/p>\n<p style=\"text-align: justify;\"><span style=\"font-family: arial, helvetica, sans-serif; font-size: small;\">6.- Por el respeto a las decisiones de las comunidades y pueblos para el cuidado de su modo de vida, tipo de econom\u00eda y cultura. Sin licencia social, no hay proyecto privado, ni estatal. Fuera las empresas multinacionales del campo y la ciudad.<\/span><\/p>\n<p style=\"text-align: justify;\"><span style=\"font-family: arial, helvetica, sans-serif; font-size: small;\">7.- Por que los legisladores no ganen m\u00e1s que un maestro de escuela.<\/span><\/p>\n<p style=\"text-align: justify;\"><span style=\"font-family: arial, helvetica, sans-serif; font-size: small;\">8.- Defendemos la inmunidad parlamentaria en el ejercicio del mandato de fiscalizar, legislar y representar. No a la impunidad para delincuentes con cargo.<\/span><\/p>\n<p style=\"text-align: justify;\"><span style=\"font-family: arial, helvetica, sans-serif; font-size: small;\">9.- Asamblea Constituyente para garantizar derechos y conquistas. Con representaci\u00f3n de todas las sangres y todas las lenguas para el respeto a las identidades regionales y su autonom\u00eda.<\/span><\/p>\n<p style=\"text-align: justify;\"><span style=\"font-family: arial, helvetica, sans-serif; font-size: small;\">10.- Que se vayan todos. Por un gobierno de los que nunca han gobernado, un gobierno de los trabajadores, los campesinos, pobres y los pueblos.<\/span><\/p>\n<p style=\"text-align: justify;\"><strong><span style=\"font-family: arial, helvetica, sans-serif; font-size: small;\">UNIOS en el Frente Amplio,<\/span><\/strong><br \/><strong><span style=\"font-family: arial, helvetica, sans-serif; font-size: small;\">secci\u00f3n peruana de la UIT-CI<\/span><\/strong><\/p>\n","protected":false},"excerpt":{"rendered":"<p>Propuestas de plan de emergencia de UNIOS en el Frente Amplio para las elecciones de enero del 2020<\/p>\n","protected":false},"author":1,"featured_media":3480,"comment_status":"open","ping_status":"open","sticky":false,"template":"","format":"standard","meta":[],"categories":[35],"tags":[],"_links":{"self":[{"href":"https:\/\/uit-ci.org\/index.php\/wp-json\/wp\/v2\/posts\/3481"}],"collection":[{"href":"https:\/\/uit-ci.org\/index.php\/wp-json\/wp\/v2\/posts"}],"about":[{"href":"https:\/\/uit-ci.org\/index.php\/wp-json\/wp\/v2\/types\/post"}],"author":[{"embeddable":true,"href":"https:\/\/uit-ci.org\/index.php\/wp-json\/wp\/v2\/users\/1"}],"replies":[{"embeddable":true,"href":"https:\/\/uit-ci.org\/index.php\/wp-json\/wp\/v2\/comments?post=3481"}],"version-history":[{"count":0,"href":"https:\/\/uit-ci.org\/index.php\/wp-json\/wp\/v2\/posts\/3481\/revisions"}],"wp:featuredmedia":[{"embeddable":true,"href":"https:\/\/uit-ci.org\/index.php\/wp-json\/wp\/v2\/media\/3480"}],"wp:attachment":[{"href":"https:\/\/uit-ci.org\/index.php\/wp-json\/wp\/v2\/media?parent=3481"}],"wp:term":[{"taxonomy":"category","embeddable":true,"href":"https:\/\/uit-ci.org\/index.php\/wp-json\/wp\/v2\/categories?post=3481"},{"taxonomy":"post_tag","embeddable":true,"href":"https:\/\/uit-ci.org\/index.php\/wp-json\/wp\/v2\/tags?post=3481"}],"curies":[{"name":"wp","href":"https:\/\/api.w.org\/{rel}","templated":true}]}}