{"id":3486,"date":"2020-01-27T15:48:07","date_gmt":"2020-01-27T15:48:07","guid":{"rendered":"http:\/\/uit-ci.org\/index.php\/2020\/01\/27\/peru-enrique-fernandez-chacon-electo-diputado-nacional\/"},"modified":"2020-01-27T15:48:07","modified_gmt":"2020-01-27T15:48:07","slug":"peru-enrique-fernandez-chacon-electo-diputado-nacional","status":"publish","type":"post","link":"https:\/\/uit-ci.org\/index.php\/2020\/01\/27\/peru-enrique-fernandez-chacon-electo-diputado-nacional\/","title":{"rendered":"Per\u00fa: Enrique Fern\u00e1ndez Chac\u00f3n electo diputado nacional"},"content":{"rendered":"<p style=\"text-align: justify;\"><span style=\"font-family: arial, helvetica, sans-serif; font-size: small;\"><img loading=\"lazy\" class=\" alignleft size-full wp-image-3485\" src=\"http:\/\/uit-ci.org\/wp-content\/uploads\/2020\/01\/Diseno_sin_titulo_1.jpg\" width=\"200\" height=\"200\" alt=\"Dise\u00f1o sin t\u00edtulo 1\" style=\"margin: 5px; float: left;\" srcset=\"https:\/\/uit-ci.org\/wp-content\/uploads\/2020\/01\/Diseno_sin_titulo_1-150x150.jpg 150w, https:\/\/uit-ci.org\/wp-content\/uploads\/2020\/01\/Diseno_sin_titulo_1-300x300.jpg 300w, https:\/\/uit-ci.org\/wp-content\/uploads\/2020\/01\/Diseno_sin_titulo_1-100x100.jpg 100w, https:\/\/uit-ci.org\/wp-content\/uploads\/2020\/01\/Diseno_sin_titulo_1-75x75.jpg 75w\" sizes=\"(max-width: 200px) 100vw, 200px\" \/>El pasado 26 de enero se llevaron a cabo las elecciones a congresales en Per\u00fa en medio de una crisis pol\u00edtica aguda del r\u00e9gimen y del gobierno patronal de Vizcarra.<\/span><\/p>\n<p>  <!--more-->  <\/p>\n<p style=\"text-align: justify;\"><span style=\"font-family: arial, helvetica, sans-serif; font-size: small;\">Enrique Fern\u00e1ndez Chac\u00f3n, dirigente de UNIOS, en el Frente Amplio (FA), y Arlette Contreras, luchadora Feminista referente de Ni Una Menos y que hizo campa\u00f1a junto a Isadora Per\u00fa y Un\u00edos, entraron como diputados nacionales del Frente Amplio. El FA logr\u00f3 el 6,1% nacional, superando la valla electoral, y un total estimado de m\u00e1s de 10 diputados. Triplicando los resultados de hace un a\u00f1o y medio en Lima. Estos resultados se enmarcan en la gran dispersi\u00f3n del voto, derrumbe de los partidos tradicionales por la corrupci\u00f3n y por gobernar para las multinacionales explotando al pueblo trabajador del Per\u00fa. Un claro ejemplo de ese derrumbe es que el partido (que m\u00e1s votos, Acci\u00f3n Popular, del que era parte el ex presidente Belaunde Terry, logr\u00f3 el 11.5%. Y el fujimorismo solo lleg\u00f3 al 8% bajando de 73 diputados a 12. El viejo APRA, del suicidado ex presidente Alan Garc\u00eda acusado de corrupci\u00f3n, solo lleg\u00f3 al 2,8% y queda fuera del Congreso luego de 60 a\u00f1os.<\/span><\/p>\n<p style=\"text-align: justify;\"><span style=\"font-family: arial, helvetica, sans-serif; font-size: small;\">Como correctamente lo se\u00f1ala el programa de campa\u00f1a de Un\u00edos: \u201cEl hartazgo del pueblo chileno y la resistencia al paquetazo del pueblo ecuatoriano, muestran que el agotamiento del modelo es a escala continental. Sin lugar a dudas esas luchas son el tel\u00f3n de fondo, sumado al cierre del Congreso, de estas elecciones en Per\u00fa.<\/span><\/p>\n<p style=\"text-align: justify;\"><span style=\"font-family: arial, helvetica, sans-serif; font-size: small;\">Nuestras demandas van en el sentido de atacar el modelo y sus consecuencias, para reemplazarlo por uno al servicio de los trabajadores y los pueblos, contra la corrupci\u00f3n y por una Asamblea Constituyente. Solo un gobierno de los trabajadores y los pueblos puede garantizar su realizaci\u00f3n. Nuestros candidatos Enrique Fern\u00e1ndez Chac\u00f3n (N\u00b0 1) y Carlos Portillas (N\u00b0 15) plantean sobre el cap\u00edtulo econ\u00f3mico: \u201cHay que cambiar todo lo haya que cambiar, para satisfacer las necesidades de los trabajadores, el pueblo y las grandes mayor\u00edas\u201d.<\/span><\/p>\n<p style=\"text-align: justify;\"><span style=\"font-family: arial, helvetica, sans-serif; font-size: small;\">Pedimos el voto para candidatos que proponen cambiar el pa\u00eds y construir una alternativa pol\u00edtica desde la izquierda con el Frente Amplio opuesta al fujiaprismo, sus comparsas como Acci\u00f3n Popular, Alianza Para el Progreso y al gobierno liberal de Vizcarra.<\/span><\/p>\n<p style=\"text-align: justify;\"><span style=\"font-family: arial, helvetica, sans-serif; font-size: small;\">Desde Un\u00edos en el Frente Amplio peleamos por una izquierda al servicio de las luchas y que se postule para dirigir el pa\u00eds. Apelando siempre a que la garant\u00eda es la gente en la calle y no solo una bancada consecuente. Afirmamos esto \u00faltimo, una y otra vez, porque es un elemento de diferenciaci\u00f3n con la vieja izquierda de Juntos por el Per\u00fa y Per\u00fa Libre y todos los sectores oportunistas\u201d.<\/span><\/p>\n<p style=\"text-align: justify;\"><span style=\"font-family: arial, helvetica, sans-serif; font-size: small;\">Desde la Unidad Internacional de Trabajadoras y Trabajadores \u2013 Cuarta Internacional (UIT-CI), saludamos la campa\u00f1a a pulm\u00f3n y el esfuerzo militante de las y los compa\u00f1eros de UNIOS, secci\u00f3n peruana de la UIT-CI, y la conquista de estas nuevas bancas al servicio de los trabajadores, las mujeres y los sectores m\u00e1s postergados de Per\u00fa. Saludamos, tambi\u00e9n, al compa\u00f1ero Enrique Fern\u00e1ndez Chac\u00f3n, qui\u00e9n con su trayectoria y coherencia pol\u00edtica, demostr\u00f3 ser una referencia para las y los trabajadores y los sectores populares de Lima que lo acompa\u00f1aron con su voto.<\/span><\/p>\n<p style=\"text-align: justify;\"><span style=\"font-family: arial, helvetica, sans-serif; font-size: small;\">\u00c2\u00c2\u00a0<\/span><\/p>\n","protected":false},"excerpt":{"rendered":"<p>El pasado 26 de enero se llevaron a cabo las elecciones a congresales en Per\u00fa en medio de una crisis pol\u00edtica aguda del r\u00e9gimen y del gobierno patronal de Vizcarra.<\/p>\n","protected":false},"author":1,"featured_media":3485,"comment_status":"open","ping_status":"open","sticky":false,"template":"","format":"standard","meta":[],"categories":[35],"tags":[],"_links":{"self":[{"href":"https:\/\/uit-ci.org\/index.php\/wp-json\/wp\/v2\/posts\/3486"}],"collection":[{"href":"https:\/\/uit-ci.org\/index.php\/wp-json\/wp\/v2\/posts"}],"about":[{"href":"https:\/\/uit-ci.org\/index.php\/wp-json\/wp\/v2\/types\/post"}],"author":[{"embeddable":true,"href":"https:\/\/uit-ci.org\/index.php\/wp-json\/wp\/v2\/users\/1"}],"replies":[{"embeddable":true,"href":"https:\/\/uit-ci.org\/index.php\/wp-json\/wp\/v2\/comments?post=3486"}],"version-history":[{"count":0,"href":"https:\/\/uit-ci.org\/index.php\/wp-json\/wp\/v2\/posts\/3486\/revisions"}],"wp:featuredmedia":[{"embeddable":true,"href":"https:\/\/uit-ci.org\/index.php\/wp-json\/wp\/v2\/media\/3485"}],"wp:attachment":[{"href":"https:\/\/uit-ci.org\/index.php\/wp-json\/wp\/v2\/media?parent=3486"}],"wp:term":[{"taxonomy":"category","embeddable":true,"href":"https:\/\/uit-ci.org\/index.php\/wp-json\/wp\/v2\/categories?post=3486"},{"taxonomy":"post_tag","embeddable":true,"href":"https:\/\/uit-ci.org\/index.php\/wp-json\/wp\/v2\/tags?post=3486"}],"curies":[{"name":"wp","href":"https:\/\/api.w.org\/{rel}","templated":true}]}}