{"id":3490,"date":"2020-01-30T18:52:16","date_gmt":"2020-01-30T18:52:16","guid":{"rendered":"http:\/\/uit-ci.org\/index.php\/2020\/01\/30\/estado-espanol-ninguna-confianza-en-este-gobierno\/"},"modified":"2020-01-30T18:52:16","modified_gmt":"2020-01-30T18:52:16","slug":"estado-espanol-ninguna-confianza-en-este-gobierno","status":"publish","type":"post","link":"https:\/\/uit-ci.org\/index.php\/2020\/01\/30\/estado-espanol-ninguna-confianza-en-este-gobierno\/","title":{"rendered":"Estado espa\u00f1ol: \u00a1Ninguna confianza en este gobierno!"},"content":{"rendered":"<p style=\"text-align: justify;\"><span style=\"font-family: arial, helvetica, sans-serif; font-size: small;\"><img loading=\"lazy\" class=\" alignleft size-full wp-image-3489\" src=\"http:\/\/uit-ci.org\/wp-content\/uploads\/2020\/01\/arton3694-c6aff.jpg\" width=\"226\" height=\"200\" alt=\"arton3694-c6aff\" style=\"margin: 5px; float: left;\" \/><em><strong>Editorial de Lucha Internacionalista, secci\u00f3n del Estado espa\u00f1ol de la UIT-CI<\/strong><\/em><\/span><\/p>\n<p style=\"text-align: justify;\"><span style=\"font-family: arial, helvetica, sans-serif; font-size: small;\">El rompecabezas milagrosamente funcion\u00f3: \u00a1\u00a1hay gobierno PSOE-UP!!, a pesar de todos los intentos desde la derecha y desde el aparato de estado para hacer descarrilar el proyecto. S\u00f3lo hay que recordar las dos sentencias, la de la JEC y la del Supremo, el d\u00eda antes del inicio de las sesiones de investidura, para la inhabilitaci\u00f3n de Torra y contra la resoluci\u00f3n europea que reconoc\u00eda como eurodiputado a Junqueras, para evidenciar que hasta el \u00faltimo instante la Monarqu\u00eda, el IBEX y la derecha buscaban un gobierno de acuerdo PSOE, PP y Ciudadanos, obviamente con la eliminaci\u00f3n de S\u00e1nchez.<\/span><\/p>\n<p>  <!--more-->  <\/p>\n<p style=\"text-align: justify;\"><span style=\"font-family: arial, helvetica, sans-serif; font-size: small;\">A menudo se tiene la sensaci\u00f3n de que si estos grandes poderes no quieren un Gobierno es que este ser\u00e1 bueno para las clases trabajadoras y los pueblos, pero esto es una forma de razonar demasiado simplista, aquello de que \u00ablos enemigos de mis enemigos, son mis amigos\u00bb, casi nunca pasa y no funciona.<\/span><\/p>\n<p style=\"text-align: justify;\"><span style=\"font-family: arial, helvetica, sans-serif; font-size: small;\">Este gobierno ser\u00e1 un gobierno burgu\u00e9s y mon\u00e1rquico, porque ni cuestiona la Monarqu\u00eda como c\u00e1rcel de pueblos, ni al capitalismo que nos hunde en su crisis. \u00bfEs posible hacer una pol\u00edtica para los trabajadores y los pueblos sin romper con el r\u00e9gimen y el sistema? Categ\u00f3ricamente, no. Y la respuesta, que tambi\u00e9n es cierta en \u00e9pocas de bonanza econ\u00f3mica, en esta situaci\u00f3n de crisis econ\u00f3mica y pol\u00edtica, es a\u00fan m\u00e1s imposible.<\/span><\/p>\n<p style=\"text-align: justify;\"><span style=\"font-family: arial, helvetica, sans-serif; font-size: small;\">Es por eso que el PSOE, que act\u00faa como el elemento m\u00e1s conservador en el Gobierno, ha blindado los ministerios que podr\u00edan generar gastos significativos, dejando a UP carteras pr\u00e1cticamente vac\u00edas. De esta manera mantiene el compromiso con la vicepresidencia de Unidas Podemos de derechos sociales y agenda 2030, pero separa el tema de pensiones con Jos\u00e9 Luis Escriv\u00e1 que hab\u00eda reclamado el aumento de la edad de jubilaci\u00f3n y los incrementos desvinculados del IPC . El resto de ministerios de UP son trabajo, consumo, igualdad, universidades.<\/span><\/p>\n<p style=\"text-align: justify;\"><span style=\"font-family: arial, helvetica, sans-serif; font-size: small;\">Y es que la reforma constitucional que aprob\u00f3 el Gobierno de Zapatero en 2011 con el apoyo de PP comprometer\u00e1 los Presupuestos de 2020. El 1 de enero ha entrado en vigor el art\u00edculo 135.2 de la Constituci\u00f3n, que impide que las administraciones puedan incurrir en un agujero presupuestario seg\u00fan los m\u00e1rgenes establecidos por la UE. Es decir, a partir de ahora ser\u00e1 inconstitucional que las cuentas p\u00fablicas no recojan los ajustes que exija Bruselas: en este momento, de cara a 2020, pide una reducci\u00f3n por valor del 0,65% del PIB, unos 8.000 millones de euros, casi la mitad de lo que se gasta en prestaciones de desempleo. El cambio actual, tambi\u00e9n implica que cualquier presupuesto pueda ser recurrido si no se ci\u00f1e a estas demandas: es decir basta con 50 diputados, como PP + Vox, para impugnar lo que quieran &#8230;. Desde que se aprob\u00f3 la reforma, han pasado 8 a\u00f1os, y se calculaba que, a estas alturas, ya se habr\u00eda enjuagado el desfase. Pero no es as\u00ed, y lo que el PSOE quiere garantizar es el cumplimiento con la UE, tratando de que la derecha lo deje pasar.<\/span><\/p>\n<p style=\"text-align: justify;\"><span style=\"font-family: arial, helvetica, sans-serif; font-size: small;\">Y si condicionado estar\u00e1 en la pol\u00edtica econ\u00f3mica para que no se salga del gui\u00f3n, no menos pasar\u00e1 con la relaci\u00f3n con Catalunya. El Gobierno ni acepta frenar la represi\u00f3n ni menos a\u00fan el derecho a la autodeterminaci\u00f3n, y la simple promesa de mesa de di\u00e1logo y desjudicializar las relaciones con Catalunya, ya ha provocado todas las acusaciones desde la derecha. Mientras ERC aplaude para agarrarse a cualquier promesa para justificar la vendida del aterrizaje auton\u00f3mico, el aparato del estado a trav\u00e9s de su partido Vox, arrastrando a PP y Ciudadanos, marcar\u00e1 estrechamente cualquier movimiento del Gobierno S\u00e1nchez-Iglesias. El simple hecho de que la Abogac\u00eda del Estado recomendara respetar la resoluci\u00f3n del Tribunal Europeo, supuso que Vox se querellara contra el Gobierno. Casado y tambi\u00e9n C \u2018s ya han dicho mover\u00e1n la in (justicia) que sea necesaria para evitar que los presos salgan o pisen las Cortes o el Parlamento &#8230;. Obviamente el Supremo dio la raz\u00f3n a la JEC inhabilitando Junqueras contra el Gobierno, los abogados del estado y la sentencia del Tribunal Europeo.<\/span><\/p>\n<p style=\"text-align: justify;\"><span style=\"font-family: arial, helvetica, sans-serif; font-size: small;\">La negativa a la elecci\u00f3n de Dolores Delgado, con un Casado llamando descaradamente a que el CGPJ la tumbara, es s\u00f3lo otro aviso que se enmarca en la continuidad de los ataques judiciales y represivos sobre los luchadores: \u00d2mnium calcula en 2.500 personas imputadas por el proceso, y la semana pasada se segu\u00edan sumando. Comienza un nuevo juicio contra el independentismo, ahora contra los mandos de los Mossos por el 1 octubre. Veremos el papel de la fiscal\u00eda y la abogac\u00eda del estado.<\/span><\/p>\n<p style=\"text-align: justify;\"><span style=\"font-family: arial, helvetica, sans-serif; font-size: small;\">La subordinaci\u00f3n del Gobierno S\u00e1nchez-Iglesias a los dictados del gran capital y la Monarqu\u00eda, vendr\u00e1 acompa\u00f1ado con un intento de desactivaci\u00f3n de los movimientos populares y sociales. Por un lado, deben evitar la movilizaci\u00f3n sindical por la derogaci\u00f3n de la reforma laboral. Del compromiso de derogar la reforma laboral, queda s\u00f3lo una reforma de 4 apartados: el despido por absentismo causado por enfermedad; eliminar la ultraactividad autom\u00e1tica; limitar la subcontrataci\u00f3n a Servicios especializados ajenos a la actividad principal de la empresa; limitar la flexibilidad empresarial y las desvinculaciones salariales.<\/span><\/p>\n<p style=\"text-align: justify;\"><span style=\"font-family: arial, helvetica, sans-serif; font-size: small;\">Tampoco da respuesta al movimiento m\u00e1s activo, el de pensionistas con un gran peso de Podemos en la COESPE. El Gobierno s\u00f3lo se compromete a eliminar el factor de sostenibilidad y el \u00edndice de revalorizaci\u00f3n, pero la reforma del Sistema de Seguridad Social la hace \u00aben el marco de di\u00e1logo social y del Pacto de Toledo\u00bb, mientras que el movimiento se ha pronunciado abiertamente contra el Pacto de Toledo. No es casual el boicot de Podemos y la COESPE a la huelga general del 30 de enero de Euskal Herria por pensiones dignas.<\/span><\/p>\n<p style=\"text-align: justify;\"><span style=\"font-family: arial, helvetica, sans-serif; font-size: small;\">\u00a1Ninguna confianza en este gobierno!<\/span><\/p>\n<p style=\"text-align: justify;\"><span style=\"font-family: arial, helvetica, sans-serif; font-size: small;\">\u00a1\u00a1Ni la mesa de negociaciones resolver\u00e1 la represi\u00f3n y la negaci\u00f3n de derechos, ni el acuerdo de gobierno PSOE-UP, resolver\u00e1 las necesidades de los y las trabajadoras!!<\/span><\/p>\n<p style=\"text-align: justify;\"><span style=\"font-family: arial, helvetica, sans-serif; font-size: small;\">\u00a1\u00a1Ni un paso atr\u00e1s en la lucha, ninguna tregua en la movilizaci\u00f3n!!<br \/>20\/01\/20<\/span><\/p>\n","protected":false},"excerpt":{"rendered":"<p>Editorial de Lucha Internacionalista, secci\u00f3n del Estado espa\u00f1ol de la UIT-CI El rompecabezas milagrosamente funcion\u00f3: \u00a1\u00a1hay gobierno PSOE-UP!!, a pesar de todos los intentos desde la derecha y desde el aparato de estado para hacer descarrilar el proyecto. S\u00f3lo hay que recordar las dos sentencias, la de la JEC y la del Supremo, el d\u00eda [&hellip;]<\/p>\n","protected":false},"author":1,"featured_media":3489,"comment_status":"open","ping_status":"open","sticky":false,"template":"","format":"standard","meta":[],"categories":[21],"tags":[],"_links":{"self":[{"href":"https:\/\/uit-ci.org\/index.php\/wp-json\/wp\/v2\/posts\/3490"}],"collection":[{"href":"https:\/\/uit-ci.org\/index.php\/wp-json\/wp\/v2\/posts"}],"about":[{"href":"https:\/\/uit-ci.org\/index.php\/wp-json\/wp\/v2\/types\/post"}],"author":[{"embeddable":true,"href":"https:\/\/uit-ci.org\/index.php\/wp-json\/wp\/v2\/users\/1"}],"replies":[{"embeddable":true,"href":"https:\/\/uit-ci.org\/index.php\/wp-json\/wp\/v2\/comments?post=3490"}],"version-history":[{"count":0,"href":"https:\/\/uit-ci.org\/index.php\/wp-json\/wp\/v2\/posts\/3490\/revisions"}],"wp:featuredmedia":[{"embeddable":true,"href":"https:\/\/uit-ci.org\/index.php\/wp-json\/wp\/v2\/media\/3489"}],"wp:attachment":[{"href":"https:\/\/uit-ci.org\/index.php\/wp-json\/wp\/v2\/media?parent=3490"}],"wp:term":[{"taxonomy":"category","embeddable":true,"href":"https:\/\/uit-ci.org\/index.php\/wp-json\/wp\/v2\/categories?post=3490"},{"taxonomy":"post_tag","embeddable":true,"href":"https:\/\/uit-ci.org\/index.php\/wp-json\/wp\/v2\/tags?post=3490"}],"curies":[{"name":"wp","href":"https:\/\/api.w.org\/{rel}","templated":true}]}}