{"id":3498,"date":"2020-02-03T14:47:30","date_gmt":"2020-02-03T14:47:30","guid":{"rendered":"http:\/\/uit-ci.org\/index.php\/2020\/02\/03\/peru-entrevista-a-enrique-fernandez-chacon-congresista-nacional-electo-en-peru\/"},"modified":"2020-02-03T14:47:30","modified_gmt":"2020-02-03T14:47:30","slug":"peru-entrevista-a-enrique-fernandez-chacon-congresista-nacional-electo-en-peru","status":"publish","type":"post","link":"https:\/\/uit-ci.org\/index.php\/2020\/02\/03\/peru-entrevista-a-enrique-fernandez-chacon-congresista-nacional-electo-en-peru\/","title":{"rendered":"Per\u00fa: Entrevista a Enrique Fern\u00e1ndez Chac\u00f3n, congresista nacional electo en Per\u00fa"},"content":{"rendered":"<p style=\"text-align: justify;\"><strong><span style=\"font-family: arial, helvetica, sans-serif; font-size: small;\"><img loading=\"lazy\" class=\" alignleft size-full wp-image-3497\" src=\"http:\/\/uit-ci.org\/wp-content\/uploads\/2020\/02\/83761334_2748259125240726_2942930536319942656_o.jpg\" width=\"229\" height=\"150\" alt=\"83761334 2748259125240726 2942930536319942656 o\" style=\"margin: 5px; float: left;\" \/>\u201cLas elecciones no cierran la crisis del r\u00e9gimen\u201d<\/span><\/strong><\/p>\n<p style=\"text-align: justify;\"><span style=\"font-family: arial, helvetica, sans-serif; font-size: small;\">Nueve partidos superaron la \u201cvalla\u201d del 5%, ingresando al parlamento, pero el partido que m\u00e1s votos obtuvo sac\u00f3 solo el 10% mostrando una gran dispersi\u00f3n. El Frente Amplio gana 9 congresistas con el 6,2% a nivel nacional (M\u00e1s de 800.000 votos) y su congresista m\u00e1s votado fue nuestro compa\u00f1ero Enrique Fern\u00e1ndez Chac\u00f3n (con 110.000 votos), hist\u00f3rico dirigente trotskista de UNIOS (UIT-CI) y quien result\u00f3 el cuarto congresista m\u00e1s votado de todo el Per\u00fa.<\/span><\/p>\n<p>  <!--more-->  <\/p>\n<p style=\"text-align: justify;\"><strong><span style=\"font-family: arial, helvetica, sans-serif; font-size: small;\">\u00bfCu\u00e1les son tus conclusiones de las elecciones?<\/span><\/strong><\/p>\n<p style=\"text-align: justify;\"><span style=\"font-family: arial, helvetica, sans-serif; font-size: small;\">Los grandes derrotados son los partidos que dominaban el Congreso anterior, el \u201cfujiaprismo\u201d. Fuerza Popular del fujimorismo retrocede de 73 congresistas a 12 y el APRA es la primera vez que no ingresa congresistas. Fueron identificados por las masas como los corruptos responsables de la crisis del pa\u00eds. Keiko Fujimori volvi\u00f3 a ser detenida luego de la elecci\u00f3n. Acci\u00f3n Popular (del ex presidente Belaunde Terry y que gan\u00f3 la alcald\u00eda de Lima en 2018), Alianza Para el Progreso y el Partido Morado fueron la apuesta de la burgues\u00eda para capitalizar el descontento popular y fracasaron. Son partidos que est\u00e1n divididos, fueron socios del fujiaprismo y defienden el actual modelo econ\u00f3mico. Las elecciones no cierran la crisis del r\u00e9gimen y ning\u00fan partido burgu\u00e9s obtiene apoyo popular masivo. No logran imponer el proyecto minero \u201cT\u00eda Mar\u00eda\u201d y crece el cuestionamiento al modelo econ\u00f3mico. El gobierno de Vizcarra ni siquiera present\u00f3 candidatos propios.<\/span><\/p>\n<p style=\"text-align: justify;\"><strong><span style=\"font-family: arial, helvetica, sans-serif; font-size: small;\">\u00bfY qu\u00e9 nuevos fen\u00f3menos se expresaron?<\/span><\/strong><\/p>\n<p style=\"text-align: justify;\"><span style=\"font-family: arial, helvetica, sans-serif; font-size: small;\">El candidato m\u00e1s votado fue Urresti, un militar que obtiene 400.000 votos, pero retrocede del mill\u00f3n de votos que obtuvo en 2018 y afronta un juicio por su accionar represivo y por la violaci\u00f3n a una campesina. Sorprendieron los \u201cpescaditos\u201d (Frepap) que salen segundos con un 8,3%, una secta religiosa, mesi\u00e1nica, similar a otros fen\u00f3menos de Latinoam\u00e9rica como Bolsonaro en Brasil o A\u00f1ez en Bolivia, pero todav\u00eda incipiente. Y obtiene 7% Antauro Humala (detenido por un levantamiento militar en 2005 y hermano del ex presidente Ollanta), con un discurso nacionalista \u201cradical\u201d bastante reaccionario. El surgimiento de estos sectores refleja distorsionadamente la b\u00fasqueda que est\u00e1 realizando el movimiento de masas.<\/span><\/p>\n<p style=\"text-align: justify;\"><strong><span style=\"font-family: arial, helvetica, sans-serif; font-size: small;\">\u00bfY el Frente Amplio?<\/span><\/strong><\/p>\n<p style=\"text-align: justify;\"><span style=\"font-family: arial, helvetica, sans-serif; font-size: small;\">Atraves\u00f3 la ruptura de Veronika Mendoza que arm\u00f3 Juntos por el Per\u00fa en alianza con Yehude Simon (responsable de la masacre contra los ind\u00edgenas en Bagua) y no superaron la valla, as\u00ed como Vladimir Cerr\u00f3n (ex gobernador de Jun\u00edn condenado por delitos de corrupci\u00f3n) de Per\u00fa Libre. Quienes quedamos en el FA empalmamos con los movimientos sociales que enfrentan el saqueo de las mineras y en Lima triplicamos los votos desde las municipales del 2018. Obtuvimos el 6,2% nacional y elegimos 9 congresistas, logrando ser la primera fuerza de la izquierda. En la campa\u00f1a me reconocieron como trotskista, por representar a la izquierda formada en las luchas sindicales y sociales, opuesta a la vieja izquierda que integr\u00f3 los gobiernos de Toledo y Ollanta Humala. Enfrentamos la l\u00f3gica del \u201cmal menor\u201d de una \u201cizquierda\u201d formada en las ONG cuyo objetivo es ser ministros, embajadores o funcionarios de alg\u00fan gobierno burgu\u00e9s de turno. Mi llamado es a construir partido revolucionario para luchar por el poder, defender la independencia de clase de los trabajadores y construir organizaciones propias en las luchas. Estos postulados fueron reconocidos en mi votaci\u00f3n, una especie de balance que realiz\u00f3 un sector del movimiento de masas y me da una nueva oportunidad a mis 77 a\u00f1os.<\/span><\/p>\n<p style=\"text-align: justify;\"><strong><span style=\"font-family: arial, helvetica, sans-serif; font-size: small;\">\u00bfCu\u00e1les son los debates que habr\u00e1 en el nuevo Congreso?<\/span><\/strong><\/p>\n<p style=\"text-align: justify;\"><span style=\"font-family: arial, helvetica, sans-serif; font-size: small;\">Hemos realizado una campa\u00f1a de a pie, militante y muy austera, recogiendo en las calles los reclamos de los trabajadores y el pueblo. El gobierno de Vizcarra quiere impulsar una \u201creforma pol\u00edtica\u201d, imponer su agenda. La agenda que llevamos desde el Frente Amplio es contra el modelo econ\u00f3mico, es la agenda de los reclamos por salarios, contra la flexibilizaci\u00f3n laboral, por las pensiones y jubilaciones, contra las AFP, y por educaci\u00f3n y salud dignas. Hay movimientos de lucha muy fuertes, por eso hicimos el planteo de que \u201ccon el voto tambi\u00e9n se lucha\u201d, representando los reclamos por cambiar el modelo econ\u00f3mico. La gran preocupaci\u00f3n de la burgues\u00eda es que no se toque el modelo econ\u00f3mico.<\/span><\/p>\n<p style=\"text-align: justify;\"><strong><span style=\"font-family: arial, helvetica, sans-serif; font-size: small;\">\u00bfY la propuesta de asamblea constituyente?<\/span><\/strong><\/p>\n<p style=\"text-align: justify;\"><span style=\"font-family: arial, helvetica, sans-serif; font-size: small;\">La izquierda est\u00e1 elevando a \u201cpanacea\u201d la propuesta de que haya una asamblea constituyente, en rechazo a la constituci\u00f3n de 1993 de Fujimori. Pero necesitamos una pelea abierta del movimiento de masas y ah\u00ed lo fundamental es construir partido revolucionario, para luchar por el poder, por el gobierno de los trabajadores. No se trata de cambiar una ley por otra. En Venezuela, en Ecuador, en Bolivia ha habido reformas constitucionales y no ha cambiado mucho la situaci\u00f3n. La clave es si el movimiento obrero y popular se moviliza, la burgues\u00eda se va a aferrar a sus privilegios y ser\u00e1 en la lucha donde se defina la situaci\u00f3n, no en una asamblea constituyente, aunque sea la instancia m\u00e1s democr\u00e1tica dentro del r\u00e9gimen. Por ejemplo en la Asamblea Constituyente de 1979 logramos algunas conquistas porque ven\u00edamos de grandes huelgas generales contra la dictadura militar, pero actualmente la clase obrera est\u00e1 atomizada sindicalmente y con un 72% de informalidad y tercerizaci\u00f3n. Por eso la clave es avanzar en la organizaci\u00f3n y movilizaci\u00f3n de los trabajadores, fortaleciendo los sindicatos y las luchas populares.<\/span><\/p>\n<p style=\"text-align: justify;\"><span style=\"font-family: arial, helvetica, sans-serif; font-size: small;\">\u00bf<strong>C\u00f3mo est\u00e1 UNIOS, la secci\u00f3n peruana de la UIT-CI?<\/strong><\/span><\/p>\n<p style=\"text-align: justify;\"><span style=\"font-family: arial, helvetica, sans-serif; font-size: small;\">Tenemos una gran oportunidad de construcci\u00f3n, nos hemos mantenido firmes contra la debacle del resto de la izquierda, eso fue todo un m\u00e9rito, y ahora se han acercado muchos compa\u00f1eros nuevos. El movimiento de masas est\u00e1 buscando una nueva conducci\u00f3n y nosotros intervenimos en las luchas para crecer. Si nos hemos mantenido hasta ahora creo que fue por nuestra organizaci\u00f3n internacional, la UIT-CI. Y ahora tenemos planteado dar un salto en la construcci\u00f3n de UNIOS en el Frente Amplio. Asumimos ese desaf\u00edo.<\/span><\/p>\n<p style=\"text-align: justify;\"><span style=\"font-family: arial, helvetica, sans-serif; font-size: small;\">Entrevist\u00f3: Javier Leonforte<br \/><a href=\"index.php\/noticias-y-documentos\/noticias-internacionales\/2465-2020-02-12-15-25-39\">(t\u00fcrk\u00e7e okuyun)<\/a><\/span><\/p>\n","protected":false},"excerpt":{"rendered":"<p>\u201cLas elecciones no cierran la crisis del r\u00e9gimen\u201d Nueve partidos superaron la \u201cvalla\u201d del 5%, ingresando al parlamento, pero el partido que m\u00e1s votos obtuvo sac\u00f3 solo el 10% mostrando una gran dispersi\u00f3n. El Frente Amplio gana 9 congresistas con el 6,2% a nivel nacional (M\u00e1s de 800.000 votos) y su congresista m\u00e1s votado fue [&hellip;]<\/p>\n","protected":false},"author":1,"featured_media":3497,"comment_status":"open","ping_status":"open","sticky":false,"template":"","format":"standard","meta":[],"categories":[35],"tags":[],"_links":{"self":[{"href":"https:\/\/uit-ci.org\/index.php\/wp-json\/wp\/v2\/posts\/3498"}],"collection":[{"href":"https:\/\/uit-ci.org\/index.php\/wp-json\/wp\/v2\/posts"}],"about":[{"href":"https:\/\/uit-ci.org\/index.php\/wp-json\/wp\/v2\/types\/post"}],"author":[{"embeddable":true,"href":"https:\/\/uit-ci.org\/index.php\/wp-json\/wp\/v2\/users\/1"}],"replies":[{"embeddable":true,"href":"https:\/\/uit-ci.org\/index.php\/wp-json\/wp\/v2\/comments?post=3498"}],"version-history":[{"count":0,"href":"https:\/\/uit-ci.org\/index.php\/wp-json\/wp\/v2\/posts\/3498\/revisions"}],"wp:featuredmedia":[{"embeddable":true,"href":"https:\/\/uit-ci.org\/index.php\/wp-json\/wp\/v2\/media\/3497"}],"wp:attachment":[{"href":"https:\/\/uit-ci.org\/index.php\/wp-json\/wp\/v2\/media?parent=3498"}],"wp:term":[{"taxonomy":"category","embeddable":true,"href":"https:\/\/uit-ci.org\/index.php\/wp-json\/wp\/v2\/categories?post=3498"},{"taxonomy":"post_tag","embeddable":true,"href":"https:\/\/uit-ci.org\/index.php\/wp-json\/wp\/v2\/tags?post=3498"}],"curies":[{"name":"wp","href":"https:\/\/api.w.org\/{rel}","templated":true}]}}