{"id":3507,"date":"2020-02-10T18:31:02","date_gmt":"2020-02-10T18:31:02","guid":{"rendered":"http:\/\/uit-ci.org\/index.php\/2020\/02\/10\/venezuela-se-exigio-la-libertad-de-rodney-alvarez\/"},"modified":"2020-02-10T18:31:02","modified_gmt":"2020-02-10T18:31:02","slug":"venezuela-se-exigio-la-libertad-de-rodney-alvarez","status":"publish","type":"post","link":"https:\/\/uit-ci.org\/index.php\/2020\/02\/10\/venezuela-se-exigio-la-libertad-de-rodney-alvarez\/","title":{"rendered":"Venezuela: Se exigi\u00f3 la libertad de Rodney \u00c1lvarez"},"content":{"rendered":"<p style=\"text-align: justify;\"><span style=\"font-family: arial, helvetica, sans-serif; font-size: small;\"><img loading=\"lazy\" class=\" alignleft size-full wp-image-3505\" src=\"http:\/\/uit-ci.org\/wp-content\/uploads\/2020\/02\/WhatsApp_Image_2020-02-10_at_16.00.38.jpeg\" width=\"240\" height=\"180\" alt=\"WhatsApp Image 2020-02-10 at 16.00.38\" style=\"margin: 5px; float: left;\" srcset=\"https:\/\/uit-ci.org\/wp-content\/uploads\/2020\/02\/WhatsApp_Image_2020-02-10_at_16.00.38.jpeg 1008w, https:\/\/uit-ci.org\/wp-content\/uploads\/2020\/02\/WhatsApp_Image_2020-02-10_at_16.00.38-300x225.jpeg 300w, https:\/\/uit-ci.org\/wp-content\/uploads\/2020\/02\/WhatsApp_Image_2020-02-10_at_16.00.38-768x576.jpeg 768w, https:\/\/uit-ci.org\/wp-content\/uploads\/2020\/02\/WhatsApp_Image_2020-02-10_at_16.00.38-600x450.jpeg 600w, https:\/\/uit-ci.org\/wp-content\/uploads\/2020\/02\/WhatsApp_Image_2020-02-10_at_16.00.38-750x563.jpeg 750w\" sizes=\"(max-width: 240px) 100vw, 240px\" \/>En Caracas se realiz\u00f3 una concentracion unitaria, con distitntas organizaciones, en repudio y pedido de libertad de Rodney Alvarez con presencia de dirigentes del Partido Socialismo y Libertad y de C-CURA. Entre ellos Orlando Chirino, Armando Guerra, Miguel Angel Hernandez y dirigentes sindicales como Tony Navas, entre otros. En este mismo sentido se llevaron acabo distintas acciones en otros paises.<\/span><\/p>\n<p>  <!--more-->  <\/p>\n<p style=\"text-align: justify;\"><span style=\"font-family: arial, helvetica, sans-serif; font-size: small;\">Acci\u00f3n unitaria en la embajada de Venezuela en Argentina por la libertad del preso politico Rodney Alvarez.<\/span><\/p>\n<p style=\"text-align: justify;\"><span style=\"font-family: arial, helvetica, sans-serif; font-size: small;\">Con un acto y un petitorio entregado a un funcionario de la embajada de Venezuela en nuestro pa\u00eds, distintas organizaciones de izquierda nos hicimos hicieron presente hoy lunes 10 de Febrero en dicha sede diplom\u00e1tica. De la misma participaron el diputado electo Juan Carlos Giordano (Izquierda Socialista en el FIT Unidad), Raz\u00f3n y Revoluci\u00f3n, Comuna Socialista, el dirigente combativo docente de Ademys Jorge Adaro. Se leyeron distintas adhesiones, entre ellas la del dirigente Rub\u00e9n \u201cPollo\u201d Sobrero y distintos Suteba Multicolor, entre otros. Tambi\u00e9n apoy\u00f3 la UIT-CI. La protesta fue en sinton\u00eda con una similar realizada en Venezuela de la cual es parte la corriente sindical combativa C-Cura y el PSL (Partido Socialismo y Libertad), entre otras organizaciones de ese pa\u00eds.<img loading=\"lazy\" class=\" alignright size-full wp-image-3506\" src=\"http:\/\/uit-ci.org\/wp-content\/uploads\/2020\/02\/fb4063c3834defd1485ee25d59668c8f_XL.jpg\" width=\"252\" height=\"223\" alt=\"fb4063c3834defd1485ee25d59668c8f XL\" style=\"margin: 5px; float: right;\" srcset=\"https:\/\/uit-ci.org\/wp-content\/uploads\/2020\/02\/fb4063c3834defd1485ee25d59668c8f_XL.jpg 1280w, https:\/\/uit-ci.org\/wp-content\/uploads\/2020\/02\/fb4063c3834defd1485ee25d59668c8f_XL-300x265.jpg 300w, https:\/\/uit-ci.org\/wp-content\/uploads\/2020\/02\/fb4063c3834defd1485ee25d59668c8f_XL-1024x906.jpg 1024w, https:\/\/uit-ci.org\/wp-content\/uploads\/2020\/02\/fb4063c3834defd1485ee25d59668c8f_XL-768x679.jpg 768w, https:\/\/uit-ci.org\/wp-content\/uploads\/2020\/02\/fb4063c3834defd1485ee25d59668c8f_XL-600x531.jpg 600w, https:\/\/uit-ci.org\/wp-content\/uploads\/2020\/02\/fb4063c3834defd1485ee25d59668c8f_XL-750x663.jpg 750w, https:\/\/uit-ci.org\/wp-content\/uploads\/2020\/02\/fb4063c3834defd1485ee25d59668c8f_XL-1140x1008.jpg 1140w\" sizes=\"(max-width: 252px) 100vw, 252px\" \/><\/span><\/p>\n<p style=\"text-align: justify;\"><span style=\"font-family: arial, helvetica, sans-serif; font-size: small;\">Giordano se\u00f1al\u00f3: \u00abConcurrimos a reclamar por la libertad del obrero Rodney \u00c1lvarez de Ferrominera Orinoco, falsamente acusado de matar a un trabajador durante una asamblea. Las evidencias apuntan como responsables a directivos sindicales y pol\u00edticos del PSUV. Alvarez est\u00e1 preso por un crimen que no cometi\u00f3, sin pruebas, ni sentencia. Ahora se encuentra realizando una huelga de hambre mientras espera juicio desde hace 8 a\u00f1os. Exigimos su libertad inmediata y repudiamos la criminalizaci\u00f3n de la protesta en dicho pa\u00eds por parte del gobierno de Maduro.\u201d<\/span><\/p>\n<p style=\"text-align: justify;\"><span style=\"font-family: arial, helvetica, sans-serif; font-size: small;\">Giordano aclar\u00f3 que Rodney \u00c1lvarez est\u00e1 detenido desde el 2011 cuando en una asamblea de trabajadores de Ferrominera del Orinoco convocada para elegir la comisi\u00f3n electoral del sindicato, fue asesinado el obrero Renny Rojas producto de dos disparos. Los asistentes y c\u00e1maras de seguridad constataron que H\u00e9ctor Maic\u00e1n, directivo sindical y militante del PSUV, efect\u00fao disparos hiriendo a Rojas. Maic\u00e1n fue detenido pero luego liberado. Luego se acus\u00f3 falsamente a Rodney \u00c1lvarez del hecho cuando no particip\u00f3 del mismo. \u00c1lvarez es parte del sindicalismo independiente y combativo en Ferrominera del Orinoco.<\/span><\/p>\n","protected":false},"excerpt":{"rendered":"<p>En Caracas se realiz\u00f3 una concentracion unitaria, con distitntas organizaciones, en repudio y pedido de libertad de Rodney Alvarez con presencia de dirigentes del Partido Socialismo y Libertad y de C-CURA. Entre ellos Orlando Chirino, Armando Guerra, Miguel Angel Hernandez y dirigentes sindicales como Tony Navas, entre otros. En este mismo sentido se llevaron acabo [&hellip;]<\/p>\n","protected":false},"author":1,"featured_media":3505,"comment_status":"open","ping_status":"open","sticky":false,"template":"","format":"standard","meta":[],"categories":[35],"tags":[],"_links":{"self":[{"href":"https:\/\/uit-ci.org\/index.php\/wp-json\/wp\/v2\/posts\/3507"}],"collection":[{"href":"https:\/\/uit-ci.org\/index.php\/wp-json\/wp\/v2\/posts"}],"about":[{"href":"https:\/\/uit-ci.org\/index.php\/wp-json\/wp\/v2\/types\/post"}],"author":[{"embeddable":true,"href":"https:\/\/uit-ci.org\/index.php\/wp-json\/wp\/v2\/users\/1"}],"replies":[{"embeddable":true,"href":"https:\/\/uit-ci.org\/index.php\/wp-json\/wp\/v2\/comments?post=3507"}],"version-history":[{"count":0,"href":"https:\/\/uit-ci.org\/index.php\/wp-json\/wp\/v2\/posts\/3507\/revisions"}],"wp:featuredmedia":[{"embeddable":true,"href":"https:\/\/uit-ci.org\/index.php\/wp-json\/wp\/v2\/media\/3505"}],"wp:attachment":[{"href":"https:\/\/uit-ci.org\/index.php\/wp-json\/wp\/v2\/media?parent=3507"}],"wp:term":[{"taxonomy":"category","embeddable":true,"href":"https:\/\/uit-ci.org\/index.php\/wp-json\/wp\/v2\/categories?post=3507"},{"taxonomy":"post_tag","embeddable":true,"href":"https:\/\/uit-ci.org\/index.php\/wp-json\/wp\/v2\/tags?post=3507"}],"curies":[{"name":"wp","href":"https:\/\/api.w.org\/{rel}","templated":true}]}}