{"id":3560,"date":"2020-03-18T19:18:35","date_gmt":"2020-03-18T19:18:35","guid":{"rendered":"http:\/\/uit-ci.org\/index.php\/2020\/03\/18\/colombia-todos-al-paro-contra-el-gobierno-ilegitimo-de-duque-uribe-y-su-antipopular-paquete-de-ajuste-economico\/"},"modified":"2020-03-18T19:18:35","modified_gmt":"2020-03-18T19:18:35","slug":"colombia-todos-al-paro-contra-el-gobierno-ilegitimo-de-duque-uribe-y-su-antipopular-paquete-de-ajuste-economico","status":"publish","type":"post","link":"https:\/\/uit-ci.org\/index.php\/2020\/03\/18\/colombia-todos-al-paro-contra-el-gobierno-ilegitimo-de-duque-uribe-y-su-antipopular-paquete-de-ajuste-economico\/","title":{"rendered":"Colombia: Todos al paro Contra el gobierno ileg\u00edtimo de Duque-Uribe y su antipopular paquete de ajuste econ\u00f3mico"},"content":{"rendered":"<p style=\"text-align: justify;\"><strong><span style=\"font-family: arial, helvetica, sans-serif; font-size: small;\"><img loading=\"lazy\" class=\" alignleft size-full wp-image-3559\" src=\"http:\/\/uit-ci.org\/wp-content\/uploads\/2020\/03\/w1240-p16x9-Protestas-en-Colombia-cacerola-analisis-Reuters.jpg\" width=\"266\" height=\"150\" alt=\"w1240-p16x9-Protestas-en-Colombia-cacerola-analisis-Reuters\" style=\"margin: 5px; float: left;\" srcset=\"https:\/\/uit-ci.org\/wp-content\/uploads\/2020\/03\/w1240-p16x9-Protestas-en-Colombia-cacerola-analisis-Reuters.jpg 1240w, https:\/\/uit-ci.org\/wp-content\/uploads\/2020\/03\/w1240-p16x9-Protestas-en-Colombia-cacerola-analisis-Reuters-300x169.jpg 300w, https:\/\/uit-ci.org\/wp-content\/uploads\/2020\/03\/w1240-p16x9-Protestas-en-Colombia-cacerola-analisis-Reuters-1024x576.jpg 1024w, https:\/\/uit-ci.org\/wp-content\/uploads\/2020\/03\/w1240-p16x9-Protestas-en-Colombia-cacerola-analisis-Reuters-768x432.jpg 768w, https:\/\/uit-ci.org\/wp-content\/uploads\/2020\/03\/w1240-p16x9-Protestas-en-Colombia-cacerola-analisis-Reuters-600x338.jpg 600w, https:\/\/uit-ci.org\/wp-content\/uploads\/2020\/03\/w1240-p16x9-Protestas-en-Colombia-cacerola-analisis-Reuters-750x422.jpg 750w, https:\/\/uit-ci.org\/wp-content\/uploads\/2020\/03\/w1240-p16x9-Protestas-en-Colombia-cacerola-analisis-Reuters-1140x642.jpg 1140w\" sizes=\"(max-width: 266px) 100vw, 266px\" \/>25-M: Todos al paro Contra el gobierno ileg\u00edtimo de Duque-Uribe y su antipopular paquete de ajuste econ\u00f3mico<\/span><\/strong><br \/><em><span style=\"font-family: arial, helvetica, sans-serif; font-size: small;\">marzo 17, 2020<\/span><\/em><\/p>\n<p style=\"text-align: justify;\"><span style=\"font-family: arial, helvetica, sans-serif; font-size: small;\">La publicaci\u00f3n de la transcripci\u00f3n de los audios que involucran directamente al presidente Duque y al senador \u00c1lvaro Uribe V\u00e9lez en el entramado de compra de votos en la Costa Atl\u00e1ntica, durante la primera y segunda vuelta de las elecciones presidenciales realizadas en el a\u00f1o 2018, corroboran de manera clara y contundente los v\u00ednculos que estos dos personajes, el Centro Democr\u00e1tico, la c\u00fapula de las fuerzas armadas, los par\u00e1sitos terratenientes, empresarios y sus medios de comunicaci\u00f3n, tienen con el narcotr\u00e1fico, el paramilitarismo y los clanes familiares oligarcas, para torcer a sangre y fuego la voluntad popular y dominar a su antojo los destinos de la naci\u00f3n.<\/span><\/p>\n<p>  <!--more-->  <\/p>\n<p style=\"text-align: justify;\"><span style=\"font-family: arial, helvetica, sans-serif; font-size: small;\">Al sello distintivo que identificaba al gobierno de Duque-Uribe como corrupto, violador de los derechos humanos, privatizador, enemigo del medio ambiente, asesino de l\u00edderes sociales y promotor de un brutal paquete de ajuste econ\u00f3mico antipopular que solo favorece a los grandes empresarios nacionales, internacionales y al sector financiero, habr\u00e1 que agregarle el de ileg\u00edtimo, en tanto asegur\u00f3 su triunfo mediante el terror y la compra de votos en varias regiones del pa\u00eds.<\/span><\/p>\n<p style=\"text-align: justify;\"><span style=\"font-family: arial, helvetica, sans-serif; font-size: small;\">Es por todo lo anterior que este gobierno de ileg\u00edtimos y criminales goza del repudio de m\u00e1s del 70% de la poblaci\u00f3n, rechazo que es m\u00e1s profundo y agudo entre la juventud, quienes han estado a la vanguardia en la batalla por alcanzar un nuevo modelo econ\u00f3mico, pol\u00edtico y social. Son esas las razones que nos empujaron a cientos de miles de colombianos a salir en masa desde el pasado 21 de noviembre del a\u00f1o pasado a las calles para denunciar, enfrentar y jugarnos hasta la vida para impedir que las reformas tributaria, laboral y pensional, promovidas por el gobierno se hicieran efectivas. Batalla que ha continuado durante este 2020 y que nuevamente tendr\u00e1 el 25 de marzo otra prueba de fuego, cuando miles y miles salgamos a las calles para seguir confrontando al gobierno y a todos aquellos que le apoyan velada o descaradamente. Este 25 de marzo debemos salir a la calle con la perspectiva de seguir creando las condiciones para desarrollar una acci\u00f3n de alto calado, un paro nacional indefinido que sea capaz de derrotar el paquetazo y quitarnos de encima este gobierno ileg\u00edtimo y criminal.<\/span><\/p>\n<p style=\"text-align: justify;\"><span style=\"font-family: arial, helvetica, sans-serif; font-size: small;\">Que la crisis econ\u00f3mica y la emergencia de salud generada por el Coronavirus la paguen los empresarios, el sector financiero, los fondos privados de pensiones y las empresas qu\u00edmico-farmac\u00e9uticas<\/span><\/p>\n<p style=\"text-align: justify;\"><span style=\"font-family: arial, helvetica, sans-serif; font-size: small;\">La crisis econ\u00f3mica en ciernes en la que se avizora una sustancial ca\u00edda de la producci\u00f3n y de las exportaciones, la depreciaci\u00f3n del peso frente al d\u00f3lar, el encarecimiento de la deuda externa y el consiguiente deterioro de la capacidad de compra de los salarios; aunado a la declaratoria de emergencia en salud por el contagio del Covid-19 entre la poblaci\u00f3n, quieren ser utilizadas por el gobierno como excusa para seguir restringiendo el derecho a la protesta y sobre todo para tratar de encubrir su ineptitud, los sucesivos y graves esc\u00e1ndalos, y para ocultar la crisis pol\u00edtica interna que lo corroe.<\/span><\/p>\n<p style=\"text-align: justify;\"><span style=\"font-family: arial, helvetica, sans-serif; font-size: small;\">Frente a esta realidad no debe quedar ning\u00fan manto de duda que los \u00fanicos responsables de este dram\u00e1tico presente y futuro son el gobierno de Duque-Uribe y los grandes empresarios. La crisis econ\u00f3mica no se debe al Covid-19, eso es falso. La crisis es la resultante de la privatizaci\u00f3n de las empresas nacionales; de la falta de incentivo y apoyo a la industria nacional y la producci\u00f3n agr\u00edcola; de los acuerdos internacionales lesivos como son los TLC; del creciente endeudamiento externo; de la desbordada corrupci\u00f3n, de la entrega de amplios territorios a las multinacionales para la voraz explotaci\u00f3n del suelo que degrada el medio ambiente; del despojo de casi 10 millones de hect\u00e1reas al campesinado, solamente durante los gobiernos de Pastrana y Uribe y al desplazamiento de cerca de 8 millones de colombianos a las grandes ciudades (el 2\u00ba m\u00e1s alto del mundo despu\u00e9s de Siria) y de muchas otras medidas mas que afectan a los pobres y benefician a los m\u00e1s poderosos.<\/span><\/p>\n<p style=\"text-align: justify;\"><span style=\"font-family: arial, helvetica, sans-serif; font-size: small;\">Lo mismo podemos afirmar frente a la crisis provocada por la expansi\u00f3n en el territorio nacional de la pandemia del Covid-19. Las medidas anunciadas son insuficientes e irresponsables, en tanto que la poblaci\u00f3n vulnerable queda abandonada a su propia suerte, sin tener acceso directo a la atenci\u00f3n en salud. Todas las medidas apuntan a suplir la atenci\u00f3n directa por las consultas telef\u00f3nicas y que sean los afectados quienes voluntariamente se autoaislen y cuiden, quedando en claro que el Estado ni est\u00e1 en condiciones, ni quiere hacerse cargo de la salud de los colombianos. Esto es as\u00ed porque la Ley 100, cuyo promotor fue \u00c1lvaro Uribe Velez, convirti\u00f3 la salud en un lucrativo negocio que acab\u00f3 con el sistema de seguridad social existente; y las EPS fueron las principales herramientas para privatizar el sistema, saquear el erario p\u00fablico y robar los aportes a millones de colombianos.<\/span><\/p>\n<p style=\"text-align: justify;\"><span style=\"font-family: arial, helvetica, sans-serif; font-size: small;\">En contraste, el Banco de la Rep\u00fablica ofrece millones de d\u00f3lares a precios estables a los empresarios para blindarlos frente a la afectaci\u00f3n por la devaluaci\u00f3n del peso. Del mismo modo se extienden los cr\u00e9ditos blandos para los ricos, pero se abandona a los pobres y los trabajadores quienes tenemos que hacer magia para sobrevivir con un miserable salario m\u00ednimo.<\/span><\/p>\n<p style=\"text-align: justify;\"><span style=\"font-family: arial, helvetica, sans-serif; font-size: small;\">Si el gobierno y los empresarios son los responsables es justo exigir que sean ellos los que cubran el costo de la crisis. El sector financiero obtuvo ganancias por el orden de los 35 billones de pesos; los fondos privados de pensiones lograron ganancias en el 2019 cercanas a los 40 billones. Ni que decir las utilidades obtenidas por las empresas qu\u00edmico-farmac\u00e9uticas que operan en el pa\u00eds. A ellos les corresponden aportar los dineros necesarios para mitigar la crisis, as\u00ed como evitar el deterioro mayor de la salud de la poblaci\u00f3n y del sistema p\u00fablico de salud.<\/span><\/p>\n<p style=\"text-align: justify;\"><span style=\"font-family: arial, helvetica, sans-serif; font-size: small;\">A lo anterior hay que sumarle la exigencia al gobierno de restituir el sistema nacional de salud previo a la implementaci\u00f3n de la Ley 100, la estatizaci\u00f3n de las EPS y la centralizaci\u00f3n en un solo Fondo Estatal de Pensiones que asegure la salud para el pueblo, y retiros laborales dignos para pensionados y jubilados.<\/span><\/p>\n<p style=\"text-align: justify;\"><span style=\"font-family: arial, helvetica, sans-serif; font-size: small;\">Ninguna tregua a este gobierno. Todos al paro del 25 de marzo para derrotar el paquetazo<\/span><\/p>\n<p style=\"text-align: justify;\"><span style=\"font-family: arial, helvetica, sans-serif; font-size: small;\">Siendo conscientes de las limitaciones normales y cuidados que se deben atender para hacer frente a la extensi\u00f3n de la pandemia, los trabajadores, los j\u00f3venes, las mujeres, las comunidades ind\u00edgenas, \u00e9tnicas y sexuales, los campesinos, los estudiantes y los sectores populares debemos redoblar el compromiso de profundizar la lucha para derrotar al gobierno ileg\u00edtimo y asesino, as\u00ed como su paquetazo fondomonetarista. Con mayor intensidad tambi\u00e9n se debe hacer la exigencia a la dirigencia del Comit\u00e9 Nacional de Paro, quienes por ahora no se destacan de estar en primera l\u00ednea en la preparaci\u00f3n y realizaci\u00f3n de las acciones de lucha exigidas por la poblaci\u00f3n. Debemos oponernos y denunciar a sus voceros quienes el 13 de marzo cambiaron la jornada de paro y movilizaci\u00f3n del 25 de marzo, modific\u00e1ndolo por una convocatoria de cacerolazos para ese d\u00eda. Esta postura conciliadora le hace el favor al gobierno y le permite que siga implementando el paquetazo fondomonetarista y contin\u00fae su pol\u00edtica represiva contra las protestas y los asesinatos de cientos de l\u00edderes sociales y excombatientes.<\/span><\/p>\n<p style=\"text-align: justify;\"><span style=\"font-family: arial, helvetica, sans-serif; font-size: small;\">Ninguna tregua, ninguna pasividad frente al gobierno y sus medidas. El gobierno ha logrado pasar parte del paquetazo y se amparar\u00e1 en la crisis econ\u00f3mica y de salud para agudizar la implementaci\u00f3n del ajuste antipopular y la entrega de nuestros recursos naturales. Luchemos por construir un consecuente Bloque de Organizaciones y Activistas por el Paro Nacional Indefinido, que es la \u00fanica forma de derrotar el paquetazo y sacarnos de encima al gobierno. Nos estamos jugando la vida y el futuro y no podemos permitir la conciliaci\u00f3n con los enemigos del pueblo.<\/span><\/p>\n<p style=\"text-align: justify;\"><span style=\"font-family: arial, helvetica, sans-serif; font-size: small;\">Realicemos entonces las asambleas de base, conformemos los comit\u00e9s de paro, las coordinadoras de solidaridad, las comisiones de trabajo para promover el paro y todas las dem\u00e1s acciones que nos permitan hacer una acci\u00f3n combativa el 25 de marzo, en la perspectiva del Paro Nacional Indefinido. Invitemos masivamente a la protesta y definamos los sitios de concentraci\u00f3n y movilizaci\u00f3n para el pr\u00f3ximo 25 de marzo.<\/span><\/p>\n<p style=\"text-align: justify;\"><span style=\"font-family: arial, helvetica, sans-serif; font-size: small;\">Con esta visi\u00f3n invitamos a los trabajadores, los j\u00f3venes, las mujeres y los luchadores a discutir los pasos necesarios para avanzar en la construcci\u00f3n de una herramienta pol\u00edtica de lucha, unitaria, aut\u00f3noma y consecuente que supere a la actual direcci\u00f3n conciliadora que controla el Comit\u00e9 Nacional de Paro. Quienes nos agrupamos en Colectivos Unidos estamos comprometidos con esa tarea, a la vez que le proponemos a los activistas y luchadores que coincidimos en impulsar el Paro Nacional Indefinido para derrotar al gobierno y su plan de ajuste, a que demos pasos concretos por coordinar y potenciar nuestras luchas \u00a1uniendo a los revolucionarios!; tarea que cobra vital importancia en la presente etapa de la lucha de clases en Colombia. Venga compa\u00f1era, venga compa\u00f1ero, lo invitamos a que se agrupe en nuestro Colectivo para avanzar en la discusi\u00f3n pol\u00edtica y program\u00e1tica, en las luchas del pueblo trabajador colombiano, y para que aportemos junto a otros colectivos y activistas, a unir en una sola organizaci\u00f3n a todos los revolucionarios.<\/span><\/p>\n<p style=\"text-align: justify;\"><strong><span style=\"font-family: arial, helvetica, sans-serif; font-size: small;\">\u00a1Todos al paro el 25 de marzo!<\/span><\/strong><\/p>\n<p style=\"text-align: justify;\"><strong><span style=\"font-family: arial, helvetica, sans-serif; font-size: small;\">\u00a1Paro de la producci\u00f3n, el comercio y el transporte!<\/span><\/strong><\/p>\n<p style=\"text-align: justify;\"><strong><span style=\"font-family: arial, helvetica, sans-serif; font-size: small;\">\u00a1Contra Duque y el paquetazo del FMI, Banco Mundial y la Ocde!<\/span><\/strong><\/p>\n<p style=\"text-align: justify;\"><strong><span style=\"font-family: arial, helvetica, sans-serif; font-size: small;\">\u00a1Contra las reformas tributaria, pensional y laboral!<\/span><\/strong><\/p>\n<p style=\"text-align: justify;\"><strong><span style=\"font-family: arial, helvetica, sans-serif; font-size: small;\">\u00a1Por el desmonte del Esmad!<\/span><\/strong><\/p>\n<p style=\"text-align: justify;\"><strong><span style=\"font-family: arial, helvetica, sans-serif; font-size: small;\">\u00a1Basta de asesinatos de l\u00edderes sociales!<\/span><\/strong><\/p>\n<p style=\"text-align: justify;\"><strong><span style=\"font-family: arial, helvetica, sans-serif; font-size: small;\">\u00a1Salario igual a la canasta familiar!<\/span><\/strong><\/p>\n<p style=\"text-align: justify;\"><strong><span style=\"font-family: arial, helvetica, sans-serif; font-size: small;\">Para derrotar el Coronavirus derogatoria de la ley 100 y nacionalizaci\u00f3n de las EPS<\/span><\/strong><\/p>\n<p style=\"text-align: justify;\"><strong><span style=\"font-family: arial, helvetica, sans-serif; font-size: small;\">\u00a1Duque y sus ministros banda de malhechores. Que gobiernen los trabajadores y el pueblo!<\/span><\/strong><\/p>\n<p style=\"text-align: justify;\"><span style=\"font-family: arial, helvetica, sans-serif; font-size: small;\">COLECTIVOS UNIDOS<\/span><\/p>\n","protected":false},"excerpt":{"rendered":"<p>25-M: Todos al paro Contra el gobierno ileg\u00edtimo de Duque-Uribe y su antipopular paquete de ajuste econ\u00f3micomarzo 17, 2020 La publicaci\u00f3n de la transcripci\u00f3n de los audios que involucran directamente al presidente Duque y al senador \u00c1lvaro Uribe V\u00e9lez en el entramado de compra de votos en la Costa Atl\u00e1ntica, durante la primera y segunda [&hellip;]<\/p>\n","protected":false},"author":1,"featured_media":3559,"comment_status":"open","ping_status":"open","sticky":false,"template":"","format":"standard","meta":[],"categories":[60],"tags":[],"_links":{"self":[{"href":"https:\/\/uit-ci.org\/index.php\/wp-json\/wp\/v2\/posts\/3560"}],"collection":[{"href":"https:\/\/uit-ci.org\/index.php\/wp-json\/wp\/v2\/posts"}],"about":[{"href":"https:\/\/uit-ci.org\/index.php\/wp-json\/wp\/v2\/types\/post"}],"author":[{"embeddable":true,"href":"https:\/\/uit-ci.org\/index.php\/wp-json\/wp\/v2\/users\/1"}],"replies":[{"embeddable":true,"href":"https:\/\/uit-ci.org\/index.php\/wp-json\/wp\/v2\/comments?post=3560"}],"version-history":[{"count":0,"href":"https:\/\/uit-ci.org\/index.php\/wp-json\/wp\/v2\/posts\/3560\/revisions"}],"wp:featuredmedia":[{"embeddable":true,"href":"https:\/\/uit-ci.org\/index.php\/wp-json\/wp\/v2\/media\/3559"}],"wp:attachment":[{"href":"https:\/\/uit-ci.org\/index.php\/wp-json\/wp\/v2\/media?parent=3560"}],"wp:term":[{"taxonomy":"category","embeddable":true,"href":"https:\/\/uit-ci.org\/index.php\/wp-json\/wp\/v2\/categories?post=3560"},{"taxonomy":"post_tag","embeddable":true,"href":"https:\/\/uit-ci.org\/index.php\/wp-json\/wp\/v2\/tags?post=3560"}],"curies":[{"name":"wp","href":"https:\/\/api.w.org\/{rel}","templated":true}]}}