{"id":3593,"date":"2020-04-01T14:41:08","date_gmt":"2020-04-01T14:41:08","guid":{"rendered":"http:\/\/uit-ci.org\/index.php\/2020\/04\/01\/irlanda-estatiza-la-salud-privada\/"},"modified":"2020-04-01T14:41:08","modified_gmt":"2020-04-01T14:41:08","slug":"irlanda-estatiza-la-salud-privada","status":"publish","type":"post","link":"https:\/\/uit-ci.org\/index.php\/2020\/04\/01\/irlanda-estatiza-la-salud-privada\/","title":{"rendered":"Irlanda estatiza la salud privada"},"content":{"rendered":"<p style=\"text-align: justify;\"><strong><span style=\"font-family: arial, helvetica, sans-serif; font-size: small;\"><img loading=\"lazy\" class=\" alignleft size-full wp-image-3592\" src=\"http:\/\/uit-ci.org\/wp-content\/uploads\/2020\/04\/e258f927d93aa12e0cf9aa267dd8876e_XL.jpg\" width=\"200\" height=\"150\" alt=\"e258f927d93aa12e0cf9aa267dd8876e XL\" style=\"margin: 5px; float: left;\" srcset=\"https:\/\/uit-ci.org\/wp-content\/uploads\/2020\/04\/e258f927d93aa12e0cf9aa267dd8876e_XL.jpg 1280w, https:\/\/uit-ci.org\/wp-content\/uploads\/2020\/04\/e258f927d93aa12e0cf9aa267dd8876e_XL-300x225.jpg 300w, https:\/\/uit-ci.org\/wp-content\/uploads\/2020\/04\/e258f927d93aa12e0cf9aa267dd8876e_XL-1024x768.jpg 1024w, https:\/\/uit-ci.org\/wp-content\/uploads\/2020\/04\/e258f927d93aa12e0cf9aa267dd8876e_XL-768x576.jpg 768w, https:\/\/uit-ci.org\/wp-content\/uploads\/2020\/04\/e258f927d93aa12e0cf9aa267dd8876e_XL-600x450.jpg 600w, https:\/\/uit-ci.org\/wp-content\/uploads\/2020\/04\/e258f927d93aa12e0cf9aa267dd8876e_XL-750x563.jpg 750w, https:\/\/uit-ci.org\/wp-content\/uploads\/2020\/04\/e258f927d93aa12e0cf9aa267dd8876e_XL-1140x855.jpg 1140w\" sizes=\"(max-width: 200px) 100vw, 200px\" \/>Escribe Reynaldo Saccone, ex presidente de la Cicop. Compa\u00f1ero de Izquierda Socialista, secci\u00f3n argentina de la UIT-CI<\/span><\/strong><\/p>\n<p style=\"text-align: justify;\"><span style=\"font-family: arial, helvetica, sans-serif; font-size: small;\">El gobierno de la Rep\u00fablica de Irlanda anunci\u00f3 el 24 de marzo pasado la nacionalizaci\u00f3n transitoria de los sanatorios privados mientras dure la pandemia. Los empresarios privados aceptaron la medida que pone bajo gesti\u00f3n estatal 2.000 camas, 9 laboratorios y varios miles de trabajadores de salud. En este pa\u00eds de casi cinco millones de habitantes, los contagiados por el COVID 19 hab\u00edan sobrepasado la barrera de los 1.000 casos entre los cuales se encontraba el 25% de los trabajadores de la salud.<\/span><\/p>\n<p>  <!--more-->  <\/p>\n<p style=\"text-align: justify;\"><span style=\"font-family: arial, helvetica, sans-serif; font-size: small;\">La dr\u00e1stica medida tomada por el gobierno irland\u00e9s pone en primer plano un tema crucial: la escasez de recursos para enfrentar la pandemia. Por ejemplo, en Italia a fines de marzo hab\u00eda 26.000 internados de los cuales 3.800 estaban en terapia intensiva. Mandar a los m\u00e1s ancianos a morir en su casa es la triste soluci\u00f3n implementada ante el ajuste econ\u00f3mico que en diez a\u00f1os sustrajo a la salud 37.000 millones de euros.<\/span><\/p>\n<p style=\"text-align: justify;\"><span style=\"font-family: arial, helvetica, sans-serif; font-size: small;\">Nuestro pa\u00eds despu\u00e9s de a\u00f1os de desinversi\u00f3n y ajuste no escapa a esta degradaci\u00f3n del sistema p\u00fablico. Mientras la OMS aconseja 8 camas cada 1.000 habitantes, la Argentina posee 4,5 que se distribuyen muy desigualmente. Mientras la Ciudad de Buenos Aires cuenta con 7,1, la provincia tiene 5,5 pero, La Matanza solo 1 cama cada 1.000 habitantes.<\/span><\/p>\n<p style=\"text-align: justify;\"><span style=\"font-family: arial, helvetica, sans-serif; font-size: small;\">Esta falta de camas debe solucionarse como en Irlanda. El gobierno debe nacionalizar la totalidad de las instalaciones privadas, sanatorios y laboratorios. Este enorme aflujo de recursos materiales y humanos gestionado por el Estado permitir\u00eda encarar acciones que hoy parecen imposibles como la extensi\u00f3n del testeo y la internaci\u00f3n y aislamiento de infectados.<\/span><\/p>\n<p style=\"text-align: justify;\"><span style=\"font-family: arial, helvetica, sans-serif; font-size: small;\">El Hospital Italiano niega la cuarentena a sus trabajadores, de los cuales ya hay 10 infectados; el Sanatorio G\u00fcemes obliga a trabajar sin protecci\u00f3n a sus empleados. En plena pandemia, la Confederaci\u00f3n que los agrupa pide subsidios al gobierno para \u201cafrontar los gastos\u201d, silenciando que en conjunto deben 10.000 millones de pesos a la AFIP, sin contar los intereses. Nacionalizarlos bajo control de sus trabajadores ser\u00e1 un gran beneficio.<\/span><\/p>\n<p style=\"text-align: justify;\"><span style=\"font-family: arial, helvetica, sans-serif; font-size: small;\">Asistimos, por otra parte, a un encarecimiento de insumos en todo el mundo, incluida la Argentina. En Inglaterra una empresa fabricante de kits para test r\u00e1pido de COVID 19 aument\u00f3 en d\u00edas el precio en un 70%. Cepheid, la principal productora mundial, vende el test a 19,80 d\u00f3lares cuando su costo es de 3 d\u00f3lares.<\/span><\/p>\n<p style=\"text-align: justify;\"><span style=\"font-family: arial, helvetica, sans-serif; font-size: small;\">Entre nosotros los precios de insumos m\u00e9dicos en general subieron en el primer trimestre 22%, pero los insumos para coronavirus lo hicieron en un 83% en promedio; en el podio del aumento especulativo se ubican los barbijos con un incremento del 255%. En cuanto al alcohol y gel, que subi\u00f3 un 34%, se supo hace dos semanas de una maniobra de acaparamiento y especulaci\u00f3n por parte de la cadena Farmacity que desabasteci\u00f3 sus locales de venta del producto y los ocult\u00f3 en un galp\u00f3n de acceso cerrado a las autoridades.<\/span><\/p>\n<p style=\"text-align: justify;\"><span style=\"font-family: arial, helvetica, sans-serif; font-size: small;\">Frente a estas maniobras patronales el gobierno debe nacionalizar la producci\u00f3n y distribuci\u00f3n de insumos m\u00e9dicos y, adem\u00e1s, suspender la vigencia de las patentes nacionales e internacionales que lo impidan, de todas los tests, vacunas, medicamentos e insumos necesarios para enfrentar la pandemia.<\/span><\/p>\n","protected":false},"excerpt":{"rendered":"<p>Escribe Reynaldo Saccone, ex presidente de la Cicop. Compa\u00f1ero de Izquierda Socialista, secci\u00f3n argentina de la UIT-CI El gobierno de la Rep\u00fablica de Irlanda anunci\u00f3 el 24 de marzo pasado la nacionalizaci\u00f3n transitoria de los sanatorios privados mientras dure la pandemia. Los empresarios privados aceptaron la medida que pone bajo gesti\u00f3n estatal 2.000 camas, 9 [&hellip;]<\/p>\n","protected":false},"author":1,"featured_media":3592,"comment_status":"open","ping_status":"open","sticky":false,"template":"","format":"standard","meta":[],"categories":[35],"tags":[],"_links":{"self":[{"href":"https:\/\/uit-ci.org\/index.php\/wp-json\/wp\/v2\/posts\/3593"}],"collection":[{"href":"https:\/\/uit-ci.org\/index.php\/wp-json\/wp\/v2\/posts"}],"about":[{"href":"https:\/\/uit-ci.org\/index.php\/wp-json\/wp\/v2\/types\/post"}],"author":[{"embeddable":true,"href":"https:\/\/uit-ci.org\/index.php\/wp-json\/wp\/v2\/users\/1"}],"replies":[{"embeddable":true,"href":"https:\/\/uit-ci.org\/index.php\/wp-json\/wp\/v2\/comments?post=3593"}],"version-history":[{"count":0,"href":"https:\/\/uit-ci.org\/index.php\/wp-json\/wp\/v2\/posts\/3593\/revisions"}],"wp:featuredmedia":[{"embeddable":true,"href":"https:\/\/uit-ci.org\/index.php\/wp-json\/wp\/v2\/media\/3592"}],"wp:attachment":[{"href":"https:\/\/uit-ci.org\/index.php\/wp-json\/wp\/v2\/media?parent=3593"}],"wp:term":[{"taxonomy":"category","embeddable":true,"href":"https:\/\/uit-ci.org\/index.php\/wp-json\/wp\/v2\/categories?post=3593"},{"taxonomy":"post_tag","embeddable":true,"href":"https:\/\/uit-ci.org\/index.php\/wp-json\/wp\/v2\/tags?post=3593"}],"curies":[{"name":"wp","href":"https:\/\/api.w.org\/{rel}","templated":true}]}}