{"id":3598,"date":"2020-04-01T16:10:10","date_gmt":"2020-04-01T16:10:10","guid":{"rendered":"http:\/\/uit-ci.org\/index.php\/2020\/04\/01\/cancelrent-convocan-cacerolazos-en-nueva-york-para-que-no-se-paguen-los-alquileres\/"},"modified":"2020-04-01T16:10:10","modified_gmt":"2020-04-01T16:10:10","slug":"cancelrent-convocan-cacerolazos-en-nueva-york-para-que-no-se-paguen-los-alquileres","status":"publish","type":"post","link":"https:\/\/uit-ci.org\/index.php\/2020\/04\/01\/cancelrent-convocan-cacerolazos-en-nueva-york-para-que-no-se-paguen-los-alquileres\/","title":{"rendered":"#CancelRent: Convocan cacerolazos en Nueva York para que no se paguen los alquileres"},"content":{"rendered":"<p style=\"text-align: justify;\"><em><span style=\"font-family: arial, helvetica, sans-serif; font-size: small;\"><img loading=\"lazy\" class=\" alignleft size-full wp-image-3596\" src=\"http:\/\/uit-ci.org\/wp-content\/uploads\/2020\/04\/EUWOV_FUEAAmsQV.jpg\" width=\"231\" height=\"145\" alt=\"EUWOV FUEAAmsQV\" style=\"margin: 5px; float: left;\" \/>La campa\u00f1a por el no pago de alquileres que se propaga por todo Estados Unidos<\/span><\/em><\/p>\n<p style=\"text-align: justify;\"><span style=\"font-family: arial, helvetica, sans-serif; font-size: small;\">A partir de la pandemia y las medidas de cuarentena, con sus matices en todo el mundo, lleva a que millones de trabajadoras y trabajadores sufran la crisis, al punto de no lograr pagar el alquiler de sus hogares.<\/span><\/p>\n<p>  <!--more-->  <\/p>\n<p style=\"text-align: justify;\"><span style=\"font-family: arial, helvetica, sans-serif; font-size: small;\">En New York y en varias otras ciduades de Estados Unidos, miles de trabajadores lanzaron una campa\u00f1a para que se cancele el pago de renta en abril, ya que, en el contexto de pandemia y cuarentena voluntaria, no pueden reunir el dinero para cubrir gastos de consumo y menos de alquiler. En las redes se viraliza el mensaje con el hashtag #CancelRent y convocan a masicos cacerolazos a partir de las 20hs para exigirle al alcalde Cuomo, tome la medida de suspender el pago de los alquileres. Esta campa\u00f1a se est\u00e1 propagando por todo el pais, en Californias y Massachusetts tambi\u00e9n exigen lo mismo.<\/span><\/p>\n<p><span style=\"font-family: arial, helvetica, sans-serif; font-size: small;\"><img loading=\"lazy\" class=\" size-full wp-image-3597\" src=\"http:\/\/uit-ci.org\/wp-content\/uploads\/2020\/04\/WhatsApp_Image_2020-03-31_at_19.25.38.jpeg\" width=\"309\" height=\"482\" alt=\"WhatsApp Image 2020-03-31 at 19.25.38\" style=\"margin: 5px auto; vertical-align: middle; display: block;\" \/><\/span><\/p>\n","protected":false},"excerpt":{"rendered":"<p>La campa\u00f1a por el no pago de alquileres que se propaga por todo Estados Unidos A partir de la pandemia y las medidas de cuarentena, con sus matices en todo el mundo, lleva a que millones de trabajadoras y trabajadores sufran la crisis, al punto de no lograr pagar el alquiler de sus hogares.<\/p>\n","protected":false},"author":1,"featured_media":3596,"comment_status":"open","ping_status":"open","sticky":false,"template":"","format":"standard","meta":[],"categories":[35],"tags":[],"_links":{"self":[{"href":"https:\/\/uit-ci.org\/index.php\/wp-json\/wp\/v2\/posts\/3598"}],"collection":[{"href":"https:\/\/uit-ci.org\/index.php\/wp-json\/wp\/v2\/posts"}],"about":[{"href":"https:\/\/uit-ci.org\/index.php\/wp-json\/wp\/v2\/types\/post"}],"author":[{"embeddable":true,"href":"https:\/\/uit-ci.org\/index.php\/wp-json\/wp\/v2\/users\/1"}],"replies":[{"embeddable":true,"href":"https:\/\/uit-ci.org\/index.php\/wp-json\/wp\/v2\/comments?post=3598"}],"version-history":[{"count":0,"href":"https:\/\/uit-ci.org\/index.php\/wp-json\/wp\/v2\/posts\/3598\/revisions"}],"wp:featuredmedia":[{"embeddable":true,"href":"https:\/\/uit-ci.org\/index.php\/wp-json\/wp\/v2\/media\/3596"}],"wp:attachment":[{"href":"https:\/\/uit-ci.org\/index.php\/wp-json\/wp\/v2\/media?parent=3598"}],"wp:term":[{"taxonomy":"category","embeddable":true,"href":"https:\/\/uit-ci.org\/index.php\/wp-json\/wp\/v2\/categories?post=3598"},{"taxonomy":"post_tag","embeddable":true,"href":"https:\/\/uit-ci.org\/index.php\/wp-json\/wp\/v2\/tags?post=3598"}],"curies":[{"name":"wp","href":"https:\/\/api.w.org\/{rel}","templated":true}]}}