{"id":3645,"date":"2020-04-19T00:19:17","date_gmt":"2020-04-19T00:19:17","guid":{"rendered":"http:\/\/uit-ci.org\/index.php\/2020\/04\/19\/colombia-repudiemos-el-paquetazo-economico-del-gobierno-impuesto-al-amparo-de-la-pandemia-del-covid19\/"},"modified":"2020-04-19T00:19:17","modified_gmt":"2020-04-19T00:19:17","slug":"colombia-repudiemos-el-paquetazo-economico-del-gobierno-impuesto-al-amparo-de-la-pandemia-del-covid19","status":"publish","type":"post","link":"https:\/\/uit-ci.org\/index.php\/2020\/04\/19\/colombia-repudiemos-el-paquetazo-economico-del-gobierno-impuesto-al-amparo-de-la-pandemia-del-covid19\/","title":{"rendered":"Colombia: Repudiemos el paquetazo econ\u00f3mico del gobierno impuesto al amparo de la pandemia del Covid19"},"content":{"rendered":"<p style=\"text-align: justify;\"><strong><span style=\"font-family: arial, helvetica, sans-serif; font-size: small;\"><img loading=\"lazy\" class=\" alignleft size-full wp-image-3644\" src=\"http:\/\/uit-ci.org\/wp-content\/uploads\/2020\/04\/paquetazo.jpg\" width=\"230\" height=\"143\" alt=\"paquetazo\" style=\"margin: 5px; float: left;\" \/><br style=\"clear: left;\" \/>Por Colectivos Unidos (Colombia)<\/span><\/strong><\/p>\n<p style=\"text-align: justify;\"><span style=\"font-family: arial, helvetica, sans-serif; font-size: small;\">El cinismo del presidente Duque no tiene l\u00edmites. Al tiempo que declara que no es momento para pensar en una reforma fiscal, anuncia un endeudamiento por 11 mil millones de d\u00f3lares con el FMI e impone una cascada de decretos que favorecen a empresarios y al sector financiero, a la vez que castiga el bolsillo de la clase media, <a href=\"mailto:trabajador@s y\">trabajador@s y<\/a> sectores desfavorecidos de la poblaci\u00f3n. En s\u00edntesis un paquetazo de salvataje capitalista puro y duro.<\/span><\/p>\n<p>  <!--more-->  <\/p>\n<p style=\"text-align: justify;\"><span style=\"font-family: arial, helvetica, sans-serif; font-size: small;\">Al amparo de la emergencia provocada por la pandemia del Covid19, el decreto 444 crea el Fondo de Mitigaci\u00f3n de Emergencias (FOME) con recursos provenientes del Fondo de Pensiones (Fonpet) pertenecientes a las entidades territoriales, del Fondo de Ahorro y Estabilizaci\u00f3n (FAE) y recursos asignados en el presupuesto general nacional para dar v\u00eda libre a la indiscriminada contrataci\u00f3n a las entidades nacionales y territoriales, as\u00ed como apoyar la liquidez del sector financiero.<\/span><\/p>\n<p style=\"text-align: justify;\"><span style=\"font-family: arial, helvetica, sans-serif; font-size: small;\">El decreto 538 autoriza la transferencia de billonarios recursos para las funestas entidades privadas de la salud como son las EPS y otros intermediarios, al tiempo que obliga al personal de la salud a estar disponible para trabajar en el sistema sin ning\u00fan tipo de vinculaci\u00f3n laboral digna, contrataci\u00f3n indefinida, prestaciones sociales corruptas, ni condiciones seguras de trabajo.<\/span><\/p>\n<p style=\"text-align: justify;\"><span style=\"font-family: arial, helvetica, sans-serif; font-size: small;\">Con el decreto 558 el gobierno arbitrariamente decide que Colpensiones se haga cargo de m\u00e1s de 20 mil pensiones de retiro programado de montos bajos que manejan los fondos privados, con el ruin argumento que ello es para subsidiar las rentabilidades negativas que han tenido los portafolios de las AFP. A cambio de esta operaci\u00f3n el gobierno recibe recursos cercanos a los cinco billones por parte de los fondos privados, que en nada cubren los costos que a futuro Colpensiones deber\u00e1 cubrir para sostener las pensiones de las personas trasladadas.<\/span><\/p>\n<p style=\"text-align: justify;\"><span style=\"font-family: arial, helvetica, sans-serif; font-size: small;\">Con el decreto 552 se le inyectan nuevos recursos al Fome provenientes del Fondo de Riesgos Laborales pagaderos en 10 vigencias fiscales y 0% de intereses. El decreto 560, flexibiliza y da plenas garant\u00edas a los propietarios para que declaren la insolvencia de sus empresas hasta por dos a\u00f1os violentando con ello los derechos del personal vinculado que, como siempre, ser\u00e1n los \u00faltimos a tener en cuenta en los procesos de reorganizaci\u00f3n empresarial y cancelaci\u00f3n de pasivos laborales. Ni que decir del decreto 568 que legitima el raponazo a los sueldos y salarios a profesionales y <a href=\"mailto:emplead@s que\">emplead@s que<\/a> devengan m\u00e1s de 10 salarios m\u00ednimos, con descuentos obligatorios que superan el 15%, a lo que se suma la conminaci\u00f3n para que el resto de trabajadores y empleados con salarios inferiores tambi\u00e9n hagan un \u201caporte voluntario\u201d.<\/span><\/p>\n<p style=\"text-align: justify;\"><span style=\"font-family: arial, helvetica, sans-serif; font-size: small;\">Otros decretos van dirigidos a supuestas ayudas a personas sin relaciones laborales formales mediante subsidios econ\u00f3micos y entrega de mercados, pero que como ya es conocido por la opini\u00f3n p\u00fablica, ha sido una farsa tras la cual se esconde el m\u00e1s descarado robo de recursos a trav\u00e9s de la contrataci\u00f3n con sobreprecios, el clientelismo pol\u00edtico y la p\u00e9rdida de los recursos en las manos de agentes inescrupulosos encargados de la distribuci\u00f3n. Es de destacar que alrededor de este paquetazo se encolumnan empresarios, banqueros, gestores intermediarios de la salud, dirigentes de partidos pol\u00edticos tradicionales y no tan tradicionales, as\u00ed como tambi\u00e9n los gobiernos regionales y locales.<\/span><\/p>\n<p style=\"text-align: justify;\"><span style=\"font-family: arial, helvetica, sans-serif; font-size: small;\">No contento con lo anterior, Duque inicia una intensa campa\u00f1a tendente a convencer a la poblaci\u00f3n que ya se puede flexibilizar la cuarentena con la clara intenci\u00f3n que seamos los trabajadores y trabajadoras quienes asumamos los riesgos de contaminaci\u00f3n, enfermedad y probable muerte, para que no se sigan \u201cperjudicando\u201d los negocios de los oligarcas. Es tal la falta de escr\u00fapulos de estos criminales que un dirigente del Centro Democr\u00e1tico ha dicho que no importa que mueran 10.000 personas, si ello impide que se paralice la econom\u00eda.<\/span><\/p>\n<p style=\"text-align: justify;\"><span style=\"font-family: arial, helvetica, sans-serif; font-size: small;\">Profundicemos la protesta con las banderas rojas de la dignidad y la solidaridad popular<\/span><\/p>\n<p style=\"text-align: justify;\"><span style=\"font-family: arial, helvetica, sans-serif; font-size: small;\">Por millares se cuentan los participantes en las diferentes formas de protesta que en el territorio nacional se llevan a cabo exigiendo al gobierno garant\u00edas laborales y recursos suficientes para poder cuidar la salud y la vida durante la cuarentena. Cacerolazos, plantones y hasta movilizaciones, expresan el inconformismo de la poblaci\u00f3n, a la que el Presidente y los gobiernos locales responden en forma agresiva recurriendo como siempre al Esmad, la polic\u00eda y el ej\u00e9rcito para sofocar la legitima protesta de una poblaci\u00f3n que adem\u00e1s de estar preocupada por el contagio se encuentra acorralada v\u00edctima del hambre. Se ha llegado a tal punto de violencia oficial que la alcaldesa de Bogot\u00e1 amenaza con no entregar recursos a quienes protesten.<\/span><\/p>\n<p style=\"text-align: justify;\"><span style=\"font-family: arial, helvetica, sans-serif; font-size: small;\">Las banderas y los trapos rojos en las viviendas, as\u00ed como la vestimenta roja para salir a reclamar al gobierno se han convertido en un s\u00edmbolo que identifica a los que pasan penurias pero tambi\u00e9n salen a la lucha reclamando sus derechos.<\/span><\/p>\n<p style=\"text-align: justify;\"><span style=\"font-family: arial, helvetica, sans-serif; font-size: small;\">En contraste con la pol\u00edtica de terror estatal, en el campo popular florece la solidaridad. Los sindicatos, las organizaciones comunitarias, campesinas, ind\u00edgenas y estudiantiles organizan colectas de alimentos, de dinero y se establecen sitios de acopio, se generalizan las ollas populares y comedores comunitarios donde se expenden alimentos gratis o a bajo precio para ayudar a mitigar el hambre de miles de familias. Esta es la verdadera Colombia solidaria, fraterna y combativa que se\u00f1ala otra salida, distinta a la pol\u00edtica criminal del paquetazo econ\u00f3mico, de la corrupci\u00f3n y represi\u00f3n que imponen el gobierno nacional y las autoridades locales y departamentales.<\/span><\/p>\n<p style=\"text-align: justify;\"><span style=\"font-family: arial, helvetica, sans-serif; font-size: small;\">Con estas acciones de lucha y solidaridad obrera y popular miles de <a href=\"mailto:poblador@s toman\">poblador@s toman<\/a> conciencia que lo que no funciona ni satisface sus necesidades es el modelo econ\u00f3mico capitalista instaurado a sangre y fuego por los gobiernos de empresarios, banqueros, multinacionales y partidos pol\u00edticos serviles. La poblaci\u00f3n ahora entiende que esos gobiernos son los responsables que no funcione el sistema de salud porque los entes privados, amparados con la Ley 100 convirtieron la salud en un lucrativo negocio; que ellos son los responsables que m\u00e1s de medio pa\u00eds no tenga empleo fijo y salario digno; que ellos son los responsables de la corrupci\u00f3n, el hambre y la miseria.<\/span><\/p>\n<p style=\"text-align: justify;\"><span style=\"font-family: arial, helvetica, sans-serif; font-size: small;\">Nuestra agrupacion Colectivos Unidos saluda todas las iniciativas obreras y populares para enfrentar al gobierno, los invita a profundizar la constituci\u00f3n de organizaciones y redes de trabajo en las empresas, universidades, ciudades y el campo colombiano. Con todas las precauciones posibles, para impedir la expansi\u00f3n del contagio, mantengamos en alto las banderas rojas de la dignidad, profundizando la batalla contra el gobierno nacional y los gobernadores y alcaldes c\u00f3mplices. Es preciso derrotar a Duque, antes que ellos nos condenen definitivamente a la muerte por el contagio del Covid 19 o por hambre.<\/span><\/p>\n<p style=\"text-align: justify;\"><span style=\"font-family: arial, helvetica, sans-serif; font-size: small;\">Exijamos la entrega de los recursos a todas las familias que lo requieran, a trav\u00e9s de las organizaciones sindicales y comunales para impedir que los intermediarios y los clientelistas de profesi\u00f3n lucren econ\u00f3mica y pol\u00edticamente de esta tragedia. Que se establezcan sitios de acopio en todos los barrios y comunidades para que la poblaci\u00f3n sea quien directamente acceda a los subsidios y vigile que no se cometan actos de corrupci\u00f3n. Un nuevo proyecto pol\u00edtico alternativo, democr\u00e1tico y popular, empieza generando participaci\u00f3n con decisi\u00f3n en cada barrio, manzana, UPZ, localidad, etc.<\/span><\/p>\n<p style=\"text-align: justify;\"><span style=\"font-family: arial, helvetica, sans-serif; font-size: small;\">Opong\u00e1monos a la flexibilizaci\u00f3n de la cuarentena. Los escasos 50 mil test que se han realizado no son un indicativo suficiente para tomar medidas de alto impacto como el regreso al trabajo o el uso del transporte masivo. Antes de tomar este tipo de decisiones se debe masificar los test para evaluar si las personas est\u00e1n contagiadas; establecer la microzonificaci\u00f3n de las \u00e1reas de contagio con planes especiales de atenci\u00f3n y aislamiento digno; que se desinfecten todos los sitios de trabajo y se le garantice a cada persona los elementos de bioprotecci\u00f3n; todo lo anterior acompa\u00f1ado de la creaci\u00f3n y dotaci\u00f3n de la infraestructura en el sector de la salubridad para atender a las personas afectadas y las garant\u00edas al personal de la salud para que desarrollen en condiciones seguras su noble labor de velar por la salud y la vida de los colombian@s.<\/span><\/p>\n<p style=\"text-align: justify;\"><span style=\"font-family: arial, helvetica, sans-serif; font-size: small;\">Exigimos a los dirigentes de las centrales obreras y al Comando Nacional de Paro que rompan todo compromiso pol\u00edtico con el gobierno y se dispongan a responder por los derechos de los trabajadores y del pueblo. Ha quedado plenamente demostrado que al gobierno de Duque no le interesa ni la vida ni salud del pueblo, a \u00e9l solo le preocupan los negocios de sus padrinos pol\u00edticos, raz\u00f3n m\u00e1s que suficiente para seguir llamando a la lucha frontal contra su paquetazo de salvataje capitalista y a preparar por las bases la batalla en la perspectiva del Paro Nacional como lo venimos reclamando desde tiempo atr\u00e1s las organizaciones y activistas que conformamos el Bloque por el Paro Nacional Indefinido.<\/span><\/p>\n","protected":false},"excerpt":{"rendered":"<p>Por Colectivos Unidos (Colombia) El cinismo del presidente Duque no tiene l\u00edmites. Al tiempo que declara que no es momento para pensar en una reforma fiscal, anuncia un endeudamiento por 11 mil millones de d\u00f3lares con el FMI e impone una cascada de decretos que favorecen a empresarios y al sector financiero, a la vez [&hellip;]<\/p>\n","protected":false},"author":1,"featured_media":3644,"comment_status":"open","ping_status":"open","sticky":false,"template":"","format":"standard","meta":[],"categories":[60],"tags":[],"_links":{"self":[{"href":"https:\/\/uit-ci.org\/index.php\/wp-json\/wp\/v2\/posts\/3645"}],"collection":[{"href":"https:\/\/uit-ci.org\/index.php\/wp-json\/wp\/v2\/posts"}],"about":[{"href":"https:\/\/uit-ci.org\/index.php\/wp-json\/wp\/v2\/types\/post"}],"author":[{"embeddable":true,"href":"https:\/\/uit-ci.org\/index.php\/wp-json\/wp\/v2\/users\/1"}],"replies":[{"embeddable":true,"href":"https:\/\/uit-ci.org\/index.php\/wp-json\/wp\/v2\/comments?post=3645"}],"version-history":[{"count":0,"href":"https:\/\/uit-ci.org\/index.php\/wp-json\/wp\/v2\/posts\/3645\/revisions"}],"wp:featuredmedia":[{"embeddable":true,"href":"https:\/\/uit-ci.org\/index.php\/wp-json\/wp\/v2\/media\/3644"}],"wp:attachment":[{"href":"https:\/\/uit-ci.org\/index.php\/wp-json\/wp\/v2\/media?parent=3645"}],"wp:term":[{"taxonomy":"category","embeddable":true,"href":"https:\/\/uit-ci.org\/index.php\/wp-json\/wp\/v2\/categories?post=3645"},{"taxonomy":"post_tag","embeddable":true,"href":"https:\/\/uit-ci.org\/index.php\/wp-json\/wp\/v2\/tags?post=3645"}],"curies":[{"name":"wp","href":"https:\/\/api.w.org\/{rel}","templated":true}]}}