{"id":3647,"date":"2020-04-20T18:20:39","date_gmt":"2020-04-20T18:20:39","guid":{"rendered":"http:\/\/uit-ci.org\/index.php\/2020\/04\/20\/argentina-la-conferencia-latinoamericana-convocada-por-el-fit-unidad-se-posterga\/"},"modified":"2020-04-20T18:20:39","modified_gmt":"2020-04-20T18:20:39","slug":"argentina-la-conferencia-latinoamericana-convocada-por-el-fit-unidad-se-posterga","status":"publish","type":"post","link":"https:\/\/uit-ci.org\/index.php\/2020\/04\/20\/argentina-la-conferencia-latinoamericana-convocada-por-el-fit-unidad-se-posterga\/","title":{"rendered":"Argentina: La conferencia latinoamericana convocada por el FIT-Unidad se posterga"},"content":{"rendered":"<p style=\"text-align: justify;\"><span style=\"font-family: arial, helvetica, sans-serif; font-size: small;\"><img loading=\"lazy\" class=\" alignleft size-full wp-image-3646\" src=\"http:\/\/uit-ci.org\/wp-content\/uploads\/2020\/04\/e1510e190e8b22377903e77b3fcf8e27_L.jpg\" width=\"236\" height=\"150\" alt=\"e1510e190e8b22377903e77b3fcf8e27 L\" style=\"margin: 5px; float: left;\" \/><br style=\"clear: left;\" \/>La Conferencia Latinoamericana convocada por los partidos integrantes del Frente de Izquierda-Unidad, para los d\u00edas 1, 2, 3 y 4 de mayo del corriente a\u00f1o, ha sido postergada en fecha a definir. El desembarco de la pandemia del coronavirus en nuestro continente hace imposible \u2013por el cierre de fronteras, las medidas de cuarentena, etc.- la realizaci\u00f3n de la Conferencia en la fecha prevista.<\/span><\/p>\n<p>  <!--more-->  <\/p>\n<p style=\"text-align: justify;\"><span style=\"font-family: arial, helvetica, sans-serif; font-size: small;\">Queremos dejar en claro que se trata s\u00f3lo de una suspensi\u00f3n temporal hasta que las condiciones nos permitan realizarla. Es que la iniciativa del FIT-U, a la luz de la crisis sanitaria desatada por la pandemia del coronavirus y la agudizaci\u00f3n cualitativa de la crisis capitalista, y sus consecuencias sociales desvastadoras para las y los trabajadores y los sectores populares ha adquirido una mayor importancia a\u00fan.<\/span><\/p>\n<p style=\"text-align: justify;\"><span style=\"font-family: arial, helvetica, sans-serif; font-size: small;\">En el marco de una profunda desigualdad social, una pobreza creciente y los sistemas de salud p\u00fablica deteriorados por d\u00e9cadas de recortes, todos los gobiernos latinoamericanos, desde los m\u00e1s derechistas hasta los autodenominados \u201cnacionales y populares\u201d, con sus matices, han actuado en defensa de los intereses capitalistas en detrimento de la preservaci\u00f3n de la salud y la vida de los sectores populares. El imperialismo yanqui, por su parte, a pesar de que Estados Unidos ha pasado a ser el epicentro de la crisis sanitaria mundial, se ha valido de la pandemia para relanzar una nueva cruzada criminal contra los pueblos de Venezuela y de Cuba.<\/span><\/p>\n<p style=\"text-align: justify;\"><span style=\"font-family: arial, helvetica, sans-serif; font-size: small;\">La burgues\u00eda, la mayor parte de ella golpeada por el parate econ\u00f3mico forzoso, descarga su crisis sobre las espaladas del pueblo trabajador y aprovecha la conmoci\u00f3n social para avanzar de hecho con reducciones salariales, despidos, reformas laborales y previsionales. A su vez, se acrecientan las crisis pol\u00edticas y los gobiernos fortalecen los aparatos represivos, previendo nuevos levantamientos de las masas, en lugar de invertir todos los recursos en favor de un mayor equipamiento sanitario. Como consecuencia de todo esto, las enormes contradicciones sociales que motivaron las grandes rebeliones populares de 2019, lejos de haberse apaciguado se han agudizado. Ya estamos viendo muestras en nuestro continente y en el mundo de resistencia de sectores de la clase trabajadora contrala ofensiva patronal. Nuestro Frente de Izquierda Unidad public\u00f3 ya hace un mes una declaraci\u00f3n con un programa y una orientaci\u00f3n para que esta hist\u00f3rica crisis la paguen los capitalistas y no el pueblo trabajador.<\/span><\/p>\n<p style=\"text-align: justify;\"><span style=\"font-family: arial, helvetica, sans-serif; font-size: small;\">Este escenario, refuerza la necesidad de concretar la conferencia cuando est\u00e1n dadas las condiciones para impulsar la lucha de las masas obreras y campesinas contra las consecuencias devastadoras de la crisis capitalista y el coronavirus. M\u00e1s que nunca, la tarea estrat\u00e9gica es la lucha por Gobiernos de Trabajadores y la Federaci\u00f3n de Rep\u00fablicas Socialistas de Am\u00e9rica Latina.<\/span><\/p>\n<p style=\"text-align: justify;\"><span style=\"font-family: arial, helvetica, sans-serif; font-size: small;\">La realizaci\u00f3n de la Conferencia Latinoamericana, a su turno, ser\u00e1 un instrumento fundamental para impulsar esta perspectiva.<\/span><\/p>\n<p style=\"text-align: justify;\"><span style=\"font-family: arial, helvetica, sans-serif; font-size: small;\">Frente de Izquierda y los Trabajadores \u2013 Unidad<\/span><br \/><span style=\"font-family: arial, helvetica, sans-serif; font-size: small;\">PTS \u2013 PO \u2013 Izquierda Socialista &#8211; MST<\/span><\/p>\n","protected":false},"excerpt":{"rendered":"<p>La Conferencia Latinoamericana convocada por los partidos integrantes del Frente de Izquierda-Unidad, para los d\u00edas 1, 2, 3 y 4 de mayo del corriente a\u00f1o, ha sido postergada en fecha a definir. El desembarco de la pandemia del coronavirus en nuestro continente hace imposible \u2013por el cierre de fronteras, las medidas de cuarentena, etc.- la [&hellip;]<\/p>\n","protected":false},"author":1,"featured_media":3646,"comment_status":"open","ping_status":"open","sticky":false,"template":"","format":"standard","meta":[],"categories":[60],"tags":[],"_links":{"self":[{"href":"https:\/\/uit-ci.org\/index.php\/wp-json\/wp\/v2\/posts\/3647"}],"collection":[{"href":"https:\/\/uit-ci.org\/index.php\/wp-json\/wp\/v2\/posts"}],"about":[{"href":"https:\/\/uit-ci.org\/index.php\/wp-json\/wp\/v2\/types\/post"}],"author":[{"embeddable":true,"href":"https:\/\/uit-ci.org\/index.php\/wp-json\/wp\/v2\/users\/1"}],"replies":[{"embeddable":true,"href":"https:\/\/uit-ci.org\/index.php\/wp-json\/wp\/v2\/comments?post=3647"}],"version-history":[{"count":0,"href":"https:\/\/uit-ci.org\/index.php\/wp-json\/wp\/v2\/posts\/3647\/revisions"}],"wp:featuredmedia":[{"embeddable":true,"href":"https:\/\/uit-ci.org\/index.php\/wp-json\/wp\/v2\/media\/3646"}],"wp:attachment":[{"href":"https:\/\/uit-ci.org\/index.php\/wp-json\/wp\/v2\/media?parent=3647"}],"wp:term":[{"taxonomy":"category","embeddable":true,"href":"https:\/\/uit-ci.org\/index.php\/wp-json\/wp\/v2\/categories?post=3647"},{"taxonomy":"post_tag","embeddable":true,"href":"https:\/\/uit-ci.org\/index.php\/wp-json\/wp\/v2\/tags?post=3647"}],"curies":[{"name":"wp","href":"https:\/\/api.w.org\/{rel}","templated":true}]}}