{"id":3663,"date":"2020-04-25T00:07:29","date_gmt":"2020-04-25T00:07:29","guid":{"rendered":"http:\/\/uit-ci.org\/index.php\/2020\/04\/25\/venezuela-hambre-saqueo-y-protestas\/"},"modified":"2020-04-25T00:07:29","modified_gmt":"2020-04-25T00:07:29","slug":"venezuela-hambre-saqueo-y-protestas","status":"publish","type":"post","link":"https:\/\/uit-ci.org\/index.php\/2020\/04\/25\/venezuela-hambre-saqueo-y-protestas\/","title":{"rendered":"Venezuela: hambre, saqueo y protestas"},"content":{"rendered":"<p style=\"text-align: justify;\"><strong><span style=\"font-family: arial, helvetica, sans-serif; font-size: small;\"><img loading=\"lazy\" class=\" alignleft size-full wp-image-3662\" src=\"http:\/\/uit-ci.org\/wp-content\/uploads\/2020\/04\/portestas-comida-venezuela-muertos-.jpg\" width=\"229\" height=\"129\" alt=\"portestas-comida-venezuela-muertos-\" style=\"margin: 5px; float: left;\" srcset=\"https:\/\/uit-ci.org\/wp-content\/uploads\/2020\/04\/portestas-comida-venezuela-muertos-.jpg 1200w, https:\/\/uit-ci.org\/wp-content\/uploads\/2020\/04\/portestas-comida-venezuela-muertos--300x169.jpg 300w, https:\/\/uit-ci.org\/wp-content\/uploads\/2020\/04\/portestas-comida-venezuela-muertos--1024x576.jpg 1024w, https:\/\/uit-ci.org\/wp-content\/uploads\/2020\/04\/portestas-comida-venezuela-muertos--768x432.jpg 768w, https:\/\/uit-ci.org\/wp-content\/uploads\/2020\/04\/portestas-comida-venezuela-muertos--600x338.jpg 600w, https:\/\/uit-ci.org\/wp-content\/uploads\/2020\/04\/portestas-comida-venezuela-muertos--750x422.jpg 750w, https:\/\/uit-ci.org\/wp-content\/uploads\/2020\/04\/portestas-comida-venezuela-muertos--1140x641.jpg 1140w\" sizes=\"(max-width: 229px) 100vw, 229px\" \/><br style=\"clear: left;\" \/>Por Laclase.info<\/span><\/strong><\/p>\n<p style=\"text-align: justify;\"><span style=\"font-family: arial, helvetica, sans-serif; font-size: small;\">Reporte del 23 de abril: saqueos en tres estados y protestas en demanda de alimentos en 15 estados de Venezuela<\/span><\/p>\n<p style=\"text-align: justify;\"><span style=\"font-family: arial, helvetica, sans-serif; font-size: small;\">Seg\u00fan informaci\u00f3n suministrada por el Observatorio Venezolano de Conflictividad Social (Ovcs), en el trascurso del d\u00eda de hoy hubo saqueos e intentos de saqueos en tres estados y protestas en demanda de alimentos en 15 estados del pa\u00eds.<\/span><\/p>\n<p>  <!--more-->  <\/p>\n<p style=\"text-align: justify;\"><span style=\"font-family: arial, helvetica, sans-serif; font-size: small;\">Los saqueos ocurrieron en los estados Bol\u00edvar, Monagas y Sucre, respectivamente en los mercados municipales de Upata, Punta de Mata y R\u00edo Caribe. Adem\u00e1s, hubo un intento de saqueo en Ciudad Bol\u00edvar, en los comercios ubicados en la redoma del Hospital Psiqui\u00e1trico.<\/span><\/p>\n<p style=\"text-align: justify;\"><span style=\"font-family: arial, helvetica, sans-serif; font-size: small;\">En el saqueo sucedido en Upata, fue asesinado un manifestante identificado como Charlis Antonio Nu\u00f1ez Palma de 29 a\u00f1os, que recibi\u00f3 dos impactos de bala en la cabeza. En el sitio del crimen, otros manifestantes escribieron en el asfaltado que muri\u00f3 por hambre y responsabilizaron a Polipiar, polic\u00eda del Municipio Piar, gobernado por la alcaldesa chavista, Yulisbeth Garc\u00eda. En el mismo evento, sufrieron disparos Kelvin Maurera de 23 a\u00f1os y el adolescente Samuel Candur\u00edn de 15 a\u00f1os, y fueron detenidas 33 personas.<\/span><\/p>\n<p style=\"text-align: justify;\"><span style=\"font-family: arial, helvetica, sans-serif; font-size: small;\">En los \u00faltimos d\u00edas, han ocurrido otros saqueos en localidades como Cumanacoa, en el estado Sucre, en medio de la agudizaci\u00f3n de la depauperaci\u00f3n de las condiciones de vida del pueblo trabajador venezolano, a partir de la cuarentena nacional colectiva iniciada el 17 de marzo por el gobierno de Nicol\u00e1s Maduro para evitar la propagaci\u00f3n del Covid-19.<\/span><\/p>\n<p style=\"text-align: justify;\"><span style=\"font-family: arial, helvetica, sans-serif; font-size: small;\">Los saqueos y protestas por hambre, demuestran que es imposible cumplir las medidas de distanciamiento social y confinamiento en los hogares, sin un salario que cubra la canasta b\u00e1sica y sin acceso a alimentos y servicios p\u00fablicos. El pueblo trabajador antes de dejarse matar de hambre ha vuelto a la calle para protestar y tomar bienes de primera necesidad que son necesarios para su sobrevivencia.<\/span><\/p>\n","protected":false},"excerpt":{"rendered":"<p>Por Laclase.info Reporte del 23 de abril: saqueos en tres estados y protestas en demanda de alimentos en 15 estados de Venezuela Seg\u00fan informaci\u00f3n suministrada por el Observatorio Venezolano de Conflictividad Social (Ovcs), en el trascurso del d\u00eda de hoy hubo saqueos e intentos de saqueos en tres estados y protestas en demanda de alimentos [&hellip;]<\/p>\n","protected":false},"author":1,"featured_media":3662,"comment_status":"open","ping_status":"open","sticky":false,"template":"","format":"standard","meta":[],"categories":[35],"tags":[],"_links":{"self":[{"href":"https:\/\/uit-ci.org\/index.php\/wp-json\/wp\/v2\/posts\/3663"}],"collection":[{"href":"https:\/\/uit-ci.org\/index.php\/wp-json\/wp\/v2\/posts"}],"about":[{"href":"https:\/\/uit-ci.org\/index.php\/wp-json\/wp\/v2\/types\/post"}],"author":[{"embeddable":true,"href":"https:\/\/uit-ci.org\/index.php\/wp-json\/wp\/v2\/users\/1"}],"replies":[{"embeddable":true,"href":"https:\/\/uit-ci.org\/index.php\/wp-json\/wp\/v2\/comments?post=3663"}],"version-history":[{"count":0,"href":"https:\/\/uit-ci.org\/index.php\/wp-json\/wp\/v2\/posts\/3663\/revisions"}],"wp:featuredmedia":[{"embeddable":true,"href":"https:\/\/uit-ci.org\/index.php\/wp-json\/wp\/v2\/media\/3662"}],"wp:attachment":[{"href":"https:\/\/uit-ci.org\/index.php\/wp-json\/wp\/v2\/media?parent=3663"}],"wp:term":[{"taxonomy":"category","embeddable":true,"href":"https:\/\/uit-ci.org\/index.php\/wp-json\/wp\/v2\/categories?post=3663"},{"taxonomy":"post_tag","embeddable":true,"href":"https:\/\/uit-ci.org\/index.php\/wp-json\/wp\/v2\/tags?post=3663"}],"curies":[{"name":"wp","href":"https:\/\/api.w.org\/{rel}","templated":true}]}}