{"id":3665,"date":"2020-04-26T01:04:26","date_gmt":"2020-04-26T01:04:26","guid":{"rendered":"http:\/\/uit-ci.org\/index.php\/2020\/04\/26\/venezuela-y-el-psl-ante-las-recientes-protestas-y-saqueos\/"},"modified":"2020-04-26T01:04:26","modified_gmt":"2020-04-26T01:04:26","slug":"venezuela-y-el-psl-ante-las-recientes-protestas-y-saqueos","status":"publish","type":"post","link":"https:\/\/uit-ci.org\/index.php\/2020\/04\/26\/venezuela-y-el-psl-ante-las-recientes-protestas-y-saqueos\/","title":{"rendered":"Venezuela y el PSL ante las recientes protestas y saqueos"},"content":{"rendered":"<p style=\"text-align: justify;\"><strong><span style=\"font-family: arial, helvetica, sans-serif; font-size: small;\"><img loading=\"lazy\" class=\" alignleft size-full wp-image-3664\" src=\"http:\/\/uit-ci.org\/wp-content\/uploads\/2020\/04\/cumanacoa-1410x793-696x391.jpg\" width=\"212\" height=\"119\" alt=\"cumanacoa-1410x793-696x391\" style=\"margin: 5px; float: left;\" srcset=\"https:\/\/uit-ci.org\/wp-content\/uploads\/2020\/04\/cumanacoa-1410x793-696x391.jpg 696w, https:\/\/uit-ci.org\/wp-content\/uploads\/2020\/04\/cumanacoa-1410x793-696x391-300x169.jpg 300w, https:\/\/uit-ci.org\/wp-content\/uploads\/2020\/04\/cumanacoa-1410x793-696x391-600x337.jpg 600w\" sizes=\"(max-width: 212px) 100vw, 212px\" \/><br style=\"clear: left;\" \/>Por Partido Socialismo y Libertad (PSL)<\/span><\/strong><\/p>\n<p style=\"text-align: justify;\"><span style=\"font-family: arial, helvetica, sans-serif; font-size: small;\">La cat\u00e1strofe social que desde hace a\u00f1os venimos padeciendo las trabajadoras y trabajadores venezolanos, se ha agravado en el \u00faltimo per\u00edodo como consecuencia de las medidas tomadas en el marco de la pandemia, que han afectado severamente la ya destruida econom\u00eda del pa\u00eds.<\/span><\/p>\n<p>  <!--more-->  <\/p>\n<p style=\"text-align: justify;\"><span style=\"font-family: arial, helvetica, sans-serif; font-size: small;\">En las \u00faltimas semanas hemos presenciado at\u00f3nitos como los precios de los productos de primera necesidad se han ido hasta las nubes, mientras nuestros salarios son cada vez m\u00e1s miserables.<\/span><\/p>\n<p style=\"text-align: justify;\"><span style=\"font-family: arial, helvetica, sans-serif; font-size: small;\">Esta situaci\u00f3n ha agudizado el hambre y la desesperaci\u00f3n en miles de pobladores de los barrios populares, especialmente en las zonas m\u00e1s pobres y deprimidas de Venezuela, que han salido a saquear comercios en sus localidades.<\/span><\/p>\n<p style=\"text-align: justify;\"><span style=\"font-family: arial, helvetica, sans-serif; font-size: small;\">El pasado lunes 20 m\u00e1s de 1000 pescadores marcharon en Araya (estado Sucre) exigiendo gasolina. Tienen m\u00e1s de 36 d\u00edas sin adquirir combustible, lo que les impide surtir sus embarcaciones para trabajar. Adem\u00e1s de estar cansados de la falta de gas y luz en la regi\u00f3n.<\/span><\/p>\n<p style=\"text-align: justify;\"><span style=\"font-family: arial, helvetica, sans-serif; font-size: small;\">El mi\u00e9rcoles en Cumanacoa, los pobladores de esa poblaci\u00f3n del oriente del pa\u00eds, saquearon varios negocios. Mientras que al gobernador de la entidad no se le ocurri\u00f3 nada mejor que acusar al pueblo de fascista. \u201cLos fascistas no podr\u00e1n quitarnos la paz\u00bb, afirm\u00f3.<\/span><\/p>\n<p style=\"text-align: justify;\"><span style=\"font-family: arial, helvetica, sans-serif; font-size: small;\">El jueves las protestas por comida y gasolina se multiplicaron en 15 estados, seg\u00fan el Observatorio de Conflictividad Social Venezolano. Hubo saqueos en Upata (Bol\u00edvar), donde muri\u00f3 un joven, y otros dos heridos de bala, v\u00edctimas de la represi\u00f3n policial, lo cual repudiamos categ\u00f3ricamente. En Punta de Mata (Monagas) y R\u00edo Caribe (Sucre), tambi\u00e9n hubo saqueos. Mientras que en Guanare (Portuguesa) saqueaban al grito de: \u201cTenemos hambre, queremos comida\u201d.<\/span><\/p>\n<p style=\"text-align: justify;\"><span style=\"font-family: arial, helvetica, sans-serif; font-size: small;\">En Socop\u00f3, estado Barinas, la protesta fue por gasolina. Cientos de productores agr\u00edcolas trancaron una carretera exigiendo combustible para poder movilizar sus cosechas.<\/span><\/p>\n<p style=\"text-align: justify;\"><span style=\"font-family: arial, helvetica, sans-serif; font-size: small;\">Ya las semanas previas se hab\u00edan producido situaciones de tensi\u00f3n y protestas en las colas de veh\u00edculos para abastecerse de la poca gasolina que a\u00fan quedaba en el pa\u00eds.<\/span><\/p>\n<p style=\"text-align: justify;\"><span style=\"font-family: arial, helvetica, sans-serif; font-size: small;\">Todas estas protestas y saqueos son expresi\u00f3n del hambre que sufren millones de habitantes de los sectores populares cansados de la frustraci\u00f3n de no poder comprar comida a sus hijos. Lo real es que en muchas ocasiones estas protestas obligan al gobierno a reaccionar y dar algunas concesiones, poniendo en evidencia que lo \u00fanico que puede cambiar nuestras vidas es la lucha y la movilizaci\u00f3n.<\/span><\/p>\n<p style=\"text-align: justify;\"><span style=\"font-family: arial, helvetica, sans-serif; font-size: small;\">Ante el creciente malestar social, el gobierno r\u00e1pidamente activ\u00f3 sus mecanismos de propaganda y responsabiliz\u00f3 de los incrementos de precios a los \u201cespeculadores\u201d, y a un supuesto plan golpista en el que estar\u00edan involucrados algunos empresarios.<\/span><\/p>\n<p style=\"text-align: justify;\"><span style=\"font-family: arial, helvetica, sans-serif; font-size: small;\">Sin duda que comerciantes y empresarios aprovechan la crisis y la pandemia para hacer jugosos negocios, sin embargo, la especulaci\u00f3n no es sino la consecuencia natural de la hiperinflaci\u00f3n reinante en el pa\u00eds desde hace por lo menos 3 a\u00f1os. Producto de la ca\u00edda brutal de la producci\u00f3n de bienes en el pa\u00eds. Pocos productos en el mercado genera acaparamiento y escasez, y subsecuentemente inflaci\u00f3n y especulaci\u00f3n. Y el resultado en nuestros bolsillos es destrucci\u00f3n de los salarios en bol\u00edvares cada vez m\u00e1s devaluados.<\/span><\/p>\n<p style=\"text-align: justify;\"><span style=\"font-family: arial, helvetica, sans-serif; font-size: small;\">Por otra parte, el gobierno anunci\u00f3 un plan que incluye ocupaci\u00f3n temporal de la empresa de alimentos Coposa, y venta supervisada y negociaci\u00f3n de \u201cprecios acordados\u201d con Empresas Polar, Plumrose y mataderos c\u00e1rnicos. En ese marco, Maduro dijo que \u201cel pa\u00eds saldr\u00e1 pronto de la situaci\u00f3n de inestabilidad econ\u00f3mica\u201d. Pero debemos recordar que tiene a\u00f1os repitiendo lo mismo: \u201cEste a\u00f1o s\u00ed\u2026 este a\u00f1o s\u00ed\u201d. Mientras el pueblo y los trabajadores y trabajadoras seguimos con salarios cada vez m\u00e1s destruidos, y con nuestro nivel de vida por el suelo. Mientras empresarios hacen negocio con el hambre del pueblo; los funcionarios gubernamentales se enriquecen al amparo del Estado, y Guaid\u00f3 y sus diputados se aumentan el sueldo a $5000 con retroactivo a enero.<\/span><\/p>\n<p style=\"text-align: justify;\"><span style=\"font-family: arial, helvetica, sans-serif; font-size: small;\">Ya el gobierno ha adoptado medidas similares en repetidas ocasiones. Durante 1 \u00f3 2 semanas los precios de algunos bienes se estabilizan, luego comienza a haber escasez de los productos regulados, ya que los empresarios y comerciantes prefieren venderlos en el mercado paralelo, en el que militares, alcaldes, gobernadores y funcionarios aprovechan para hacer ping\u00fces negocios. Los precios se disparan otra vez. Y se repite la historia. El gobierno se sienta de nuevo con los empresarios, vuelven a acordar precios. Y contin\u00faa el ciclo hiperinflacionario. Que no se va a detener mientras no aumente la producci\u00f3n global del pa\u00eds, en particular de alimentos y bienes esenciales.<\/span><\/p>\n<p style=\"text-align: justify;\"><span style=\"font-family: arial, helvetica, sans-serif; font-size: small;\">Hasta la producci\u00f3n de petr\u00f3leo ha ca\u00eddo estrepitosamente. Ni siquiera hay gasolina. Debido a la destrucci\u00f3n de las refiner\u00edas, y al impacto de las sanciones criminales del imperialismo norteamericano, que han agravado la escasez de combustibles ya preexistente. Lo mismo sucede con lo que produc\u00edan las empresas b\u00e1sicas, que est\u00e1n por el suelo.<\/span><\/p>\n<p style=\"text-align: justify;\"><span style=\"font-family: arial, helvetica, sans-serif; font-size: small;\">Algunos trabajadores dicen que los precios aumentan porque \u201csubi\u00f3\u201d el d\u00f3lar. En rigor, el d\u00f3lar no \u201csube\u201d. Lo que se deval\u00faa es nuestra moneda. Lo que pierde capacidad de compra es el bol\u00edvar. Y esto seguir\u00e1 siendo as\u00ed mientras no se incremente sustancialmente la producci\u00f3n nacional, y dependamos menos de productos importados.<\/span><\/p>\n<p style=\"text-align: justify;\"><span style=\"font-family: arial, helvetica, sans-serif; font-size: small;\">Pero mientras esto sucede es necesario exigir un plan de importaci\u00f3n masivo de alimentos, medicinas e insumos productivos. No podemos permitir que los trabajadores, las trabajadoras y sus familias se mueran de hambre.<\/span><\/p>\n<p style=\"text-align: justify;\"><span style=\"font-family: arial, helvetica, sans-serif; font-size: small;\">En tal sentido el Partido Socialismo y Libertad sigue planteando que es necesario imponer con la movilizaci\u00f3n un Plan Econ\u00f3mico y Social de Emergencia. El gobierno debe orientar todos los recursos econ\u00f3micos a enfrentar la crisis social y sanitaria.<\/span><\/p>\n<p style=\"text-align: justify;\"><span style=\"font-family: arial, helvetica, sans-serif; font-size: small;\">Hemos venido llamando a todos los sectores sindicales, organizaciones populares, juveniles y a la verdadera izquierda revolucionaria a unificar criterios para dar la pelea por ese plan que parta de exigir un \u00a1salario igual a la canasta b\u00e1sica! \u00a1Hemos afirmado que enfrentar la crisis agravada por la pandemia pasa por aumentar los salarios!<\/span><\/p>\n<p style=\"text-align: justify;\"><span style=\"font-family: arial, helvetica, sans-serif; font-size: small;\">No se puede seguir pagando la deuda externa. Debe suspenderse el gasto en armas y otros pertrechos, as\u00ed como los ejercicios militares. Hay que confiscar bienes de los corruptos de Pdvsa e importadores fraudulentos, as\u00ed como cancelar los contratos de empresas mixtas con las transnacionales; asimismo, pechar a los grandes grupos empresariales, banqueros y transnacionales con un impuesto especial para atender la crisis. Y destinar todos esos recursos para garantizar salarios, comida para el pueblo y recursos para enfrentar la pandemia.<\/span><\/p>\n<p style=\"text-align: justify;\"><span style=\"font-family: arial, helvetica, sans-serif; font-size: small;\">Caracas, 25 de abril de 2020<\/span><\/p>\n","protected":false},"excerpt":{"rendered":"<p>Por Partido Socialismo y Libertad (PSL) La cat\u00e1strofe social que desde hace a\u00f1os venimos padeciendo las trabajadoras y trabajadores venezolanos, se ha agravado en el \u00faltimo per\u00edodo como consecuencia de las medidas tomadas en el marco de la pandemia, que han afectado severamente la ya destruida econom\u00eda del pa\u00eds.<\/p>\n","protected":false},"author":1,"featured_media":3664,"comment_status":"open","ping_status":"open","sticky":false,"template":"","format":"standard","meta":[],"categories":[35],"tags":[],"_links":{"self":[{"href":"https:\/\/uit-ci.org\/index.php\/wp-json\/wp\/v2\/posts\/3665"}],"collection":[{"href":"https:\/\/uit-ci.org\/index.php\/wp-json\/wp\/v2\/posts"}],"about":[{"href":"https:\/\/uit-ci.org\/index.php\/wp-json\/wp\/v2\/types\/post"}],"author":[{"embeddable":true,"href":"https:\/\/uit-ci.org\/index.php\/wp-json\/wp\/v2\/users\/1"}],"replies":[{"embeddable":true,"href":"https:\/\/uit-ci.org\/index.php\/wp-json\/wp\/v2\/comments?post=3665"}],"version-history":[{"count":0,"href":"https:\/\/uit-ci.org\/index.php\/wp-json\/wp\/v2\/posts\/3665\/revisions"}],"wp:featuredmedia":[{"embeddable":true,"href":"https:\/\/uit-ci.org\/index.php\/wp-json\/wp\/v2\/media\/3664"}],"wp:attachment":[{"href":"https:\/\/uit-ci.org\/index.php\/wp-json\/wp\/v2\/media?parent=3665"}],"wp:term":[{"taxonomy":"category","embeddable":true,"href":"https:\/\/uit-ci.org\/index.php\/wp-json\/wp\/v2\/categories?post=3665"},{"taxonomy":"post_tag","embeddable":true,"href":"https:\/\/uit-ci.org\/index.php\/wp-json\/wp\/v2\/tags?post=3665"}],"curies":[{"name":"wp","href":"https:\/\/api.w.org\/{rel}","templated":true}]}}