{"id":3682,"date":"2020-05-06T18:22:56","date_gmt":"2020-05-06T18:22:56","guid":{"rendered":"http:\/\/uit-ci.org\/index.php\/2020\/05\/06\/estado-espanol-recuperemos-el-derecho-a-la-protesta\/"},"modified":"2020-05-06T18:22:56","modified_gmt":"2020-05-06T18:22:56","slug":"estado-espanol-recuperemos-el-derecho-a-la-protesta","status":"publish","type":"post","link":"https:\/\/uit-ci.org\/index.php\/2020\/05\/06\/estado-espanol-recuperemos-el-derecho-a-la-protesta\/","title":{"rendered":"Estado espa\u00f1ol: Recuperemos el derecho a la protesta"},"content":{"rendered":"<p style=\"text-align: justify;\"><strong><span style=\"font-family: arial, helvetica, sans-serif; font-size: small;\"><img loading=\"lazy\" class=\" alignleft size-full wp-image-3681\" src=\"http:\/\/uit-ci.org\/wp-content\/uploads\/2020\/05\/foto_rtve-x6-detencions-3f7f7.png\" width=\"234\" height=\"150\" alt=\"foto rtve-x6-detencions-3f7f7\" style=\"margin: 5px; float: left;\" \/><br style=\"clear: left;\" \/>Paremos la represi\u00f3n. FUERA LEY MORDAZA. MARLASKA DIMISI\u00d3N<\/span><\/strong><\/p>\n<p style=\"text-align: justify;\"><span style=\"font-family: arial, helvetica, sans-serif; font-size: small;\">Concentraciones y actos del primero de mayo han sido prohibidas en todas partes: en Galiza (convocada por la CUT), C\u00e1diz (SAT y CTA), Nafarroa (LAB), Burgos (CGT), Madrid (AST, SAS, SUT SO, S. Hosteler\u00eda Madrid), Barcelona (IAC y LI). Y antes en Madrid la que hab\u00eda impulsado la Plataforma 25S contra la represi\u00f3n (con IzCa), y en Barcelona Lucha Internacionalista contra los presupuestos de la Generalitat. Polic\u00edas auton\u00f3micas, tribunales superiores de justicia auton\u00f3micos, el Ministerio del Interior y finalmente, el Tribunal Constitucional han impuesto las prohibiciones, con la complicidad del Partido Comunista de Espa\u00f1a, Izquierda Unida y Podemos en el gobierno espa\u00f1ol.<\/span><\/p>\n<p>  <!--more-->  <\/p>\n<p style=\"text-align: justify;\"><span style=\"font-family: arial, helvetica, sans-serif; font-size: small;\">El primer \u00abargumento\u00bb que esgrime el Ministerio del Interior -firmado por el propio Marlaska- para rechazar la concentraci\u00f3n convocada por la IAC y LI el 1 de Mayo en Barcelona (50 personas ante el gobierno de la Generalitat manteniendo las distancias de seguridad y con material de protecci\u00f3n), es que hay un riesgo muy alto de contagio. Una prohibici\u00f3n \u00abavalada\u00bb por un informe de la Guardia Urbana de Barcelona dice que es incompatible asegurar las condiciones sanitarias para concentrar unas decenas de personas en una plaza donde caben 10.000. En cambio, \u00bfs\u00ed est\u00e1n aseguradas en las ruedas de prensa de Ada Colau en la calle? Y a\u00fan m\u00e1s, \u00bfpor qu\u00e9 no se prohibi\u00f3 el acto de Isabel D\u00edaz Ayuso, presidenta de la Comunidad de Madrid, por el cierre del hospital de campa\u00f1a de IFEMA, en plena calle, donde se invit\u00f3 a los 132 diputados\/as del parlamento aut\u00f3nomo, prensa, Alcalde de Madrid, concejales &#8230; y que motiv\u00f3 una protesta de personal sanitario?<\/span><\/p>\n<p style=\"text-align: justify;\"><span style=\"font-family: arial, helvetica, sans-serif; font-size: small;\">Y el segundo \u00abargumento\u00bb de Marlaska es a\u00fan m\u00e1s grave: \u00abla celebraci\u00f3n de concentraciones en v\u00edas o espacios p\u00fablicos como la convocada, sean est\u00e1ticas o din\u00e1micas y con independencia de las medidas de seguridad que pudieran adoptar los convocantes, adem\u00e1s de lo indicado, no son compatibles con el \u00abPlan para la transici\u00f3n hacia una nueva normalidad\u00bb aprobada por el Consejo de Ministros en su reuni\u00f3n del d\u00eda 28 de abril de 2020. \u00bb Las concentraciones \u00abno son compatibles\u00bb con el Plan del Gobierno \u00abprogresista\u00bb. Efectivamente en 28 p\u00e1ginas en ninguna parte se habla de la recuperaci\u00f3n del derecho a reuni\u00f3n y manifestaci\u00f3n. Y el Ministro del Interior, nos aclara que no se trata de un olvido sino de una incompatibilidad. O sea que podemos ir a correr (fase 0), ir a bares y restaurantes (fase 2), pero no hacer una protesta en la calle.<\/span><\/p>\n<p style=\"text-align: justify;\"><span style=\"font-family: arial, helvetica, sans-serif; font-size: small;\">\u201cEn la calle y tambi\u00e9n en las redes, bajo control de la Guardia Civil. La militarizaci\u00f3n y la vulneraci\u00f3n de derechos contin\u00faa\u201d<\/span><\/p>\n<p style=\"text-align: justify;\"><span style=\"font-family: arial, helvetica, sans-serif; font-size: small;\">Estamos hablando de un estado de excepci\u00f3n encubierto: se supone que el estado de alarma preserva los derechos fundamentales. Pero por la puerta de atr\u00e1s Interior proh\u00edbe las movilizaciones asegurando que no entran en sus planes. Nos quieren en casa, cerrados y cuidado con lo que decimos. En la calle y tambi\u00e9n en las redes, bajo control de la Guardia Civil. Han sacado los militares y la polic\u00eda de la pantalla, pero la militarizaci\u00f3n y la vulneraci\u00f3n de derechos contin\u00faa.<\/span><\/p>\n<p style=\"text-align: justify;\"><span style=\"font-family: arial, helvetica, sans-serif; font-size: small;\">Los motivos para la protesta se multiplican. Se contin\u00faa obligando a 4 millones de trabajadores\/as no esenciales a ir al trabajo cada d\u00eda, a menudo sin garant\u00edas de seguridad. Cuatro millones m\u00e1s est\u00e1n bajo unos ERTEs que se han hecho a la carta para la patronal. Dos millones m\u00e1s, que viven de la econom\u00eda informal, est\u00e1n con el agua al cuello, como buena parte de las y los peque\u00f1os aut\u00f3nomos y migrantes. Y el gobierno no activa un subsidio de confinamiento ni avanza una regularizaci\u00f3n. En la sanidad p\u00fablica siguen faltando EPIs. Y sin test suficientes para determinar el alcance real de la pandemia, el desconfinamiento es una monedado al aire.<\/span><\/p>\n<p style=\"text-align: justify;\"><span style=\"font-family: arial, helvetica, sans-serif; font-size: small;\">Las cifras de represi\u00f3n siguen subiendo. M\u00e1s de 800.000 denuncias, y m\u00e1s de 7.000 detenciones: \u00a1todo un r\u00e9cord! Como tambi\u00e9n el de muertos y el de infectados en el sistema sanitario. Adem\u00e1s, en las denuncias hay una fuerte discriminaci\u00f3n por origen y clase social.<\/span><\/p>\n<p style=\"text-align: justify;\"><span style=\"font-family: arial, helvetica, sans-serif; font-size: small;\">\u201c\u00bfAlguien cree que el Gobierno derogar\u00e1 la Ley Mordaza, despu\u00e9s de que se haya aplicado en menos de dos meses m\u00e1s que en los \u00faltimos cuatro a\u00f1os?\u201d<\/span><br \/><span style=\"font-family: arial, helvetica, sans-serif; font-size: small;\">En una de las comparecencias ante la comisi\u00f3n de Interior del Congreso, Grande-Marlaska se\u00f1al\u00f3 que \u00abevidentemente en nuestro programa est\u00e1 derogar la ley mordaza y la derogaremos\u00bb, pero ha contrapuesto que \u00abahora tenemos otras cuestiones importantes que hacer frente, como es obvio \u00ab. \u00bfAlguien cree que el Gobierno derogar\u00e1 la Ley Mordaza, despu\u00e9s de que se haya aplicado en menos de dos meses m\u00e1s que en los \u00faltimos cuatro a\u00f1os?<\/span><\/p>\n<p style=\"text-align: justify;\"><span style=\"font-family: arial, helvetica, sans-serif; font-size: small;\">Tenemos que levantar la voz, exigiendo el desconfinamiento de las libertades. S\u00f3lo con la recuperaci\u00f3n de la calle podemos hacer frente a la nefasta gesti\u00f3n de la pandemia y la crisis econ\u00f3mica que arrastra. Desde Lucha Internacionalista hemos hecho un llamamiento a todas las organizaciones a las que se ha prohibido un acto a impulsar una campa\u00f1a para denunciar estos graves hechos, luchar contra la represi\u00f3n, por la derogaci\u00f3n inmediata de la Ley Mordaza y la dimisi\u00f3n de Marlaska.<\/span><\/p>\n<p style=\"text-align: justify;\"><span style=\"font-family: arial, helvetica, sans-serif; font-size: small;\">4 de mayo de 2020<\/span><\/p>\n<p style=\"text-align: justify;\"><span style=\"font-family: arial, helvetica, sans-serif; font-size: small;\">Lucha Internacionalista<\/span><\/p>\n","protected":false},"excerpt":{"rendered":"<p>Paremos la represi\u00f3n. FUERA LEY MORDAZA. MARLASKA DIMISI\u00d3N Concentraciones y actos del primero de mayo han sido prohibidas en todas partes: en Galiza (convocada por la CUT), C\u00e1diz (SAT y CTA), Nafarroa (LAB), Burgos (CGT), Madrid (AST, SAS, SUT SO, S. Hosteler\u00eda Madrid), Barcelona (IAC y LI). Y antes en Madrid la que hab\u00eda impulsado [&hellip;]<\/p>\n","protected":false},"author":1,"featured_media":3681,"comment_status":"open","ping_status":"open","sticky":false,"template":"","format":"standard","meta":[],"categories":[60],"tags":[],"_links":{"self":[{"href":"https:\/\/uit-ci.org\/index.php\/wp-json\/wp\/v2\/posts\/3682"}],"collection":[{"href":"https:\/\/uit-ci.org\/index.php\/wp-json\/wp\/v2\/posts"}],"about":[{"href":"https:\/\/uit-ci.org\/index.php\/wp-json\/wp\/v2\/types\/post"}],"author":[{"embeddable":true,"href":"https:\/\/uit-ci.org\/index.php\/wp-json\/wp\/v2\/users\/1"}],"replies":[{"embeddable":true,"href":"https:\/\/uit-ci.org\/index.php\/wp-json\/wp\/v2\/comments?post=3682"}],"version-history":[{"count":0,"href":"https:\/\/uit-ci.org\/index.php\/wp-json\/wp\/v2\/posts\/3682\/revisions"}],"wp:featuredmedia":[{"embeddable":true,"href":"https:\/\/uit-ci.org\/index.php\/wp-json\/wp\/v2\/media\/3681"}],"wp:attachment":[{"href":"https:\/\/uit-ci.org\/index.php\/wp-json\/wp\/v2\/media?parent=3682"}],"wp:term":[{"taxonomy":"category","embeddable":true,"href":"https:\/\/uit-ci.org\/index.php\/wp-json\/wp\/v2\/categories?post=3682"},{"taxonomy":"post_tag","embeddable":true,"href":"https:\/\/uit-ci.org\/index.php\/wp-json\/wp\/v2\/tags?post=3682"}],"curies":[{"name":"wp","href":"https:\/\/api.w.org\/{rel}","templated":true}]}}