{"id":3696,"date":"2020-05-09T17:20:12","date_gmt":"2020-05-09T17:20:12","guid":{"rendered":"http:\/\/uit-ci.org\/index.php\/2020\/05\/09\/28-de-abril-de-1945-hace-75-anos-mussolini-era-fusilado-a-manos-de-los-partisanos\/"},"modified":"2020-05-09T17:20:12","modified_gmt":"2020-05-09T17:20:12","slug":"28-de-abril-de-1945-hace-75-anos-mussolini-era-fusilado-a-manos-de-los-partisanos","status":"publish","type":"post","link":"https:\/\/uit-ci.org\/index.php\/2020\/05\/09\/28-de-abril-de-1945-hace-75-anos-mussolini-era-fusilado-a-manos-de-los-partisanos\/","title":{"rendered":"28 de abril de 1945: Hace 75 a\u00f1os, Mussolini era fusilado a manos de los partisanos"},"content":{"rendered":"<p style=\"text-align: justify;\"><strong><span style=\"font-family: arial, helvetica, sans-serif; font-size: small;\"><img loading=\"lazy\" class=\" alignleft size-full wp-image-3695\" src=\"http:\/\/uit-ci.org\/wp-content\/uploads\/2020\/05\/REDES-scaled.jpg\" width=\"252\" height=\"138\" alt=\"REDES\" style=\"margin: 5px; float: left;\" \/><br style=\"clear: left;\" \/>Silvia Santos, dirigente de la UIT-CI<\/span><span style=\"font-family: arial, helvetica, sans-serif;\"><\/span><span style=\"font-family: arial, helvetica, sans-serif;\"><\/span><\/strong><\/p>\n<p style=\"text-align: justify;\"><span style=\"font-family: arial, helvetica, sans-serif;\"><\/span><\/p>\n<p style=\"text-align: justify;\"><span style=\"font-family: arial, helvetica, sans-serif; font-size: small;\">\u201cPor las monta\u00f1as anduvieron los partisanos, en las c\u00e1rceles fueron presos, en los campos los ahorcaron, all\u00ed murieron italianos que pelearon por la libertad y muchos de ellos, por el socialismo.\u201d<\/span><br \/><span style=\"font-family: arial, helvetica, sans-serif; font-size: small;\">La lluviosa noche del 26 de abril, la columna partisana Garibaldi bloque\u00f3 la carretera. A las seis y media de la ma\u00f1ana del d\u00eda siguiente, 27 de abril, se difundi\u00f3 la noticia de que se aproximaba una columna enemiga. Detenida la columna, los partisanos descubrieron al \u201cDuce\u201d, y una vez desarmado, fue detenido y llevado al ayuntamiento de Dongo, en la localidad de Como, sobre el lago del mismo nombre.<\/span><\/p>\n<p>  <!--more-->  <\/p>\n<p style=\"text-align: justify;\"><span style=\"font-family: arial, helvetica, sans-serif; font-size: small;\">Los partisanos llevaron al Duce y a Claretta Petacci en coche hacia el sur, hasta la aldea de San Giulino di Mezzegra. La pareja fue llevada a una casa pr\u00f3xima ocupada por los rebeldes. Poco despu\u00e9s llegaban las \u00f3rdenes de Mil\u00e1n, de parte de los comunistas, de aplicar a Mussolini y Claretta la justicia sumaria.<\/span><br \/><span style=\"font-family: arial, helvetica, sans-serif; font-size: small;\">Conducido a las puertas de la Villa Belmonte, lugar de la ejecuci\u00f3n, el Duce acat\u00f3 sumiso su destino. Empujados contra una tapia, la c\u00e9lebre pareja cay\u00f3 acribillada por las balas. Era el 28 de abril de 1945.<\/span><br \/><span style=\"font-family: arial, helvetica, sans-serif; font-size: small;\">Poco tiempo despu\u00e9s, los cuerpos fueron llevados a Mil\u00e1n, donde fueron colgados en la Plaza Loreto, mismo lugar donde un a\u00f1o antes hab\u00edan sido ejecutados quince partisanos.<\/span><br \/><span style=\"font-family: arial, helvetica, sans-serif; font-size: small;\">El 29 de abril de 1945 una multitud observaba complacida y exaltada, los cuerpos de Benito Mussolini y su amante, Claretta Petacci, que fueron expuestos colgados boca abajo, junto a los cad\u00e1veres de otros quince jerarcas fascistas.<\/span><\/p>\n<p style=\"text-align: justify;\"><span style=\"font-family: arial, helvetica, sans-serif; font-size: small;\"><\/span><\/p>\n<p style=\"text-align: justify;\"><span style=\"font-family: arial, helvetica, sans-serif; font-size: small;\">El fascismo y Mussolini<\/span><\/p>\n<p style=\"text-align: justify;\"><span style=\"font-family: arial, helvetica, sans-serif; font-size: small;\"><\/span><\/p>\n<p style=\"text-align: justify;\"><span style=\"font-family: arial, helvetica, sans-serif; font-size: small;\">Se conoce m\u00e1s del \u201cfascismo\u201d de Hitler (en realidad, el nazismo) que el del verdadero creador del Partido fascista, y dictador desde 1922 a 1945 Benito Mussolini. Quedaron gravados con m\u00e1s fuerzas en las mentes y en la historia los monstruosos campos de concentraci\u00f3n de Hitler y el asesinato de m\u00e1s de 5 millones de jud\u00edos, comunistas, gitanos, y trabajadores sospechosos de simpat\u00edas con la izquierda.<\/span><\/p>\n<p style=\"text-align: justify;\"><span style=\"font-family: arial, helvetica, sans-serif; font-size: small;\"><\/span><\/p>\n<p style=\"text-align: justify;\"><span style=\"font-family: arial, helvetica, sans-serif; font-size: small;\">Pero el cruel dictador Italiano quien estuvo al frente de la rep\u00fablica italiana entre 1922 y 1945, no se qued\u00f3 atr\u00e1s en la crueldad, en su pol\u00edtica pro patronal y contra los trabajadores y en su ardiente anticomunismo.<\/span><\/p>\n<p style=\"text-align: justify;\"><span style=\"font-family: arial, helvetica, sans-serif; font-size: small;\"><\/span><\/p>\n<p style=\"text-align: justify;\"><span style=\"font-family: arial, helvetica, sans-serif; font-size: small;\">La Primera Guerra Mundial<\/span><br \/><span style=\"font-family: arial, helvetica, sans-serif; font-size: small;\">Despu\u00e9s de finalizada la I Guerra Mundial, los a\u00f1os 1918-20 marcaron un per\u00edodo de \u201canarqu\u00eda\u201d en el capitalismo italiano. Una brutal crisis econ\u00f3mica se arrastraba por ciudades y campos; la clase obrera y el campesinado, obligaron a la clase dominante a hacer importantes concesiones. En septiembre de 1920 los trabajadores hab\u00edan tomado las f\u00e1bricas y las industrias, y los campesinos hab\u00edan ocupado las tierras. Los capitalistas estaban paralizados por el miedo y el poder, de hecho, estaba en manos de la clase obrera.<\/span><br \/><span style=\"font-family: arial, helvetica, sans-serif; font-size: small;\">Pero a la sombra de la primera guerra mundial, en cuanto crec\u00eda la crisis econ\u00f3mica y social, el fascismo (de \u201cfascio\u201d, figura que enlazaba varias varillas o unidas) no dejaba de crecer entre la empobrecida clase media y de parte de los trabajadores italianos, a los cuales Mussolini les hablaba desde su peri\u00f3dico \u201cIl Popolo de Italia\u201d.<\/span><br \/><span style=\"font-family: arial, helvetica, sans-serif; font-size: small;\">Su figura crec\u00eda, y su discurso resuelto generaba una gran atracci\u00f3n entre las masas populares. En una Italia convulsionada por la crisis y el crecimiento de un activismo sindical de izquierda, Mussolini quien hab\u00eda pasado por el partido socialista italiano del cual hab\u00eda sido expulsado por su \u201cnacionalismo\u201d, logr\u00f3 crear el Partido Nacional Fascista, despu\u00e9s de crear una agrupaci\u00f3n nacionalista de choque, los llamados \u201cfascis\u201d, bandas fascistas que militaban con cachiporras, cuchillos y pistolas contra el proletariado y sobre todo, contra los l\u00edderes de izquierda. Estas bandas de asesinos vagaban por Italia atacando las cooperativas, sindicatos de trabajadores, gobiernos comunales socialistas, etc., bajo la protecci\u00f3n de la polic\u00eda burguesa. <\/span><br \/><span style=\"font-family: arial, helvetica, sans-serif; font-size: small;\">Era necesario un partido bolchevique capaz de sacar las conclusiones necesarias para las masas y de guiar a los trabajadores hacia la conquista del poder. Pero los reformistas, una vez m\u00e1s traicionaron a la clase trabajadora abriendo un per\u00edodo de profunda crisis econ\u00f3mica, social y pol\u00edtica.<\/span><\/p>\n<p style=\"text-align: justify;\"><span style=\"font-family: arial, helvetica, sans-serif; font-size: small;\"><\/span><\/p>\n<p style=\"text-align: justify;\"><span style=\"font-family: arial, helvetica, sans-serif; font-size: small;\">Ascenso y ca\u00edda de Mussolini<\/span><br \/><span style=\"font-family: arial, helvetica, sans-serif; font-size: small;\">Electo diputado nacional en las elecciones de 1921, Mussolini ya contaba con el apoyo de poderosos empresarios. Poco tiempo despu\u00e9s se produc\u00eda la Marcha sobre Roma, tras la cual el rey V\u00edctor Manuel III le encarg\u00f3 a Mussolini la tarea de formar un nuevo gobierno. En 1922 Mussolini lleg\u00f3 al poder gracias a los terratenientes, los industriales, la Iglesia y la monarqu\u00eda, como el \u00fanico medio de preservar sus intereses. Entre ellos, Rocca (los mismos que en Argentina son due\u00f1os de Techint), Pirelli (caucho), Orsi (banquero) y el textil \u201cconde\u201d Marzzotto, quien le compr\u00f3 el t\u00edtulo nobiliario al propio \u201cDuce\u201d<\/span><br \/><span style=\"font-family: arial, helvetica, sans-serif; font-size: small;\">Fueron m\u00e1s de 20 a\u00f1os de una feroz dictadura. Pero una vez en el poder, el fascismo comenz\u00f3 a perder su base de clase media. El empobrecimiento y la ruina de la peque\u00f1o burgues\u00eda se vieron acrecentadas con la victoria del fascismo. Las ilusiones contrarrevolucionarias de la peque\u00f1o burgues\u00eda pronto desaparecen debido a la cruda realidad del estado totalitario y, por lo tanto, comienza a decaer el apoyo al fascismo. El r\u00e9gimen fascista pierde completamente su base social y se convierte en una dictadura burocr\u00e1tica policiaco-militar.<\/span><br \/><span style=\"font-family: arial, helvetica, sans-serif; font-size: small;\">Con Mussolini, Italia form\u00f3 parte del reparto colonial entre las potencias sobre todo en \u00c1frica, donde ocup\u00f3 Etiop\u00eda y Libia, y en 1939 ocup\u00f3 Albania. As\u00ed, se iban configurando las alianzas para la segunda guerra mundial, con afinidad con Hitler en Alemania, con quien colaborar\u00eda en el exterminio de las masas jud\u00edas y con Franco en Espa\u00f1a a quien mand\u00f3 refuerzos militares y armamento para luchar contra la Rep\u00fablica, en realidad contra comunistas, socialistas y anarquistas.<\/span><br \/><span style=\"font-family: arial, helvetica, sans-serif; font-size: small;\">Pero a medida que el Eje (Alemania, Jap\u00f3n e Italia) perd\u00eda la guerra, se suced\u00edan huelgas de masas en las ciudades contra el incremento insoportable del costo de vida, los campesinos entraban en acci\u00f3n con revueltas menores contra los terratenientes y la insostenible carga impositiva de los funcionarios fascistas y los motines en el ej\u00e9rcito eran una indicaci\u00f3n del esp\u00edritu que exist\u00eda entre las tropas. Muy pronto llegaron informes de la guerra contra Grecia que narraban c\u00f3mo las unidades ca\u00edan prisioneras cantando el Bandiera Rossa (Bandera Roja), que se convirti\u00f3 en himno de los partisanos. En el movimiento de masas, lejos de considerar al \u201cl\u00edder\u201d como su salvador, empiezan a considerarlo el causante de sus males, y sus \u201cerrores\u201d, los que les han llevado a una situaci\u00f3n insostenible.<\/span><br \/><span style=\"font-family: arial, helvetica, sans-serif; font-size: small;\">Mientras los aliados controlaban gran parte del mar Mediterr\u00e1neo, despu\u00e9s de la rendici\u00f3n alemana en T\u00fanez, convirtieron a Italia en su nuevo objetivo. Esta, despu\u00e9s de las derrotas sufridas en Rusia y \u00c1frica, vivi\u00f3 una situaci\u00f3n extremadamente inestable, lo que provoc\u00f3 que buena parte de los italianos desease romper su alianza con los alemanes y el fin de la guerra. Con el desembarco de los aliados en el Sur, Italia qued\u00f3 dividida en dos: el sur \u201cliberado\u201d y el norte todav\u00eda controlado por el nazi fascismo.<\/span><\/p>\n<p style=\"text-align: justify;\"><span style=\"font-family: arial, helvetica, sans-serif; font-size: small;\"><\/span><\/p>\n<p style=\"text-align: justify;\"><span style=\"font-family: arial, helvetica, sans-serif; font-size: small;\">La ca\u00edda de Mussolini: <\/span><br \/><span style=\"font-family: arial, helvetica, sans-serif; font-size: small;\">Un gran triunfo democr\u00e1tico traicionado por el PCI y la Comintern<\/span><\/p>\n<p style=\"text-align: justify;\"><span style=\"font-family: arial, helvetica, sans-serif; font-size: small;\"><\/span><\/p>\n<p style=\"text-align: justify;\"><span style=\"font-family: arial, helvetica, sans-serif; font-size: small;\">Los partisanos estaban armados y el movimiento obrero y campesino viv\u00eda un grado de exaltaci\u00f3n como nunca. Hab\u00edan triunfado sobre el Duce!<\/span><br \/><span style=\"font-family: arial, helvetica, sans-serif; font-size: small;\">El triunfo de los partisanos era innegable y gozaban de gran prestigio. El Poder se encontraba al alcance de la mano, en medio de una aguda crisis burguesa, y con la econom\u00eda del pa\u00eds destrozada.<\/span><br \/><span style=\"font-family: arial, helvetica, sans-serif; font-size: small;\">Pero ya en febrero de ese a\u00f1o, se hab\u00edan reunido en Yalta (Crimea), Churchill (Primer Ministro del Reino Unido), Roosevelt (Presidente de los EEUU) y Stalin, Secretario General del PC sovi\u00e9tico, para hacer un gran pacto, por el cual se repart\u00edan el mundo, quedando Europa occidental en manos capitalistas, y Europa oriental sobre el comando de la Uni\u00f3n Sovi\u00e9tica. Eso significaba que los partisanos deb\u00edan ser desarmados tanto en Italia como en Francia, donde se viv\u00edan condiciones similares a las italianas, para poner a los trabajadores a colaborar con la reconstrucci\u00f3n capitalista de sus respectivos pa\u00edses.<\/span><br \/><span style=\"font-family: arial, helvetica, sans-serif; font-size: small;\">Esta gran traici\u00f3n del stalinismo a una verdadera revoluci\u00f3n democr\u00e1tica triunfante, como la que hab\u00eda posibilitado el ascenso del nazismo en Alemania, fue la causante de los 20 a\u00f1os de derrotas entre los a\u00f1os 1923 a 1943.<\/span><\/p>\n<p style=\"text-align: justify;\"><span style=\"font-family: arial, helvetica, sans-serif; font-size: small;\"><\/span><\/p>\n<p style=\"text-align: justify;\"><span style=\"font-family: arial, helvetica, sans-serif; font-size: small;\">Los heroicos partisanos<\/span><br \/><span style=\"font-family: arial, helvetica, sans-serif; font-size: small;\">\u201cAvanti poppolo, alla riscorsa, <\/span><br \/><span style=\"font-family: arial, helvetica, sans-serif; font-size: small;\">bandiera rossa, bandiera rossa&#8230;<\/span><br \/><span style=\"font-family: arial, helvetica, sans-serif; font-size: small;\">Avanti poppolo, con il cannone, rivoluzione&#8230;<\/span><br \/><span style=\"font-family: arial, helvetica, sans-serif; font-size: small;\">e viva il socialismo e la liberta\u201d<\/span><\/p>\n<p style=\"text-align: justify;\"><span style=\"font-family: arial, helvetica, sans-serif; font-size: small;\"><\/span><\/p>\n<p style=\"text-align: justify;\"><span style=\"font-family: arial, helvetica, sans-serif; font-size: small;\">Este himno, vivando al socialismo, a la bandera roja y a la libertad indicaba el grado de radicalizaci\u00f3n pol\u00edtica del movimiento.<\/span><br \/><span style=\"font-family: arial, helvetica, sans-serif; font-size: small;\">La Resistencia partisana fue un movimiento armado de oposici\u00f3n al fascismo y a las tropas de ocupaci\u00f3n nazis instaladas en Italia durante la Segunda Guerra Mundial, aunque se habla de resistencia desde el comienzo del gobierno de Mussolini. La Resistencia desarroll\u00f3 una guerra de guerrillas cuando Italia fue invadida por la Alemania Nazi en 1943 y finaliz\u00f3 en abril de 1945 con la rendici\u00f3n de las tropas alemanas. Se calcula que m\u00e1s de 300.000 personas participaron en la lucha armada de la Resistencia (de las cuales, unas 35.000 fueron mujeres). Entre sus miembros hab\u00eda una gran heterogeneidad pol\u00edtica e ideol\u00f3gica. La Resistencia se nutri\u00f3 de soldados que desertaban de las fuerzas armadas, de voluntarios, de miembros de los partidos comunistas, liberales,dem\u00f3cratas-cristianos, socialistas, anarquistas, etc.<\/span><br \/><span style=\"font-family: arial, helvetica, sans-serif; font-size: small;\">La rendici\u00f3n incondicional del ej\u00e9rcito alem\u00e1n tuvo lugar el 29 de abril de 1945. Esto marc\u00f3 el final de la Resistencia. Es all\u00ed donde entr\u00f3 el papel decisivo que tuvieron el Partido Comunista Italiano y el Comintern, traicionando a aquellos millares de partisanos y a millones de italianos que so\u00f1aron con un futuro diferente despu\u00e9s de haber derrotado al Duce y con la colaboraci\u00f3n aliada de franceses y norteamericanos, al otrora poderoso ej\u00e9rcito alem\u00e1n.<\/span><\/p>\n","protected":false},"excerpt":{"rendered":"<p>Silvia Santos, dirigente de la UIT-CI \u201cPor las monta\u00f1as anduvieron los partisanos, en las c\u00e1rceles fueron presos, en los campos los ahorcaron, all\u00ed murieron italianos que pelearon por la libertad y muchos de ellos, por el socialismo.\u201dLa lluviosa noche del 26 de abril, la columna partisana Garibaldi bloque\u00f3 la carretera. A las seis y media [&hellip;]<\/p>\n","protected":false},"author":1,"featured_media":3695,"comment_status":"open","ping_status":"open","sticky":false,"template":"","format":"standard","meta":[],"categories":[34],"tags":[],"_links":{"self":[{"href":"https:\/\/uit-ci.org\/index.php\/wp-json\/wp\/v2\/posts\/3696"}],"collection":[{"href":"https:\/\/uit-ci.org\/index.php\/wp-json\/wp\/v2\/posts"}],"about":[{"href":"https:\/\/uit-ci.org\/index.php\/wp-json\/wp\/v2\/types\/post"}],"author":[{"embeddable":true,"href":"https:\/\/uit-ci.org\/index.php\/wp-json\/wp\/v2\/users\/1"}],"replies":[{"embeddable":true,"href":"https:\/\/uit-ci.org\/index.php\/wp-json\/wp\/v2\/comments?post=3696"}],"version-history":[{"count":0,"href":"https:\/\/uit-ci.org\/index.php\/wp-json\/wp\/v2\/posts\/3696\/revisions"}],"wp:featuredmedia":[{"embeddable":true,"href":"https:\/\/uit-ci.org\/index.php\/wp-json\/wp\/v2\/media\/3695"}],"wp:attachment":[{"href":"https:\/\/uit-ci.org\/index.php\/wp-json\/wp\/v2\/media?parent=3696"}],"wp:term":[{"taxonomy":"category","embeddable":true,"href":"https:\/\/uit-ci.org\/index.php\/wp-json\/wp\/v2\/categories?post=3696"},{"taxonomy":"post_tag","embeddable":true,"href":"https:\/\/uit-ci.org\/index.php\/wp-json\/wp\/v2\/tags?post=3696"}],"curies":[{"name":"wp","href":"https:\/\/api.w.org\/{rel}","templated":true}]}}