{"id":3714,"date":"2020-05-18T20:49:15","date_gmt":"2020-05-18T20:49:15","guid":{"rendered":"http:\/\/uit-ci.org\/index.php\/2020\/05\/18\/el-covid-19-y-la-quiebra-de-la-union-europea\/"},"modified":"2020-05-18T20:49:15","modified_gmt":"2020-05-18T20:49:15","slug":"el-covid-19-y-la-quiebra-de-la-union-europea","status":"publish","type":"post","link":"https:\/\/uit-ci.org\/index.php\/2020\/05\/18\/el-covid-19-y-la-quiebra-de-la-union-europea\/","title":{"rendered":"El Covid-19 y la quiebra de la Uni\u00f3n Europea"},"content":{"rendered":"<p style=\"text-align: justify;\"><strong><span style=\"font-family: arial, helvetica, sans-serif; font-size: small;\"><img loading=\"lazy\" class=\" alignleft size-full wp-image-3713\" src=\"http:\/\/uit-ci.org\/wp-content\/uploads\/2020\/05\/ix-decla-punys-63552.png\" width=\"223\" height=\"142\" alt=\"ix-decla-punys-63552\" style=\"margin: 5px; float: left;\" \/><br style=\"clear: left;\" \/>Por una salida obrera e internacionalista<\/span><\/strong><\/p>\n<p style=\"text-align: justify;\"><span style=\"font-family: arial, helvetica, sans-serif; font-size: small;\">Los acontecimientos importantes ponen a prueba a las instituciones. La web oficial de la Uni\u00f3n Europea, en el ep\u00edgrafe \u00abApoyo a la salud p\u00fablica en Europa\u00bb dice que \u00abLa UE complementa las pol\u00edticas sanitarias nacionales apoyando a los gobiernos de sus pa\u00edses miembros para alcanzar objetivos comunes, compartir los recursos y superar los retos compartidos\u201d. La UE que hizo un plan central para salvar a los bancos, es incapaz de tener un plan sanitario para salvar a la gente de la pandemia. El desastre de la gesti\u00f3n de la crisis sanitaria del Covid-19 se completa con la rapi\u00f1a de material sanitario entre estados, la prohibici\u00f3n de Francia y Alemania de venta de material a Italia en el momento m\u00e1s duro de la crisis&#8230; y ha demostrado que prevalece el \u00abs\u00e1lvese quien pueda\u00bb&#8230; la respuesta a la pandemia ha sido el cierre de fronteras.<\/span><\/p>\n<p>  <!--more-->  <\/p>\n<p style=\"text-align: justify;\"><span style=\"font-family: arial, helvetica, sans-serif; font-size: small;\">De hecho, esta poca preocupaci\u00f3n de la UE por la vida no es nueva. Mucho antes de la pandemia, lo ven\u00eda demostrando con la pol\u00edtica de inmigraci\u00f3n, dejando morir en las fronteras a miles de refugiados\/as, convirtiendo el Mediterr\u00e1neo en una fosa com\u00fan y persiguiendo las operaciones de salvamento de ONGs. Ahora ha tocado tambi\u00e9n a los de dentro de la UE. Ahora de nuevo, hemos visto a la Comisi\u00f3n Europea elogiando la pol\u00edtica brutal del gobierno conservador de Grecia contra los refugiados (\u00abel escudo\u00bb de Europa) y tambi\u00e9n callando ante las expulsiones en caliente con una flota privada de pesqueros contratada por el gobierno de Malta para devolver migrantes a una Libia en guerra.<\/span><\/p>\n<p style=\"text-align: justify;\"><strong><span style=\"font-family: arial, helvetica, sans-serif; font-size: small;\">La Uni\u00f3n Europea es un club de estados al servicio del capital financiero y las grandes multinacionales. No hay reforma posible.<\/span><\/strong><\/p>\n<p style=\"text-align: justify;\"><span style=\"font-family: arial, helvetica, sans-serif; font-size: small;\">Las medidas que ha aplicado la UE ante la crisis se basan en que estados y empresas reciban cr\u00e9ditos, es decir, se endeuden a\u00fan m\u00e1s. Han aprobado tres l\u00edneas de cr\u00e9ditos a los estados: un fondo de garant\u00eda del Banco Europeo de Inversiones de 25.000 millones de euros para ayudar a que los estados generen 200.000 millones de cr\u00e9ditos a empresas; otro fondo de reaseguro para ayudas a la suspensi\u00f3n del empleo o la reducci\u00f3n de jornada de hasta 100.000 millones de euros; un tercer cr\u00e9dito temporal del Mecanismo Europeo de Emergencia de hasta el 2% del PIB de cada estado. Adem\u00e1s, como prev\u00e9n un agujero enorme en el gasto p\u00fablico, se flexibilizan los topes de d\u00e9ficit p\u00fablico.<\/span><\/p>\n<p style=\"text-align: justify;\"><span style=\"font-family: arial, helvetica, sans-serif; font-size: small;\">El Banco Central Europeo (BCE), por su parte, puso 750.000 millones de euros para que no falte dinero a los bancos, y para comprar deuda p\u00fablica y privada. Pero la normativa de la UE obliga a que sea la banca privada la que compra la deuda p\u00fablica y despu\u00e9s el BCE la recompra a los bancos privados: negocio redondo para el capital financiero. En el caso de la deuda privada, en Espa\u00f1a son grandes empresas del Ibex, como Telef\u00f3nica, Repsol, Naturgy, Abertis, Iberdrola&#8230;, que se refinanciar\u00e1n su deuda con dinero p\u00fablico.<\/span><\/p>\n<p style=\"text-align: justify;\"><span style=\"font-family: arial, helvetica, sans-serif; font-size: small;\">\u201cLos gobiernos de Italia, el Estado espa\u00f1ol, Alemania u Holanda&#8230; todos est\u00e1n de acuerdo en salvar el capital privado a costa de endeudamiento p\u00fablico\u201d<\/span><\/p>\n<p style=\"text-align: justify;\"><span style=\"font-family: arial, helvetica, sans-serif; font-size: small;\">Incluso hablando de ayudas a empresas, en la UE hay estados de primera y de segunda. La Comisi\u00f3n Europea ha autorizado hasta ahora a los estados, cr\u00e9ditos a las empresas por 1,93 billones de euros: de esta cantidad el 52% corresponde a Alemania, un 17% son las de Francia o Italia, y Espa\u00f1a por debajo del 2%. Profundizar\u00e1n a\u00fan m\u00e1s las diferencias y la concentraci\u00f3n de capital.<\/span><\/p>\n<p style=\"text-align: justify;\"><span style=\"font-family: arial, helvetica, sans-serif; font-size: small;\">La crisis sanitaria agudiza la crisis capitalista. \u00bfC\u00f3mo se pagar\u00e1 este endeudamiento masivo? Los gobiernos de Italia o Espa\u00f1a piden que se hagan eurobonos, por los que a los estados m\u00e1s ricos les salga un poco m\u00e1s caro y menos a los dem\u00e1s. Alemania u Holanda no los quieren. Pero todos est\u00e1n de acuerdo en hacer recaer el salvamento del capital privado a costa del endeudamiento p\u00fablico que despu\u00e9s har\u00e1n pagar a los y las trabajadoras.<\/span><\/p>\n<p style=\"text-align: justify;\"><strong><span style=\"font-family: arial, helvetica, sans-serif; font-size: small;\">Romper con la UE desde el internacionalismo<\/span><\/strong><\/p>\n<p style=\"text-align: justify;\"><span style=\"font-family: arial, helvetica, sans-serif; font-size: small;\">Varias encuestas a mediados de abril pon\u00edan en evidencia el creciente rechazo a la UE en una Italia hundida en la pandemia: el 49% quer\u00eda salir de la UE y m\u00e1s del 70% tienen una opini\u00f3n desfavorable. Y es que en los peores momentos de la pandemia, Italia recibi\u00f3 m\u00e1s ayuda de pa\u00edses como China, Rusia o Cuba que de los socios de la UE, que s\u00f3lo se dedicaban a acaparar material de protecci\u00f3n en el mercado internacional. Todas las costuras de la UE han vuelto a crujir.<\/span><\/p>\n<p style=\"text-align: justify;\"><span style=\"font-family: arial, helvetica, sans-serif; font-size: small;\">La UE es una maquinaria al servicio de los estados y de los intereses capitalistas y sus pol\u00edticas generan rechazo entre la gente. El problema es que, si este rechazo no se canaliza por la izquierda, es la ultraderecha quien lo capitaliza, como hemos visto con el Brexit, con Salvini en Italia o con Marine Le Pen en Francia. Hay una continuidad entre el Brexit y el No a la constituci\u00f3n Europea en los refer\u00e9ndums de Francia y Holanda de 2005 y el No en el refer\u00e9ndum de Grecia contra los planes de la troika de julio de 2015. Si la izquierda no es capaz de llenar de contenido este rechazo, lo har\u00e1 la extrema derecha.<\/span><\/p>\n<p style=\"text-align: justify;\"><span style=\"font-family: arial, helvetica, sans-serif; font-size: small;\">\u201cEnfrentar la pandemia exige la reconstrucci\u00f3n de la sanidad 100% p\u00fablica y universal, y recuperar los servicios p\u00fablicos\u201d<\/span><\/p>\n<p style=\"text-align: justify;\"><span style=\"font-family: arial, helvetica, sans-serif; font-size: small;\">Un sector del gran capital europeo siente que se acercan enfrentamientos de clase decisivos, y se envuelve con la bandera imperial para justificar el endurecimiento de la represi\u00f3n del estado e intentar provocar enfrentamientos en el seno de los y las trabajadoras.<\/span><\/p>\n<p style=\"text-align: justify;\"><span style=\"font-family: arial, helvetica, sans-serif; font-size: small;\">Necesitamos enfrentar la Uni\u00f3n Europea, la Europa de los estados y del capital, desde el internacionalismo de clase. Necesitamos un frente europeo de la izquierda en ruptura con la Uni\u00f3n Europea y el capitalismo, que impulse la movilizaci\u00f3n y un plan de lucha, un plan de emergencia al servicio de los y las trabajadoras y los pueblos, y es tarea de la izquierda revolucionaria, internacionalista.<\/span><\/p>\n<p style=\"text-align: justify;\"><span style=\"font-family: arial, helvetica, sans-serif; font-size: small;\">Enfrentar la pandemia exige la reconstrucci\u00f3n de la sanidad 100% p\u00fablica y universal, y recuperar los servicios p\u00fablicos. Poniendo recursos a la investigaci\u00f3n y los laboratorios, liber\u00e1ndolos del inter\u00e9s de beneficio empresarial, nacionaliz\u00e1ndola bajo el control de los y las trabajadoras. Necesitamos defender salarios y pensiones, detener los despidos, repartir el trabajo entre las manos disponibles sin reducci\u00f3n de sueldo. Regularizar todos y todas las migrantes. Prohibir los desahucios. Los recursos deben salir de los impuestos a las grandes empresas y del no pago de la deuda p\u00fablica, para lo cual, precisamos de un frente de pa\u00edses deudores.<\/span><\/p>\n<p style=\"text-align: justify;\"><span style=\"font-family: arial, helvetica, sans-serif; font-size: small;\">Nuestra lucha es por gobiernos de trabajadores y trabajadoras y por una Federaci\u00f3n de rep\u00fablicas libres y socialistas en Europa.<\/span><\/p>\n<p style=\"text-align: justify;\"><span style=\"font-family: arial, helvetica, sans-serif; font-size: small;\">14 de mayo de 2020<\/span><\/p>\n<p style=\"text-align: justify;\"><span style=\"font-family: arial, helvetica, sans-serif; font-size: small;\">Lucha Internacionalista<\/span><\/p>\n","protected":false},"excerpt":{"rendered":"<p>Por una salida obrera e internacionalista Los acontecimientos importantes ponen a prueba a las instituciones. La web oficial de la Uni\u00f3n Europea, en el ep\u00edgrafe \u00abApoyo a la salud p\u00fablica en Europa\u00bb dice que \u00abLa UE complementa las pol\u00edticas sanitarias nacionales apoyando a los gobiernos de sus pa\u00edses miembros para alcanzar objetivos comunes, compartir los [&hellip;]<\/p>\n","protected":false},"author":1,"featured_media":3713,"comment_status":"open","ping_status":"open","sticky":false,"template":"","format":"standard","meta":[],"categories":[60],"tags":[],"_links":{"self":[{"href":"https:\/\/uit-ci.org\/index.php\/wp-json\/wp\/v2\/posts\/3714"}],"collection":[{"href":"https:\/\/uit-ci.org\/index.php\/wp-json\/wp\/v2\/posts"}],"about":[{"href":"https:\/\/uit-ci.org\/index.php\/wp-json\/wp\/v2\/types\/post"}],"author":[{"embeddable":true,"href":"https:\/\/uit-ci.org\/index.php\/wp-json\/wp\/v2\/users\/1"}],"replies":[{"embeddable":true,"href":"https:\/\/uit-ci.org\/index.php\/wp-json\/wp\/v2\/comments?post=3714"}],"version-history":[{"count":0,"href":"https:\/\/uit-ci.org\/index.php\/wp-json\/wp\/v2\/posts\/3714\/revisions"}],"wp:featuredmedia":[{"embeddable":true,"href":"https:\/\/uit-ci.org\/index.php\/wp-json\/wp\/v2\/media\/3713"}],"wp:attachment":[{"href":"https:\/\/uit-ci.org\/index.php\/wp-json\/wp\/v2\/media?parent=3714"}],"wp:term":[{"taxonomy":"category","embeddable":true,"href":"https:\/\/uit-ci.org\/index.php\/wp-json\/wp\/v2\/categories?post=3714"},{"taxonomy":"post_tag","embeddable":true,"href":"https:\/\/uit-ci.org\/index.php\/wp-json\/wp\/v2\/tags?post=3714"}],"curies":[{"name":"wp","href":"https:\/\/api.w.org\/{rel}","templated":true}]}}