{"id":3721,"date":"2020-05-20T15:28:46","date_gmt":"2020-05-20T15:28:46","guid":{"rendered":"http:\/\/uit-ci.org\/index.php\/2020\/05\/20\/se-funda-la-internacional-progresista\/"},"modified":"2021-03-31T20:56:14","modified_gmt":"2021-03-31T20:56:14","slug":"se-funda-la-internacional-progresista","status":"publish","type":"post","link":"https:\/\/uit-ci.org\/index.php\/2020\/05\/20\/se-funda-la-internacional-progresista\/","title":{"rendered":"Se funda la Internacional Progresista"},"content":{"rendered":"<p style=\"text-align: justify;\"><strong><span style=\"font-family: arial, helvetica, sans-serif; font-size: small;\"><img loading=\"lazy\" class=\" alignleft size-full wp-image-3720\" src=\"http:\/\/uit-ci.org\/wp-content\/uploads\/2020\/05\/1546017525_575923_1546018220_noticia_normal.jpg\" width=\"269\" height=\"150\" alt=\"1546017525 575923 1546018220 noticia normal\" style=\"margin: 5px; float: left;\" srcset=\"https:\/\/uit-ci.org\/wp-content\/uploads\/2020\/05\/1546017525_575923_1546018220_noticia_normal.jpg 980w, https:\/\/uit-ci.org\/wp-content\/uploads\/2020\/05\/1546017525_575923_1546018220_noticia_normal-300x167.jpg 300w, https:\/\/uit-ci.org\/wp-content\/uploads\/2020\/05\/1546017525_575923_1546018220_noticia_normal-768x429.jpg 768w, https:\/\/uit-ci.org\/wp-content\/uploads\/2020\/05\/1546017525_575923_1546018220_noticia_normal-600x335.jpg 600w, https:\/\/uit-ci.org\/wp-content\/uploads\/2020\/05\/1546017525_575923_1546018220_noticia_normal-750x419.jpg 750w\" sizes=\"(max-width: 269px) 100vw, 269px\" \/>\u00bfUn nuevo internacionalismo de los trabajadores?<\/span><\/strong><\/p>\n<p style=\"text-align: justify;\"><strong><span style=\"font-family: arial, helvetica, sans-serif; font-size: small;\">Escribe Miguel Lamas<\/span><\/strong><\/p>\n<p style=\"text-align: justify;\"><span style=\"font-family: arial, helvetica, sans-serif; font-size: small;\">El lunes 11 de mayo se realiz\u00f3 el lanzamiento oficial de la Internacional Progresista (IP), un movimiento pol\u00edtico a escala mundial que afirma luchar \u201cpor la democracia y la igualdad\u201d y re\u00fane a importantes organizaciones pol\u00edticas y sociales e intelectuales. El m\u00e1s conocido mundialmente entre los participantes de la nueva IP es Bernie Sanders, ex candidato \u201csocialista\u201d en la interna del Partido Dem\u00f3crata yanqui\u2026 aunque en abril pasado se retir\u00f3 y apoya al imperialista Biden.<\/span><\/p>\n<p>  <!--more-->  <\/p>\n<p style=\"text-align: justify;\"><span style=\"font-family: arial, helvetica, sans-serif; font-size: small;\">Seg\u00fan diferentes publicaciones se afirma que la IP \u201cnace con la vocaci\u00f3n de fomentar la uni\u00f3n, coordinaci\u00f3n y movilizaci\u00f3n de activistas, asociaciones, sindicatos, movimientos sociales y partidos en defensa de la democracia, la solidaridad, la igualdad y la sostenibilidad\u201d.<\/span><\/p>\n<p style=\"text-align: justify;\"><span style=\"font-family: arial, helvetica, sans-serif; font-size: small;\">Seg\u00fan el fil\u00f3sofo Srecko Horvat, \u201cel objetivo es crear un sujeto pol\u00edtico planetario, una visi\u00f3n pol\u00edtica com\u00fan para prevenir el deterioro de la crisis clim\u00e1tica y otras amenazas existenciales para la humanidad y el planeta\u201d.<\/span><\/p>\n<p style=\"text-align: justify;\"><span style=\"font-family: arial, helvetica, sans-serif; font-size: small;\">Los l\u00edderes de esta nueva organizaci\u00f3n pol\u00edtica internacional coinciden en se\u00f1alar que la crisis sanitaria y econ\u00f3mica derivada de la pandemia del Covid-19 ha revelado la necesidad de que todos los actores progresistas remen juntos para defender la asistencia m\u00e9dica universal, la protecci\u00f3n de los derechos laborales y la cooperaci\u00f3n internacional.<\/span><\/p>\n<p style=\"text-align: justify;\"><span style=\"font-family: arial, helvetica, sans-serif; font-size: small;\">Quienes son<\/span><\/p>\n<p style=\"text-align: justify;\"><span style=\"font-family: arial, helvetica, sans-serif; font-size: small;\">La Internacional Progresista, liderada por Yanis Varoufakis (ex ministro de Finanzas de Syriza, el gobierno de centroizquierda griego, Varoufakis posteriormente rompi\u00f3 con Syriza) y Sanders cuenta adem\u00e1s con el respaldo de un consejo formado por m\u00e1s de 40 asesores, entre los que destacan dirigentes pol\u00edticos, escritores y activistas como el estadounidense Noam Chomsky; la periodista e investigadora canadiense Naomi Klein; la primera ministra islandesa, Katr\u00edn Jakobsd\u00f3ttir; la ministra argentina de Mujeres, G\u00e9nero y Diversidad, Elizabeth G\u00f3mez Alcorta; el exmandatario ecuatoriano Rafael Correa Delgado; el brasile\u00f1o Fernando Haddad, candidato del Partido de los Trabajadores (PT) a la presidencia en las elecciones de 2018 que gan\u00f3 el ultraderechista Jair Bolsonaro; el exministro brasile\u00f1o de Exteriores, Celso Amorim; el exvicepresidente boliviano \u00c1lvaro Garc\u00eda Linera; el fil\u00f3sofo croata Srecko Horvat; y la joven activista alemana Carola Rackete, capitana de barco y s\u00edmbolo del rescate de migrantes en el Mediterr\u00e1neo.<\/span><\/p>\n<p style=\"text-align: justify;\"><span style=\"font-family: arial, helvetica, sans-serif; font-size: small;\">La necesaria unidad de acci\u00f3n internacional<\/span><\/p>\n<p style=\"text-align: justify;\"><span style=\"font-family: arial, helvetica, sans-serif; font-size: small;\">En primer lugar, el llamado a formar la IP sintoniza con un sentimiento que se extiende entre los trabajadores y oprimidos del mundo de la necesidad de unirnos para defender vida y derechos.<\/span><\/p>\n<p style=\"text-align: justify;\"><span style=\"font-family: arial, helvetica, sans-serif; font-size: small;\">Hoy basta ver las noticias para comprobar como en todo el mundo los trabajadores, las mujeres, los j\u00f3venes estudiantes de la clase trabajadora, las razas oprimidas, tienen dramas sociales similares en todas partes, mientras las transnacionales se llevan billones de d\u00f3lares de \u201cayuda\u201d de los gobiernos y los banqueros siguen cobrando deudas estatales fraudulentas contra\u00eddas para ayudar a los multimillonarios o a los propios bancos.<\/span><\/p>\n<p style=\"text-align: justify;\"><span style=\"font-family: arial, helvetica, sans-serif; font-size: small;\">El llamamiento de la UIT-CI<\/span><\/p>\n<p style=\"text-align: justify;\"><span style=\"font-family: arial, helvetica, sans-serif; font-size: small;\">Desde la Unidad Internacional de los Trabajadores (Cuarta Internacional), hicimos el \u201cLlamamiento por un plan global de emergencia obrero y popular. \u00a1Que la crisis del coronavirus la paguen los capitalistas!\u201d. Desde la UIT-CI apoyamos todas estas expresiones de lucha en cada pa\u00eds y llamamos a darle continuidad y unidad en un amplio movimiento internacional para que la crisis del coronavirus la paguen los capitalistas y no los trabajadores y los pueblos. Proponemos luchar por un Plan de Emergencia obrero y popular en cada pa\u00eds e internacionalmente. En todo el mundo se necesita plata para salud, salario, trabajo y comida. La pandemia del coronavirus no ha terminado. Y tambi\u00e9n tenemos la pandemia social que quiere imponer el imperialismo, las multinacionales y sus gobiernos. Por todo ello se hace necesario luchar por imponer: No al pago de las deudas externas. Por un Frente de pa\u00edses deudores, como el que impulsan diversos pa\u00edses africanos, para no pagar, y altos impuestos progresivos sobre las multinacionales, los bancos y los terratenientes del mundo. Para dedicar, en cada pa\u00eds, esos fondos para combatir el Covid19, prohibir los despidos o las rebajas salariales, dar un seguro o salario de cuarentena al desocupado (parado) y dar comida a millones de necesitados.<\/span><\/p>\n<p style=\"text-align: justify;\"><span style=\"font-family: arial, helvetica, sans-serif; font-size: small;\">Desde ya que cualquier iniciativa internacional para luchar por estos puntos, emprendida por la IP o cualquiera de los sectores que la integran, ser\u00eda un canal positivo de acci\u00f3n com\u00fan.<\/span><\/p>\n<p style=\"text-align: justify;\"><span style=\"font-family: arial, helvetica, sans-serif; font-size: small;\">\u00bfPero, que hicieron y est\u00e1n haciendo estos dirigentes?<\/span><\/p>\n<p style=\"text-align: justify;\"><span style=\"font-family: arial, helvetica, sans-serif; font-size: small;\">Sin embargo, no podemos dejar de ver que los dirigentes que forman esta internacional, en algunos casos gobernaron pa\u00edses, como Rafael Correa, ex presidente de Ecuador, o \u00c1lvaro Garc\u00eda Linera, ex vicepresidente boliviano, o Fernando Haddad del PT brasile\u00f1o. Ellos ya no son gobernantes. Pero, cuando lo fueron, antes de la Pandemia, gobernaron con las transnacionales petroleras y mineras, y con los banqueros. Garc\u00eda Linera con su denominado \u201ccapitalismo andino\u201d apoy\u00f3 el agronegocio cruce\u00f1o que llev\u00f3 al desastre ambiental de la destrucci\u00f3n de bosques en la Chiquitan\u00eda. Sus pol\u00edticas a favor del gran capital llevaron tanto a Ecuador como a Bolivia, y al Brasil gobernado por el PT, a profundas crisis antes de la actual pandemia.<\/span><\/p>\n<p style=\"text-align: justify;\"><span style=\"font-family: arial, helvetica, sans-serif; font-size: small;\">En Brasil, ante la cat\u00e1strofe de la pandemia, el PT apuesta todo a las elecciones presidenciales de 2022 convocando un \u201cfrente amplio\u201d y se niega a movilizar, mostrando a la CUT (Central Unitaria de Trabajadores dirigida por el PT) en un rol traidor como jam\u00e1s se vio, dejando correr las medidas profundamente antiobreras de Bolsonaro-Guedes (su Ministro de Econom\u00eda) y el verdadero genocidio que el demencial presidente brasilero promueve al ignorar la pandemia.<\/span><\/p>\n<p style=\"text-align: justify;\"><span style=\"font-family: arial, helvetica, sans-serif; font-size: small;\">Y en el caso de Bernie Sanders fue el candidato m\u00e1s popular del Partido Dem\u00f3crata, concentraba el apoyo de millones de trabajadores, trabajadoras y j\u00f3venes que lo ve\u00edan como una opci\u00f3n \u201csocialista\u201d y a favor del pueblo porque defend\u00eda la idea de salud p\u00fablica universal gratuita y educaci\u00f3n p\u00fablica gratuita. Y precisamente cuando comenz\u00f3 la pandemia, en la que hizo crisis total la salud p\u00fablica en Estados Unidos, Sanders retir\u00f3 su candidatura y dio el apoyo a Joe Biden, por imposici\u00f3n del aparato burgu\u00e9s imperialista dem\u00f3crata.<\/span><\/p>\n<p style=\"text-align: justify;\"><span style=\"font-family: arial, helvetica, sans-serif; font-size: small;\">Pero, adem\u00e1s, al apoyar a Joe Biden, el grupo de Sanders, no s\u00f3lo abandon\u00f3 su candidatura, sino que renunci\u00f3 a dar una opci\u00f3n \u201csocialista\u201d o progresista a los trabajadores y a juventud norteamericana. El Partido Dem\u00f3crata es uno de los dos grandes partidos imperialistas que dominan el sistema pol\u00edtico yanqui. Y recientemente votaron en el Congreso, un \u201cpaquete de est\u00edmulo\u201d de 2,1 billones de d\u00f3lares, el grueso de esto a las grandes empresas multinacionales y bancos. Y esto fue votado por los dem\u00f3cratas congresistas, casi un\u00e1nimemente (231 de 232 diputados), es decir votaron incluso los partidarios de Sanders.<\/span><\/p>\n<p style=\"text-align: justify;\"><span style=\"font-family: arial, helvetica, sans-serif; font-size: small;\">La IP y la necesidad de una internacional socialista revolucionaria<\/span><\/p>\n<p style=\"text-align: justify;\"><span style=\"font-family: arial, helvetica, sans-serif; font-size: small;\">La IP busca ubicarse pol\u00edticamente en la crisis, como la opci\u00f3n de centroizquierda con ciertas demandas progresistas. Pero los hechos muestran que, a\u00fan antes de la pandemia, la crisis capitalista deja poco lugar para que los grandes capitalistas acepten dar alguna concesi\u00f3n a los trabajadores. Y, en los hechos, los dirigentes de la actual IP se acomodaron acordando con el gran capital y sosteniendo el r\u00e9gimen de democracia para ricos.<\/span><\/p>\n<p style=\"text-align: justify;\"><span style=\"font-family: arial, helvetica, sans-serif; font-size: small;\">El actual agravamiento extremo de la crisis hace que todos los economistas, incluyendo el FMI, \u201cpronostiquen\u201d decenas de millones de despidos (\u00a1s\u00f3lo en Estados Unidos superan los 40 millones de despidos!) y destrucci\u00f3n de todos los derechos laborales. Tampoco estar\u00e1n dispuestos los gobiernos burgueses a poner dinero en salud o educaci\u00f3n. Y como lo muestran todos los planes de rescate financiero, la prioridad ser\u00e1 salvar las ganancias de las grandes multinacionales<\/span><\/p>\n<p style=\"text-align: justify;\"><span style=\"font-family: arial, helvetica, sans-serif; font-size: small;\">\u00a1Lamentablemente, Sanders, como queda dicho, es c\u00f3mplice de esto! Por eso el \u201cinternacionalismo\u201d de la IP dif\u00edcilmente pase de alguna declaraci\u00f3n com\u00fan.<\/span><\/p>\n<p style=\"text-align: justify;\"><span style=\"font-family: arial, helvetica, sans-serif; font-size: small;\">Por supuesto los \u201cpron\u00f3sticos\u201d de desastre econ\u00f3mico, que son en realidad planes del capitalismo para recuperar sus ganancias a costa de los trabajadores, no van a impedir que los trabajadores luchen por sus derechos y contra el hambre. Para eso hace falta, s\u00ed, la solidaridad y unidad de las luchas de los trabajadores a escala internacional, porque es una lucha dur\u00edsima, aun para conseguir defender los derechos m\u00e1s elementales.<\/span><\/p>\n<p style=\"text-align: justify;\"><span style=\"font-family: arial, helvetica, sans-serif; font-size: small;\">Y s\u00f3lo construyendo una organizaci\u00f3n mundial con la perspectiva revolucionaria de la III y IV Internacional de conquistar gobiernos de los trabajadores y el verdadero socialismo, terminando con el dominio mundial del imperialismo y sus multinacionales que nos lleva a la cat\u00e1strofe, puede llevarla al triunfo.<\/span><\/p>\n<p style=\"text-align: justify;\"><a href=\"index.php\/news-a-documents\/2584-a-new-workers-internationalism--the-progressive-international-is-founded\"><span style=\"font-family: arial, helvetica, sans-serif; font-size: small;\">(read in english)<\/span><\/a><\/p>\n","protected":false},"excerpt":{"rendered":"<p>\u00bfUn nuevo internacionalismo de los trabajadores? Escribe Miguel Lamas El lunes 11 de mayo se realiz\u00f3 el lanzamiento oficial de la Internacional Progresista (IP), un movimiento pol\u00edtico a escala mundial que afirma luchar \u201cpor la democracia y la igualdad\u201d y re\u00fane a importantes organizaciones pol\u00edticas y sociales e intelectuales. El m\u00e1s conocido mundialmente entre los [&hellip;]<\/p>\n","protected":false},"author":4,"featured_media":3720,"comment_status":"open","ping_status":"open","sticky":false,"template":"","format":"standard","meta":[],"categories":[35],"tags":[],"_links":{"self":[{"href":"https:\/\/uit-ci.org\/index.php\/wp-json\/wp\/v2\/posts\/3721"}],"collection":[{"href":"https:\/\/uit-ci.org\/index.php\/wp-json\/wp\/v2\/posts"}],"about":[{"href":"https:\/\/uit-ci.org\/index.php\/wp-json\/wp\/v2\/types\/post"}],"author":[{"embeddable":true,"href":"https:\/\/uit-ci.org\/index.php\/wp-json\/wp\/v2\/users\/4"}],"replies":[{"embeddable":true,"href":"https:\/\/uit-ci.org\/index.php\/wp-json\/wp\/v2\/comments?post=3721"}],"version-history":[{"count":1,"href":"https:\/\/uit-ci.org\/index.php\/wp-json\/wp\/v2\/posts\/3721\/revisions"}],"predecessor-version":[{"id":4665,"href":"https:\/\/uit-ci.org\/index.php\/wp-json\/wp\/v2\/posts\/3721\/revisions\/4665"}],"wp:featuredmedia":[{"embeddable":true,"href":"https:\/\/uit-ci.org\/index.php\/wp-json\/wp\/v2\/media\/3720"}],"wp:attachment":[{"href":"https:\/\/uit-ci.org\/index.php\/wp-json\/wp\/v2\/media?parent=3721"}],"wp:term":[{"taxonomy":"category","embeddable":true,"href":"https:\/\/uit-ci.org\/index.php\/wp-json\/wp\/v2\/categories?post=3721"},{"taxonomy":"post_tag","embeddable":true,"href":"https:\/\/uit-ci.org\/index.php\/wp-json\/wp\/v2\/tags?post=3721"}],"curies":[{"name":"wp","href":"https:\/\/api.w.org\/{rel}","templated":true}]}}