{"id":3736,"date":"2020-05-29T11:12:33","date_gmt":"2020-05-29T11:12:33","guid":{"rendered":"http:\/\/uit-ci.org\/index.php\/2020\/05\/29\/estados-unidos-justicia-para-george-floyd\/"},"modified":"2020-05-29T11:12:33","modified_gmt":"2020-05-29T11:12:33","slug":"estados-unidos-justicia-para-george-floyd","status":"publish","type":"post","link":"https:\/\/uit-ci.org\/index.php\/2020\/05\/29\/estados-unidos-justicia-para-george-floyd\/","title":{"rendered":"Estados Unidos: \u00a1Justicia para George Floyd!"},"content":{"rendered":"<p style=\"text-align: justify;\"><strong><span style=\"font-family: arial, helvetica, sans-serif; font-size: small;\"><img loading=\"lazy\" class=\" alignleft size-full wp-image-3735\" src=\"http:\/\/uit-ci.org\/wp-content\/uploads\/2020\/05\/George-Floyd-696x365.jpg\" width=\"286\" height=\"150\" alt=\"George-Floyd-696x365\" style=\"margin: 5px; float: left;\" srcset=\"https:\/\/uit-ci.org\/wp-content\/uploads\/2020\/05\/George-Floyd-696x365.jpg 696w, https:\/\/uit-ci.org\/wp-content\/uploads\/2020\/05\/George-Floyd-696x365-300x157.jpg 300w, https:\/\/uit-ci.org\/wp-content\/uploads\/2020\/05\/George-Floyd-696x365-600x315.jpg 600w\" sizes=\"(max-width: 286px) 100vw, 286px\" \/>\u201cPor favor, no puedo respirar\u201d<\/span><\/strong><\/p>\n<p style=\"text-align: justify;\"><strong><span style=\"font-family: arial, helvetica, sans-serif; font-size: small;\">Por Adolfo Santos, de El Socialista, Argentina.<\/span><\/strong><\/p>\n<p style=\"text-align: justify;\"><span style=\"font-family: arial, helvetica, sans-serif; font-size: small;\">Este lunes 25 se viraliz\u00f3 un video realizado en Minnesota, Estados Unidos. En el mismo se ve un polic\u00eda blanco apretando con su rodilla el cuello de un hombre negro que desesperado imploraba: \u201cPor favor, no puedo respirar\u201d. En medio de la calle, sin importarse con la c\u00e1mara que lo filmaba, ni con los pedidos de la gente para que lo soltara, el polic\u00eda apret\u00f3 con m\u00e1s violencia hasta que George Floyd dej\u00f3 de moverse.<\/span><\/p>\n<p>  <!--more-->  <\/p>\n<p style=\"text-align: justify;\"><span style=\"font-family: arial, helvetica, sans-serif; font-size: small;\">La violenta escena caus\u00f3 repudio e indignaci\u00f3n. No fue un simple \u201cincidente\u201d como trat\u00f3 de justificarse la polic\u00eda local en un comunicado, fue un asesinato brutal. \u201c\u00c9l parec\u00eda drogado\u201d, intentaron justificarse los polic\u00edas. \u00a1Mentira! George Floyd trabajaba y estaba desarmado. \u201cEra un trabajador de albergues de nuestra comunidad, se preocupaba por las personas, ten\u00eda un gran coraz\u00f3n\u201d declar\u00f3 un vecino. Su \u201cdelito\u201d estaba en el color de su piel. Fue m\u00e1s una v\u00edctima del genocidio practicado en los Estados Unidos contra la poblaci\u00f3n negra.<\/span><\/p>\n<p style=\"text-align: justify;\"><span style=\"font-family: arial, helvetica, sans-serif; font-size: small;\">Por eso la reacci\u00f3n fue inmediata. Centenas de manifestantes tomaron las calles de la capital, Minneapolis, para manifestar su repudio contra el brutal crimen racista. La polic\u00eda respondi\u00f3 con gases y balas de goma por lo que los enfrentamientos recrudecieron y acabaron con varios edificios y autos incendiados. Despu\u00e9s de tres d\u00edas de protestos, el alcalde de la ciudad, presionado por una movilizaci\u00f3n que no se detiene tuvo que reconocer: \u201cGeorge Floyd merece justicia, su familia merece justicia, la comunidad negra merece justicia y nuestra ciudad merece justicia\u00bb y pidi\u00f3 que se detenga al agente involucrado.<\/span><\/p>\n<p style=\"text-align: justify;\"><span style=\"font-family: arial, helvetica, sans-serif; font-size: small;\">\u201cNo puedo respirar\u201d<\/span><\/p>\n<p style=\"text-align: justify;\"><span style=\"font-family: arial, helvetica, sans-serif; font-size: small;\">Las palabras que repet\u00eda Floyd mientras era torturado por un \u201csupuesto delito\u201d, se han convertido en un grito de la poblaci\u00f3n negra y se multiplican en las pancartas y camisetas de los manifestantes. Este asesinato, recuerda otro caso similar. En 2014, en Nueva York, Eric Garner, otro hombre negro y desarmado como George Floyd, fue muerto por un policial que le aplic\u00f3 una llave en el cuello mientras que Garner le suplicaba: \u201cno puedo respirar\u201d, una frase que repiti\u00f3 once veces sin ser atendido.<\/span><\/p>\n<p style=\"text-align: justify;\"><span style=\"font-family: arial, helvetica, sans-serif; font-size: small;\">Por eso, \u00abI can\u00b4t breathe\u00bb (No puedo respirar), se ha convertido en un grito de guerra para los activistas que protestan por la brutalidad policial contra los afroestadounidenses. La fuerza de la rebeli\u00f3n contra el racismo en los Estados Unidos, es una demostraci\u00f3n de que no se aguanta m\u00e1s este sistema capitalista racista que no le importa con la vida de negros y pobres. Nos sumamos a las protestas contra la polic\u00eda asesina de Minnesota, las autoridades locales y el gobierno imperialista y racista de Donald Trump. Basta de asesinatos de las comunidades pobres y negras. Justicia para George Floyd!<\/span><\/p>\n<p style=\"text-align: justify;\"><a href=\"index.php\/noticias-y-documentos\/noticias-internacionales\/2587-2020-05-29-11-27-39\"><span style=\"font-family: arial, helvetica, sans-serif; font-size: small;\">(read in english)<\/span><\/a><\/p>\n","protected":false},"excerpt":{"rendered":"<p>\u201cPor favor, no puedo respirar\u201d Por Adolfo Santos, de El Socialista, Argentina. Este lunes 25 se viraliz\u00f3 un video realizado en Minnesota, Estados Unidos. En el mismo se ve un polic\u00eda blanco apretando con su rodilla el cuello de un hombre negro que desesperado imploraba: \u201cPor favor, no puedo respirar\u201d. En medio de la calle, [&hellip;]<\/p>\n","protected":false},"author":1,"featured_media":3735,"comment_status":"open","ping_status":"open","sticky":false,"template":"","format":"standard","meta":[],"categories":[35],"tags":[],"_links":{"self":[{"href":"https:\/\/uit-ci.org\/index.php\/wp-json\/wp\/v2\/posts\/3736"}],"collection":[{"href":"https:\/\/uit-ci.org\/index.php\/wp-json\/wp\/v2\/posts"}],"about":[{"href":"https:\/\/uit-ci.org\/index.php\/wp-json\/wp\/v2\/types\/post"}],"author":[{"embeddable":true,"href":"https:\/\/uit-ci.org\/index.php\/wp-json\/wp\/v2\/users\/1"}],"replies":[{"embeddable":true,"href":"https:\/\/uit-ci.org\/index.php\/wp-json\/wp\/v2\/comments?post=3736"}],"version-history":[{"count":0,"href":"https:\/\/uit-ci.org\/index.php\/wp-json\/wp\/v2\/posts\/3736\/revisions"}],"wp:featuredmedia":[{"embeddable":true,"href":"https:\/\/uit-ci.org\/index.php\/wp-json\/wp\/v2\/media\/3735"}],"wp:attachment":[{"href":"https:\/\/uit-ci.org\/index.php\/wp-json\/wp\/v2\/media?parent=3736"}],"wp:term":[{"taxonomy":"category","embeddable":true,"href":"https:\/\/uit-ci.org\/index.php\/wp-json\/wp\/v2\/categories?post=3736"},{"taxonomy":"post_tag","embeddable":true,"href":"https:\/\/uit-ci.org\/index.php\/wp-json\/wp\/v2\/tags?post=3736"}],"curies":[{"name":"wp","href":"https:\/\/api.w.org\/{rel}","templated":true}]}}