{"id":3920,"date":"2020-06-11T15:50:55","date_gmt":"2020-06-11T15:50:55","guid":{"rendered":"http:\/\/uit-ci.org\/index.php\/2020\/06\/11\/ni-la-policia-ni-los-fascistas-pudieron-impedir-el-homenaje-a-george-floyd-en-santo-domingo\/"},"modified":"2020-06-11T15:50:55","modified_gmt":"2020-06-11T15:50:55","slug":"ni-la-policia-ni-los-fascistas-pudieron-impedir-el-homenaje-a-george-floyd-en-santo-domingo","status":"publish","type":"post","link":"https:\/\/uit-ci.org\/index.php\/2020\/06\/11\/ni-la-policia-ni-los-fascistas-pudieron-impedir-el-homenaje-a-george-floyd-en-santo-domingo\/","title":{"rendered":"Ni la polic\u00eda ni los fascistas pudieron impedir el homenaje a George Floyd en Santo Domingo"},"content":{"rendered":"<p style=\"text-align: justify;\"><strong><span style=\"font-family: arial, helvetica, sans-serif; font-size: small;\"><img loading=\"lazy\" class=\" alignleft size-full wp-image-3919\" src=\"http:\/\/uit-ci.org\/wp-content\/uploads\/2020\/06\/psx_20200609_224047.jpg\" width=\"191\" height=\"89\" alt=\"psx 20200609 224047\" style=\"margin: 5px; float: left;\" \/><br style=\"clear: both;\" \/>Por Movimiento Socialista de los Trabajadores, Rep\u00fablica Dominicana<\/span><\/strong><\/p>\n<p style=\"text-align: justify;\"><span style=\"font-family: arial, helvetica, sans-serif; font-size: small;\">La ola de indignaci\u00f3n y rebeld\u00eda contra el racismo, que se ha iniciado en Minneapolis luego del asesinato de George Floyd y ha sacado a millones a las calles de EEUU, se ha hecho presente en todos los continentes, en grandes demostraciones de solidaridad. Rep\u00fablica Dominicana, uno de los pa\u00edses con las peores expresiones de racismo institucional y estructural en el mundo, no pod\u00eda permanecer aislada de este fen\u00f3meno.<\/span><\/p>\n<p>  <!--more-->  <\/p>\n<p style=\"text-align: justify;\"><span style=\"font-family: arial, helvetica, sans-serif; font-size: small;\"> Sin la masividad de las manifestaciones antirracistas en otras latitudes, en condiciones dif\u00edciles, fue convocado por once organizaciones un acto de solidaridad para el 9 de junio con el t\u00edtulo de \u201cUna flor para Floyd y contra el racismo\u201d. Un sencillo acto en el que se depositar\u00edan flores en el hist\u00f3rico lugar de Santo Domingo en el que fue exhibida la cabeza de Lemba, el gran dirigente de la lucha antiesclavista del siglo XVI.<\/span><\/p>\n<p style=\"text-align: justify;\"><span style=\"font-family: arial, helvetica, sans-serif; font-size: small;\">Inmediatamente se desat\u00f3 una contraconvocatoria por parte de grupos racistas de extrema derecha, quienes apoyan el racismo tanto en EEUU como en la propia Rep\u00fablica Dominicana. Son grupos de caracter\u00edsticas paramilitares y una ideolog\u00eda af\u00edn a la del dictador militar y genocida Trujillo, quien en 1937 perpetr\u00f3 la peor campa\u00f1a de limpieza \u00e9tnica del siglo XX en la regi\u00f3n, mediante la cual se asesin\u00f3 a m\u00e1s de 30 mil personas haitianas y dominicanas de ascendencia haitiana. Los voceros de estos grupos fascistas realizaron a trav\u00e9s de los medios digitales y redes sociales amenazas de muerte en contra del activismo antirracista, declarando que consideraban una ofensa a la \u201cpatria\u201d la realizaci\u00f3n de un homenaje a George Floyd.<\/span><\/p>\n<p style=\"text-align: justify;\"><span style=\"font-family: arial, helvetica, sans-serif; font-size: small;\">Desde las 8 de la ma\u00f1ana los fascistas empezaron a concentrarse en el Parque Independencia, frente a la esquina donde deb\u00eda realizarse el homenaje y la manifestaci\u00f3n antirracista. El punto de concentraci\u00f3n era acompa\u00f1ado por la Polic\u00eda Nacional, tal y como est\u00e1 documentado en videos y fotograf\u00edas. Se puede apreciar c\u00f3mo confraternizan los fascistas y los polic\u00edas. Dos horas m\u00e1s tarde, cuando se inici\u00f3 el acto en homenaje a George Floyd, en apoyo a la lucha antirracista en EEUU y contra el racismo en RD, con la colocaci\u00f3n de flores, velas, y pancartas de Black Lives Matter, el grupo de fascistas arremeti\u00f3 de manera coordinada con la polic\u00eda. El grupo actu\u00f3 a sus anchas, unas cincuenta personas, en su mayor\u00eda l\u00fampenes y desclasados, ex militares y ex polic\u00edas, dirigidos por un abogado y un cuadro profesional de El Nuevo Diario, un peri\u00f3dico de extrema derecha. La polic\u00eda detuvo arbitrariamente a las activistas antirracistas Ana Belique y Maribel N\u00fa\u00f1ez y al activista de izquierda Fernando Corona, para la satisfacci\u00f3n de los fascistas. Los antirracistas \u00e9ramos m\u00e1s numerosos pero la acci\u00f3n de la polic\u00eda, que aleg\u00f3 actuar en funci\u00f3n del estado de emergencia que proh\u00edbe las concentraciones, gener\u00f3 dispersi\u00f3n y desconcierto. De todos modos, y a pesar de todo, el acto en homenaje a George Foyd se realiz\u00f3. Los fascistas y la polic\u00eda no se salieron con la suya. Lo que es m\u00e1s importante, a nivel nacional e internacional qued\u00f3 demostrado que en RD hay racismo, hay un Estado racista y un gobierno c\u00f3mplice de grupos fascistas. Y esto es muy importante para las luchas que vienen.<\/span><\/p>\n<p style=\"text-align: justify;\"><span style=\"font-family: arial, helvetica, sans-serif; font-size: small;\">No es la primera vez que los neonazis y fascistas, autodenominados \u201cnacionalistas\u201d, amenazan con \u201cderramar sangre\u201d si se realizan actividades p\u00fablicas contra el racismo o en defensa de los derechos de las personas inmigrantes. Tambi\u00e9n han amenazado p\u00fablicamente a periodistas, trabajadores y defensores de derechos humanos. El jefe de la polic\u00eda nacional, Ney Aldrin, en 2018 realiz\u00f3 declaraciones en defensa de uno de estos grupos fascistas, neg\u00e1ndose a investigar las amenazas de muerte contra el periodista Marino Zapete y asegurando que a dicho grupo, cuyo lema es \u201cDios, Patria y Libertad\u201d, lo integraban \u201cj\u00f3venes\u2026 luchando por los valores de nuestros hijos y ojal\u00e1 que existan m\u00e1s personas dispuestas a luchar por los valores de este pa\u00eds\u201d. Uno de esos \u201cvalores\u201d obviamente es un racismo rabioso.<\/span><\/p>\n<p style=\"text-align: justify;\"><span style=\"font-family: arial, helvetica, sans-serif; font-size: small;\">Ahora todo ha quedado expuesto ante los ojos del mundo, precisamente en el medio de una de las m\u00e1s inspiradoras y potentes movilizaciones antirracistas de car\u00e1cter internacional. Llamamos a la solidaridad a las organizaciones antirracistas del mundo, que denuncien la situaci\u00f3n de la Rep\u00fablica Dominicana, donde se criminaliza el antirracismo y se a\u00fapa y protege al racismo y el fascismo, todo ello al servicio de una voraz burgues\u00eda que superexplota a miles de trabajadores inmigrantes y racializados. Tambi\u00e9n se ha ratificado la necesidad de articular un gran frente antirracista que pueda luchar de manera unitaria y sostenida por los derechos democr\u00e1ticos elementales que son sistem\u00e1ticamente atropellados por el gobierno. Acompa\u00f1ar la lucha contra la desnacionalizaci\u00f3n de las personas dominicanas de ascendencia haitiana, luchar contra los linchamientos racistas y por justicia para sus v\u00edctimas, defender el derecho a la sindicalizaci\u00f3n de los trabajadores inmigrantes y a las pensiones, como en el caso de los ca\u00f1eros, acabar con la tolerancia estatal para las acciones de odio racista. La oposici\u00f3n en las venideras elecciones reproduce los mismos discursos racistas y xen\u00f3fobos del gobierno, pues tambi\u00e9n representan los intereses de la burgues\u00eda: nada se puede esperar de ellos. De nuestra propia organizaci\u00f3n y movilizaci\u00f3n depende la conquista de la igualdad y la derrota del racismo, como parte de la lucha contra el capitalismo. Tendremos la \u00faltima palabra.<\/span><\/p>\n<p style=\"text-align: justify;\"><a href=\"index.php\/2018-03-15-13-39-31\/nouvelles-et-documents\/2612-2020-06-11-16-09-05\"><span style=\"font-family: arial, helvetica, sans-serif; font-size: small;\">(lire en fran\u00e7ais)<br \/><\/span><\/a><\/p>\n<p style=\"text-align: justify;\"><a href=\"index.php\/news-a-documents\/2613-neither-the-police-nor-the-fascists-could-prevent-the-tribute-to-george-floyd-in-santo-domingo\"><span style=\"font-family: arial, helvetica, sans-serif; font-size: small;\">(read in english)<\/span><\/a><\/p>\n","protected":false},"excerpt":{"rendered":"<p>Por Movimiento Socialista de los Trabajadores, Rep\u00fablica Dominicana La ola de indignaci\u00f3n y rebeld\u00eda contra el racismo, que se ha iniciado en Minneapolis luego del asesinato de George Floyd y ha sacado a millones a las calles de EEUU, se ha hecho presente en todos los continentes, en grandes demostraciones de solidaridad. Rep\u00fablica Dominicana, uno [&hellip;]<\/p>\n","protected":false},"author":1,"featured_media":3919,"comment_status":"open","ping_status":"open","sticky":false,"template":"","format":"standard","meta":[],"categories":[35],"tags":[],"_links":{"self":[{"href":"https:\/\/uit-ci.org\/index.php\/wp-json\/wp\/v2\/posts\/3920"}],"collection":[{"href":"https:\/\/uit-ci.org\/index.php\/wp-json\/wp\/v2\/posts"}],"about":[{"href":"https:\/\/uit-ci.org\/index.php\/wp-json\/wp\/v2\/types\/post"}],"author":[{"embeddable":true,"href":"https:\/\/uit-ci.org\/index.php\/wp-json\/wp\/v2\/users\/1"}],"replies":[{"embeddable":true,"href":"https:\/\/uit-ci.org\/index.php\/wp-json\/wp\/v2\/comments?post=3920"}],"version-history":[{"count":0,"href":"https:\/\/uit-ci.org\/index.php\/wp-json\/wp\/v2\/posts\/3920\/revisions"}],"wp:featuredmedia":[{"embeddable":true,"href":"https:\/\/uit-ci.org\/index.php\/wp-json\/wp\/v2\/media\/3919"}],"wp:attachment":[{"href":"https:\/\/uit-ci.org\/index.php\/wp-json\/wp\/v2\/media?parent=3920"}],"wp:term":[{"taxonomy":"category","embeddable":true,"href":"https:\/\/uit-ci.org\/index.php\/wp-json\/wp\/v2\/categories?post=3920"},{"taxonomy":"post_tag","embeddable":true,"href":"https:\/\/uit-ci.org\/index.php\/wp-json\/wp\/v2\/tags?post=3920"}],"curies":[{"name":"wp","href":"https:\/\/api.w.org\/{rel}","templated":true}]}}