{"id":3932,"date":"2020-06-18T20:13:59","date_gmt":"2020-06-18T20:13:59","guid":{"rendered":"http:\/\/uit-ci.org\/index.php\/2020\/06\/18\/en-defensa-de-hugo-blanco-su-lucha-y-trayectoria-y-contra-la-censura-del-documental-hugo-blanco-rio-profundo\/"},"modified":"2021-03-31T20:56:14","modified_gmt":"2021-03-31T20:56:14","slug":"en-defensa-de-hugo-blanco-su-lucha-y-trayectoria-y-contra-la-censura-del-documental-hugo-blanco-rio-profundo","status":"publish","type":"post","link":"https:\/\/uit-ci.org\/index.php\/2020\/06\/18\/en-defensa-de-hugo-blanco-su-lucha-y-trayectoria-y-contra-la-censura-del-documental-hugo-blanco-rio-profundo\/","title":{"rendered":"En defensa de Hugo Blanco, su lucha y trayectoria, y contra la censura del documental \u201cHugo Blanco, Rio Profundo\u201d"},"content":{"rendered":"<p style=\"text-align: justify;\"><span style=\"font-family: arial, helvetica, sans-serif; font-size: small;\"><img class=\" alignleft size-full wp-image-3931\" src=\"http:\/\/uit-ci.org\/wp-content\/uploads\/2020\/06\/Hubo-B.jpg\" height=\"150\" alt=\"Hubo-B\" style=\"margin: 5px; float: left;\" srcset=\"https:\/\/uit-ci.org\/wp-content\/uploads\/2020\/06\/Hubo-B.jpg 1200w, https:\/\/uit-ci.org\/wp-content\/uploads\/2020\/06\/Hubo-B-300x225.jpg 300w, https:\/\/uit-ci.org\/wp-content\/uploads\/2020\/06\/Hubo-B-1024x768.jpg 1024w, https:\/\/uit-ci.org\/wp-content\/uploads\/2020\/06\/Hubo-B-768x576.jpg 768w, https:\/\/uit-ci.org\/wp-content\/uploads\/2020\/06\/Hubo-B-600x450.jpg 600w, https:\/\/uit-ci.org\/wp-content\/uploads\/2020\/06\/Hubo-B-750x563.jpg 750w, https:\/\/uit-ci.org\/wp-content\/uploads\/2020\/06\/Hubo-B-1140x855.jpg 1140w\" sizes=\"(max-width: 1200px) 100vw, 1200px\" \/>En junio de 2020 se estren\u00f3 el documental \u201cHugo Blanco, Rio Profundo\u201d, donde se relata la lucha de los campesinos del Cusco enmarcada en la vida de Hugo Blanco Galdos, un l\u00edder socialista que fue dirigente del trotskismo peruano. En la d\u00e9cada del 60 fue parte de la organizaci\u00f3n y la resistencia de los campesinos contra el abuso de los terratenientes, el servilismo de la polic\u00eda y el desprecio de la aristocracia contra los ind\u00edgenas y campesinos.<\/span><\/p>\n<p>  <!--more-->  <\/p>\n<p style=\"text-align: justify;\"><span style=\"font-family: arial, helvetica, sans-serif; font-size: small;\">Durante la d\u00e9cada del 60, Hugo Blanco, o Hugucha, se transform\u00f3 r\u00e1pidamente en dirigente de los nuevos y pujantes sindicatos campesinos que eran motor de una tremenda rebeli\u00f3n campesina en lucha por la reforma agraria y otros derechos vulnerados. El levantamiento campesino y popular no tendr\u00eda marcha atr\u00e1s cuando un terrateniente de la hacienda Qayara, al no encontrar a un dirigente campesino us\u00f3 el arma del polic\u00eda que lo acompa\u00f1aba para disparar contra un ni\u00f1o de 12 a\u00f1os que se negaba a dar la ubicaci\u00f3n del dirigente. Este inaceptable hecho, que se suma a la sistem\u00e1tica represi\u00f3n de los Gamonales y la polic\u00eda en toda La convenci\u00f3n y Lares, la asamblea de varios sindicatos campesinos acord\u00f3 encargar a Hugo Blanco a ir a la comisar\u00eda junto a otros campesinos para presentar la denuncia, acci\u00f3n que terminar\u00eda en un enfrentamiento con la polic\u00eda y la consecuente rebeli\u00f3n campesina que -de hecho- inicio el proceso de reforma agraria, una reivindicaci\u00f3n por derecho a la tierra y por dejar atr\u00e1s la opresi\u00f3n latifundista.<\/span><\/p>\n<p style=\"text-align: justify;\"><span style=\"font-family: arial, helvetica, sans-serif; font-size: small;\">La significancia de este hecho hist\u00f3rico, calumniado por la derecha reaccionaria y ocultado por la izquierda estalinista, ha sido poco estudiado en nuestro pa\u00eds. El documental, aunque con varias limitaciones pol\u00edticas, nos invita hacer una reflexi\u00f3n nacional que, los sectores de la derecha m\u00e1s cavernaria, los altos mandos militares, representantes del peor autoritarismo que azoto al pa\u00eds y rancios representantes del Opus Dei, le niegan al pueblo peruano, atacando a dicho documental, acusando falsamente a Hugo Blanco de terrorista y asesino.<\/span><\/p>\n<p style=\"text-align: justify;\"><span style=\"font-family: arial, helvetica, sans-serif; font-size: small;\">Rechazamos tajantemente esas acusaciones que han sido descartadas por la historia y las luchas del pueblo peruano. Rechazamos este nuevo ataque de la misma manera que en 1963 rechazamos la sentencia de un Tribunal Militar que conden\u00f3 con la pena de muerte a Hugo Blanco. Intento que fue derrotado luego de una enorme campa\u00f1a de solidaridad internacional que oblig\u00f3 al Estado burgu\u00e9s a cambiar la pena por 25 a\u00f1os de prisi\u00f3n, luego, en la d\u00e9cada del 70, se logra su definitiva amnist\u00eda, pero al negarse apoyar a la dictadura militar fue expulsado del pa\u00eds.<\/span><\/p>\n<p style=\"text-align: justify;\"><span style=\"font-family: arial, helvetica, sans-serif; font-size: small;\">Con el declive de la dictadura militar, Hugo Blanco vuelve al pa\u00eds como la figura de izquierda socialista m\u00e1s importante del pa\u00eds, siendo el m\u00e1s votado en la Asamblea Constituyente de 1979 y ocupando un esca\u00f1o como diputado en el Congreso de la Republica (1980-1985) y representante de los trabajadores, campesinos e ind\u00edgenas junto a nuestro compa\u00f1ero Enrique Fern\u00e1ndez Chac\u00f3n.<\/span><\/p>\n<p style=\"text-align: justify;\"><span style=\"font-family: arial, helvetica, sans-serif; font-size: small;\">Las experiencias de lucha, la creaci\u00f3n de los sindicatos campesinos, la enorme rebeli\u00f3n campesina y la trayectoria de Hugo Blanco ha dejado una gran ense\u00f1anza para las presentes y futuras generaci\u00f3n, y son inspiraci\u00f3n para las organizaciones sindicales, sociales y pol\u00edticas en la pelea por un mundo mejor sin opresi\u00f3n ni explotaci\u00f3n. Defendemos ese legado hist\u00f3rico por considerarlo parte de la imborrable identidad de la lucha del pueblo peruano por sus derechos y lo asumimos como propio.<\/span><\/p>\n<p style=\"text-align: justify;\"><span style=\"font-family: arial, helvetica, sans-serif; font-size: small;\">Desde UNIOS, en el Frente Amplio, y la Unidad Internacional de Trabajadoras y Trabajadores \u2013 Cuarta Internacional (UIT-CI) llamamos a las organizaciones democr\u00e1ticas, sociales y pol\u00edticas de Per\u00fa y el mundo a rechazar toda censura contra el documental recientemente estrenado, a garantizar la libre expresi\u00f3n democr\u00e1tica de sus autoras y autores como as\u00ed tambi\u00e9n a condenar como falsas, maliciosas y absurdas las acusaciones vertidas contra el l\u00edder del movimiento campesino y a desplegar la mayor solidaridad y respaldo a Hugo Blanco y la lucha campesina.<\/span><\/p>\n<p style=\"text-align: justify;\"><span style=\"font-family: arial, helvetica, sans-serif; font-size: small;\">Jorge Corzo y Taylor Rojas, por UNIOS en el Frente Amplio de Per\u00fa.<\/span><\/p>\n<p style=\"text-align: justify;\"><span style=\"font-family: arial, helvetica, sans-serif; font-size: small;\">Miguel Sorans y Silvia Santos, dirigentes de la Unidad Internacional de Trabajadoras y Trabajadores-Cuarta Internacional (UIT-CI)<\/span><\/p>\n<p style=\"text-align: justify;\"><span style=\"font-family: arial, helvetica, sans-serif; font-size: small;\">Miguel Lamas y Sim\u00f3n Rodr\u00edguez Porras, del consejo de redacci\u00f3n de revista Correspondencia Internacional.<\/span><\/p>\n<p style=\"text-align: justify;\"><span style=\"font-family: arial, helvetica, sans-serif; font-size: small;\">Argentina: Juan Carlos Giordano, diputado nacional electo de Izquierda Socialista (IS) en el Frente de Izquierda y los Trabajadores-Unidad (FIT) de Provincia de Buenos Aires; M\u00f3nica Schotthauer, delegada ferroviaria ramal Sarmiento y diputada nacional electa de IS\/FIT; Liliana Olivero, ex Diputada por C\u00f3rdoba de IS\/FIT; Laura Marrone, ex legisladora de Buenos Aires IS-FIT,<\/span><\/p>\n<p style=\"text-align: justify;\"><span style=\"font-family: arial, helvetica, sans-serif; font-size: small;\">Bolivia: Humberto Balderrama, miembro de ARTP y de la Direcci\u00f3n Nacional del Partido de los Trabajadores<\/span><\/p>\n<p style=\"text-align: justify;\"><span style=\"font-family: arial, helvetica, sans-serif; font-size: small;\">Brasil: Joao Batista Araujo \u201cBaba\u201d, concejal de Rio de Janeiro por CST-PSOL, Michel Tunes, dirigente de la Corriente Socialista de los Trabajadores (CST) en el PSOL.<\/span><\/p>\n<p style=\"text-align: justify;\"><span style=\"font-family: arial, helvetica, sans-serif; font-size: small;\">Chile: Ranier Rios y Jonathan R\u00edos, dirigentes de MST (Movimiento Socialista de los Trabajadores)<\/span><\/p>\n<p style=\"text-align: justify;\"><span style=\"font-family: arial, helvetica, sans-serif; font-size: small;\">Estado espa\u00f1ol: Josep Lluis del Alc\u00e1zar, delegado sindical de ense\u00f1anza p\u00fablica y dirigente de Lucha Internacionalista (LI) y M. Esther del Alc\u00e1zar, delegada sindical de ense\u00f1anza p\u00fablica, dirigente de LI<\/span><\/p>\n<p style=\"text-align: justify;\"><span style=\"font-family: arial, helvetica, sans-serif; font-size: small;\">Panam\u00e1: Priscilla V\u00e1squez, dirigente nacional de los trabajadores del Seguro Social de Panam\u00e1; Virgilio Arauz, dirigente de Propuesta Socialista<\/span><\/p>\n<p style=\"text-align: justify;\"><span style=\"font-family: arial, helvetica, sans-serif; font-size: small;\">M\u00e9xico: Enrique G\u00f3mez y Francisco Retama, dirigentes del Movimiento al Socialismo (MAS)<\/span><\/p>\n<p style=\"text-align: justify;\"><span style=\"font-family: arial, helvetica, sans-serif; font-size: small;\">Turqu\u00eda:; Oktay \u00c7elik, presidente del Partido de la Democracia Obrera (IDP); Atakan \u00c7ift\u00e7i, delegado del Sindicato de los trabajadores de educaci\u00f3n y de ciencia; Gorkem Duru, dirigente de IDP.<\/span><\/p>\n<p style=\"text-align: justify;\"><span style=\"font-family: arial, helvetica, sans-serif; font-size: small;\">Venezuela: Orlando Chirino y Miguel \u00c1ngel Hern\u00e1ndez, dirigentes del Partido Socialismo y Libertad (PSL). Jos\u00e9 Bodas, Secretario General de la Federaci\u00f3n de Trabajadores Petroleros (FUTPV)<\/span><\/p>\n<p style=\"text-align: justify;\"><span style=\"font-family: arial, helvetica, sans-serif; font-size: small;\">Rep\u00fablica Dominicana:Henry Morel, periodista y militante del MST<\/span><\/p>\n","protected":false},"excerpt":{"rendered":"<p>En junio de 2020 se estren\u00f3 el documental \u201cHugo Blanco, Rio Profundo\u201d, donde se relata la lucha de los campesinos del Cusco enmarcada en la vida de Hugo Blanco Galdos, un l\u00edder socialista que fue dirigente del trotskismo peruano. En la d\u00e9cada del 60 fue parte de la organizaci\u00f3n y la resistencia de los campesinos [&hellip;]<\/p>\n","protected":false},"author":4,"featured_media":3931,"comment_status":"open","ping_status":"open","sticky":false,"template":"","format":"standard","meta":[],"categories":[60],"tags":[],"_links":{"self":[{"href":"https:\/\/uit-ci.org\/index.php\/wp-json\/wp\/v2\/posts\/3932"}],"collection":[{"href":"https:\/\/uit-ci.org\/index.php\/wp-json\/wp\/v2\/posts"}],"about":[{"href":"https:\/\/uit-ci.org\/index.php\/wp-json\/wp\/v2\/types\/post"}],"author":[{"embeddable":true,"href":"https:\/\/uit-ci.org\/index.php\/wp-json\/wp\/v2\/users\/4"}],"replies":[{"embeddable":true,"href":"https:\/\/uit-ci.org\/index.php\/wp-json\/wp\/v2\/comments?post=3932"}],"version-history":[{"count":1,"href":"https:\/\/uit-ci.org\/index.php\/wp-json\/wp\/v2\/posts\/3932\/revisions"}],"predecessor-version":[{"id":4659,"href":"https:\/\/uit-ci.org\/index.php\/wp-json\/wp\/v2\/posts\/3932\/revisions\/4659"}],"wp:featuredmedia":[{"embeddable":true,"href":"https:\/\/uit-ci.org\/index.php\/wp-json\/wp\/v2\/media\/3931"}],"wp:attachment":[{"href":"https:\/\/uit-ci.org\/index.php\/wp-json\/wp\/v2\/media?parent=3932"}],"wp:term":[{"taxonomy":"category","embeddable":true,"href":"https:\/\/uit-ci.org\/index.php\/wp-json\/wp\/v2\/categories?post=3932"},{"taxonomy":"post_tag","embeddable":true,"href":"https:\/\/uit-ci.org\/index.php\/wp-json\/wp\/v2\/tags?post=3932"}],"curies":[{"name":"wp","href":"https:\/\/api.w.org\/{rel}","templated":true}]}}