{"id":3936,"date":"2020-06-19T19:51:15","date_gmt":"2020-06-19T19:51:15","guid":{"rendered":"http:\/\/uit-ci.org\/index.php\/2020\/06\/19\/venezuela-aumentan-los-casos-de-covid-19-y-se-agrava-la-crisis-social\/"},"modified":"2020-06-19T19:51:15","modified_gmt":"2020-06-19T19:51:15","slug":"venezuela-aumentan-los-casos-de-covid-19-y-se-agrava-la-crisis-social","status":"publish","type":"post","link":"https:\/\/uit-ci.org\/index.php\/2020\/06\/19\/venezuela-aumentan-los-casos-de-covid-19-y-se-agrava-la-crisis-social\/","title":{"rendered":"Venezuela: Aumentan los casos de Covid 19 y se agrava la crisis social"},"content":{"rendered":"<p style=\"text-align: justify;\"><strong><span style=\"font-family: arial, helvetica, sans-serif; font-size: small;\"><img loading=\"lazy\" class=\" alignleft size-full wp-image-3935\" src=\"http:\/\/uit-ci.org\/wp-content\/uploads\/2020\/06\/Sin-agua-en-pandemia.jpeg\" width=\"219\" height=\"132\" alt=\"Sin-agua-en-pandemia\" style=\"margin: 5px; float: left;\" \/><br style=\"clear: both;\" \/>Por Partido Socialismo y Libertad<\/span><\/strong><\/p>\n<p style=\"text-align: justify;\"><span style=\"font-family: arial, helvetica, sans-serif; font-size: small;\">El Covid19 sigue avanzando en el pa\u00eds. Los contagios aumentan d\u00eda a d\u00eda, lleg\u00e1ndose a niveles que hasta ahora no se hab\u00edan producido. Despu\u00e9s de dos meses de muy pocos casos oficiales, desde mediados de mayo se viene produciendo un incremento significativo del n\u00famero de contagios.<\/span><\/p>\n<p>  <!--more-->  <\/p>\n<p style=\"text-align: justify;\"><span style=\"font-family: arial, helvetica, sans-serif; font-size: small;\">El pasado 17 de junio, con 236 contagios, fue el d\u00eda con m\u00e1s casos detectados desde marzo cuando se conoci\u00f3 el primer caso en Venezuela. Esta cifra supera el total de casos de las primeras 5 semanas del Covid19 en el pa\u00eds. De esos 236 casos, 159 son comunitarios y 72 de personas provenientes del exterior, no utilizamos la f\u00f3rmula peyorativa del gobierno que los cataloga como \u201cimportados\u201d. Siendo el d\u00eda donde hubo m\u00e1s comunitarios que casos provenientes del exterior. Hasta el 17 de junio el total acumulado fue de 1876 casos, mientras que en los dos meses y medio anteriores el total fue de 1510. Por otra parte, la mitad de los fallecidos se han producido en junio (14).<\/span><\/p>\n<p style=\"text-align: justify;\"><span style=\"font-family: arial, helvetica, sans-serif; font-size: small;\">Otro elemento importante a constatar es que en el pa\u00eds hay un subregistro de contagios, ya que el gobierno contabiliza las pruebas r\u00e1pidas en conjunto con las PCR, las cuales son muy pocas, dado que s\u00f3lo se realizan en el Instituto de Higiene en Caracas, que s\u00f3lo tiene capacidad para procesar 100 diarias.<\/span><\/p>\n<p style=\"text-align: justify;\"><span style=\"font-family: arial, helvetica, sans-serif; font-size: small;\">Este aumento de contagios se produce en momentos en que el gobierno comienza a flexibilizar con el llamado 7 x 7 , y por otra parte, nombra un nuevo CNE y se apresta a convocar elecciones parlamentarias, probablemente para finales de a\u00f1o. Eso es lo que explica el apuro del gobierno por flexibilizar la cuarentena, adem\u00e1s de la presi\u00f3n que han ejercido las patronales para que comience a abrirse la econom\u00eda.<\/span><\/p>\n<p style=\"text-align: justify;\"><span style=\"font-family: arial, helvetica, sans-serif; font-size: small;\">La flexibilizaci\u00f3n puede ser un factor que aumente el peligro de contagio. En un pa\u00eds con p\u00e9simo servicio de transporte, con el Metro de Caracas con pocos trenes, la aglomeraci\u00f3n de personas ser\u00e1 mayor, increment\u00e1ndose el riesgo de contagio. Algo muy grave en un pa\u00eds con la salud por el suelo.<\/span><\/p>\n<p style=\"text-align: justify;\"><span style=\"font-family: arial, helvetica, sans-serif; font-size: small;\">En Venezuela ya hab\u00eda una verdadera tragedia social producto del desastre chavista y de la aplicaci\u00f3n de un brutal ajuste que busca descargar la crisis sobre los hombros del pueblo trabajador. A esto se agregan las consecuencias de la pandemia que han agravado la crisis econ\u00f3mica y social.<\/span><\/p>\n<p style=\"text-align: justify;\"><span style=\"font-family: arial, helvetica, sans-serif; font-size: small;\">La vida de millones de personas en los barrios populares de todo el pa\u00eds se desarrolla en medio de terribles carencias. Falta de agua, gas y gasolina; continuos apagones en casi todo el pa\u00eds, precios por las nubes, represi\u00f3n del gobierno en el marco de la cuarentena, trabajadores y periodistas presos. Los trabajadores y trabajadoras con los contratos colectivos pr\u00e1cticamente liquidados, sobreexplotaci\u00f3n en las empresas, donde no se toman en cuenta las medidas de bioseguridad, sin estabilidad laboral y salarios destruidos. Adem\u00e1s de millones de personas que se desempe\u00f1an en el sector informal de la econom\u00eda, con trabajado a destajo y buhoneros, que en el contexto del aislamiento social no pueden trabajar.<\/span><\/p>\n<p style=\"text-align: justify;\"><span style=\"font-family: arial, helvetica, sans-serif; font-size: small;\">El gobierno dice que la mayor\u00eda de los casos son \u201cimportados\u201d, y atribuye la responsabilidad a los gobiernos vecinos, especialmente Brasil y Colombia. Trat\u00e1ndose de una pandemia es l\u00f3gico que hayan casos provenientes de otros pa\u00edses. El problema es que el gobierno no toma las medidas necesarias en los pasos fronterizos para contener la propagaci\u00f3n del virus. M\u00e1s all\u00e1 de la responsabilidad que puedan tener otros gobiernos.<\/span><\/p>\n<p style=\"text-align: justify;\"><span style=\"font-family: arial, helvetica, sans-serif; font-size: small;\">Millones de personas salieron del pa\u00eds empujados por el hambre y la brutal crisis que atravesamos desde hace varios a\u00f1os. Ahora muchos de esos venezolanos regresan contagiados con el coronavirus, y adem\u00e1s tienen que enfrentar las p\u00e9simas condiciones en las que los recibe su pa\u00eds. Por otra parte, ante su evidente incapacidad para controlar las fronteras, el gobierno responsabiliza a las personas que regresan al pa\u00eds por la propagaci\u00f3n del coronavirus. Pero en rigor, el responsable de que la gente pase por las trochas sin control es el gobierno de Maduro, y los militares y guardias nacionales que hacen negocios en la frontera para pasar a los venezolanos que regresan de Colombia y Brasil.<\/span><\/p>\n<p style=\"text-align: justify;\"><span style=\"font-family: arial, helvetica, sans-serif; font-size: small;\">El foco existente en el mercado de Las Pulgas de Maracaibo es responsabiliza del gobierno. Si los comerciantes de dicho mercado contaran con una renta especial de cuarentena, no hubieran tenido que abrir sus negocios en medio de la pandemia. Si los miles de zulianos que se vieron obligados a ir a comprar al mercado tuvieran un salario suficiente, no se hubieran visto precisados a tener que salir todos los d\u00edas a comprar. Por ello, este foco de contagio es responsabilidad gubernamental. A igual quelas personas que se encontraban en cuarentena en hoteles bajo cuidado de gobierno, o los m\u00e1s de 100 trabajadores del Ministerio de Salud contagiados.<\/span><\/p>\n<p style=\"text-align: justify;\"><span style=\"font-family: arial, helvetica, sans-serif; font-size: small;\">En este contexto nos parece equivocado iniciar un proceso de flexibilizaci\u00f3n y reapertura de muchos sectores econ\u00f3micos. Rechazamos la flexibilizaci\u00f3n planteada por el gobierno, pero partiendo de entender que muchas personas se ven obligadas a romper la cuarentena para poder trabajar y llevar algo de comida a sus familias, adem\u00e1s de que muchos otros deben salir casi diariamente a comprar lo que necesitan para su casa.<\/span><\/p>\n<p style=\"text-align: justify;\"><span style=\"font-family: arial, helvetica, sans-serif; font-size: small;\">En este sentido, desde el Partido Socialismo y Libertad insistimos en decir: \u00a1Que la crisis no la paguen los trabajadores, que la paguen los capitalistas! Por ello proponemos que se establezca un \u00a1impuesto especial a los empresarios, banqueros y transnacionales!<\/span><\/p>\n<p style=\"text-align: justify;\"><span style=\"font-family: arial, helvetica, sans-serif; font-size: small;\">Que a partir de ese impuesto se conforme un Fondo Social de Emergencia, complementando con el no pago de la deuda externa, la confiscaci\u00f3n de bienes de los corruptos, no m\u00e1s gastos militares y petr\u00f3leo 100% estatal sin empresas mixtas.<\/span><\/p>\n<p style=\"text-align: justify;\"><span style=\"font-family: arial, helvetica, sans-serif; font-size: small;\">\u00a1Todos los recursos se deben destinar a enfrentar la crisis social y la pandemia! Se debe impulsar plan de importaci\u00f3n de alimentos y medicinas; dotar a los hospitales de todos los insumos necesarios. Garantizar agua y electricidad; desarrollar m\u00e1s laboratorios para realizar pruebas PCR; salario igual a la canasta b\u00e1sica y renta de cuarentena para trabajadores informales.<\/span><\/p>\n<p style=\"text-align: justify;\"><span style=\"font-family: arial, helvetica, sans-serif; font-size: small;\">Los operativos para enfrentar el Covid 19 no pueden seguir estando a cargo de militares y polic\u00edas. Proponemos que el gobierno convoque a las universidades, academias de ciencias y a epidemi\u00f3logos y especialistas para conformar una coordinaci\u00f3n nacional contra la pandemia. Y que ese organismo sea el que implemente las pol\u00edticas para enfrentar el Coronavirus.<\/span><\/p>\n<p style=\"text-align: justify;\"><span style=\"font-family: arial, helvetica, sans-serif; font-size: small;\">Se debe democratizar el debate sobre la pandemia y sus consecuencias en la sociedad. Rechazamos que un tema sanitario y de salud p\u00fablica est\u00e9 militarizado y en manos de los cuerpos de seguridad del Estado. As\u00ed como la utilizaci\u00f3n de la cuarentena y el confinamiento social para reprimir a los que protestan y a los periodistas que opinan e informan sobre el tema.<\/span><\/p>\n","protected":false},"excerpt":{"rendered":"<p>Por Partido Socialismo y Libertad El Covid19 sigue avanzando en el pa\u00eds. Los contagios aumentan d\u00eda a d\u00eda, lleg\u00e1ndose a niveles que hasta ahora no se hab\u00edan producido. Despu\u00e9s de dos meses de muy pocos casos oficiales, desde mediados de mayo se viene produciendo un incremento significativo del n\u00famero de contagios.<\/p>\n","protected":false},"author":1,"featured_media":3935,"comment_status":"open","ping_status":"open","sticky":false,"template":"","format":"standard","meta":[],"categories":[60],"tags":[],"_links":{"self":[{"href":"https:\/\/uit-ci.org\/index.php\/wp-json\/wp\/v2\/posts\/3936"}],"collection":[{"href":"https:\/\/uit-ci.org\/index.php\/wp-json\/wp\/v2\/posts"}],"about":[{"href":"https:\/\/uit-ci.org\/index.php\/wp-json\/wp\/v2\/types\/post"}],"author":[{"embeddable":true,"href":"https:\/\/uit-ci.org\/index.php\/wp-json\/wp\/v2\/users\/1"}],"replies":[{"embeddable":true,"href":"https:\/\/uit-ci.org\/index.php\/wp-json\/wp\/v2\/comments?post=3936"}],"version-history":[{"count":0,"href":"https:\/\/uit-ci.org\/index.php\/wp-json\/wp\/v2\/posts\/3936\/revisions"}],"wp:featuredmedia":[{"embeddable":true,"href":"https:\/\/uit-ci.org\/index.php\/wp-json\/wp\/v2\/media\/3935"}],"wp:attachment":[{"href":"https:\/\/uit-ci.org\/index.php\/wp-json\/wp\/v2\/media?parent=3936"}],"wp:term":[{"taxonomy":"category","embeddable":true,"href":"https:\/\/uit-ci.org\/index.php\/wp-json\/wp\/v2\/categories?post=3936"},{"taxonomy":"post_tag","embeddable":true,"href":"https:\/\/uit-ci.org\/index.php\/wp-json\/wp\/v2\/tags?post=3936"}],"curies":[{"name":"wp","href":"https:\/\/api.w.org\/{rel}","templated":true}]}}