{"id":3988,"date":"2020-07-20T15:15:01","date_gmt":"2020-07-20T15:15:01","guid":{"rendered":"http:\/\/uit-ci.org\/index.php\/2020\/07\/20\/coronavirus-et-debacle-sociale-la-pire-crise-du-capitalisme-de-son-histoire\/"},"modified":"2020-07-20T15:15:01","modified_gmt":"2020-07-20T15:15:01","slug":"coronavirus-et-debacle-sociale-la-pire-crise-du-capitalisme-de-son-histoire","status":"publish","type":"post","link":"https:\/\/uit-ci.org\/index.php\/2020\/07\/20\/coronavirus-et-debacle-sociale-la-pire-crise-du-capitalisme-de-son-histoire\/","title":{"rendered":"Coronavirus et d\u00e9b\u00e2cle sociale: La pire crise du capitalisme de son histoire"},"content":{"rendered":"<p style=\"text-align: justify;\"><span style=\"font-family: arial, helvetica, sans-serif; font-size: small;\"><img loading=\"lazy\" class=\" alignleft size-full wp-image-3986\" src=\"http:\/\/uit-ci.org\/wp-content\/uploads\/2020\/07\/coronavirus-crisis-chile_14b3vmqf098i412crosymbe4ww.jpg\" width=\"225\" height=\"150\" alt=\"coronavirus-crisis-chile 14b3vmqf098i412crosymbe4ww\" style=\"margin: 5px; float: left;\" srcset=\"https:\/\/uit-ci.org\/wp-content\/uploads\/2020\/07\/coronavirus-crisis-chile_14b3vmqf098i412crosymbe4ww.jpg 1200w, https:\/\/uit-ci.org\/wp-content\/uploads\/2020\/07\/coronavirus-crisis-chile_14b3vmqf098i412crosymbe4ww-300x200.jpg 300w, https:\/\/uit-ci.org\/wp-content\/uploads\/2020\/07\/coronavirus-crisis-chile_14b3vmqf098i412crosymbe4ww-1024x683.jpg 1024w, https:\/\/uit-ci.org\/wp-content\/uploads\/2020\/07\/coronavirus-crisis-chile_14b3vmqf098i412crosymbe4ww-768x512.jpg 768w, https:\/\/uit-ci.org\/wp-content\/uploads\/2020\/07\/coronavirus-crisis-chile_14b3vmqf098i412crosymbe4ww-600x400.jpg 600w, https:\/\/uit-ci.org\/wp-content\/uploads\/2020\/07\/coronavirus-crisis-chile_14b3vmqf098i412crosymbe4ww-750x500.jpg 750w, https:\/\/uit-ci.org\/wp-content\/uploads\/2020\/07\/coronavirus-crisis-chile_14b3vmqf098i412crosymbe4ww-1140x760.jpg 1140w\" sizes=\"(max-width: 225px) 100vw, 225px\" \/>Tout ce que l&#8217;on peut \u00e9crire sur l&#8217;impact de la crise que le monde conna\u00eet depuis l&#8217;\u00e9mergence de la pand\u00e9mie de Covid-19 n&#8217;est jamais suffisant. Elle est sans pr\u00e9c\u00e9dent et le restera dans l&#8217;histoire. Pour aggraver les choses, au moment de clore cette note, la pand\u00e9mie n&#8217;est pas termin\u00e9e, et ne semble pas l&#8217;\u00eatre non plus. Le coronavirus a ouvert toutes sortes de d\u00e9bats, notamment sur ce que sera l&#8217;avenir de l&#8217;humanit\u00e9. Trois points sont certains : 1) Le capitalisme conna\u00eet la pire crise \u00e9conomique de son histoire. 2) Les multinationales veulent sauver leurs pertes au d\u00e9triment de la classe ouvri\u00e8re. 3) Ceux qui souffrent le plus du Covid-19, et qui en subiront les pires cons\u00e9quences, sont les peuples du monde.<\/span><\/p>\n<p>  <!--more-->  <\/p>\n<p style=\"text-align: justify;\"><strong><span style=\"font-family: arial, helvetica, sans-serif; font-size: small;\">Par Miguel Sorans<\/span><\/strong><\/p>\n<p style=\"text-align: justify;\"><span style=\"font-family: arial, helvetica, sans-serif; font-size: small;\">Tout ce qui est \u00e9crit aujourd&#8217;hui devrait avoir une date d&#8217;\u00e9dition, car les chiffres de la pand\u00e9mie sont, jour apr\u00e8s jour, en retard. Notre premier article a \u00e9t\u00e9 publi\u00e9 le 14 f\u00e9vrier. \u00c0 l&#8217;\u00e9poque, il y avait 60 000 infections en Chine et la maladie commen\u00e7ait tout juste \u00e0 se propager \u00e0 d&#8217;autres pays.<\/span><\/p>\n<p style=\"text-align: justify;\"><span style=\"font-family: arial, helvetica, sans-serif; font-size: small;\">Au cours de la premi\u00e8re semaine de mars, 110 000 personnes ont \u00e9t\u00e9 d\u00e9clar\u00e9es infect\u00e9es et 3 800 sont mortes dans le monde entier. Au moment o\u00f9 nous \u00e9crivons ces lignes, en juillet, il y a eu plus de 10 millions de cas de coronavirus et 501 000 d\u00e9c\u00e8s. L&#8217;Organisation mondiale de la sant\u00e9 (OMS) a confirm\u00e9 que la fin de la pand\u00e9mie n&#8217;\u00e9tait pas proche. Les \u00c9tats-Unis sont le premier pays touch\u00e9, avec 2,5 millions de cas et 125 000 d\u00e9c\u00e8s. Le second est le Br\u00e9sil, avec 1,3 million de personnes et plus de 60 000 d\u00e9c\u00e8s. Elle se r\u00e9pand au Mexique et en Am\u00e9rique du Sud. En Inde, il y a eu 500 000 infections. Le Japon et la Cor\u00e9e du Sud ont signal\u00e9 de nouveaux foyers. En Chine, des mesures restrictives ont de nouveau \u00e9t\u00e9 mises en \u0153uvre en raison de la progression du virus \u00e0 P\u00e9kin.<\/span><\/p>\n<p style=\"text-align: justify;\"><span style=\"font-family: arial, helvetica, sans-serif; font-size: small;\">Pourquoi est-il si difficile d&#8217;arr\u00eater la pand\u00e9mie ? Pourquoi y a-t-il de nouveaux foyers l\u00e0 o\u00f9 elle semblait avoir pris fin ?<\/span><\/p>\n<p style=\"text-align: justify;\"><span style=\"font-family: arial, helvetica, sans-serif; font-size: small;\">Il y a une combinaison de causes. La premi\u00e8re est qu&#8217;on ne sait pas encore scientifiquement comment la combattre. Non seulement parce que le virus est nouveau et changeant, mais aussi parce que la recherche \u00e9pid\u00e9miologique des gouvernements et des institutions priv\u00e9es est conditionn\u00e9e par les profits. Le vaccin n&#8217;est pas retard\u00e9 par l&#8217;absence de coordination scientifique mondiale, mais par une lutte entre des laboratoires priv\u00e9s, soutenus par leurs gouvernements, pour savoir qui obtiendra le march\u00e9.<\/span><\/p>\n<p style=\"text-align: justify;\"><span style=\"font-family: arial, helvetica, sans-serif; font-size: small;\">Il y a aussi d&#8217;autres causes qui sont li\u00e9es aux actions criminelles et irresponsables des gouvernements capitalistes et de leurs multinationales. Ce n&#8217;est pas une phrase rh\u00e9torique. Des n\u00e9gateurs du coronavirus, comme Trump et Bolsonaro, \u00e0 l&#8217;Union europ\u00e9enne et \u00e0 la Chine elle-m\u00eame, en passant par tous les gouvernements capitalistes, avec leurs in\u00e9galit\u00e9s, agissant dans la logique du profit capitaliste. Aucun d&#8217;entre eux ne met en place les moyens \u00e9conomiques possibles pour lutter contre la pand\u00e9mie. Les gouvernements ont d\u00e9truit les syst\u00e8mes publics de sant\u00e9 de l&#8217;\u00c9tat pour favoriser la sant\u00e9 priv\u00e9e et maintenant ils ne mettent pas assez d&#8217;argent pour les r\u00e9cup\u00e9rer. Pour am\u00e9liorer les salaires, prot\u00e9ger les travailleurs de la sant\u00e9, pour plus de respirateurs et d&#8217;\u00e9l\u00e9ments de test. Ils n&#8217;investissent pas assez d&#8217;argent pour couvrir les besoins des travailleurs qui n&#8217;effectuent pas les t\u00e2ches essentielles, des petits commer\u00e7ants, ou des milliards de ch\u00f4meurs ou de travailleurs pr\u00e9caires. L'\u00bbaide\u00bb est surtout destin\u00e9e \u00e0 sauver les entreprises. C&#8217;est pourquoi les quarantaines sont respect\u00e9es \u00e0 moiti\u00e9, ou pas du tout, comme le font Trump et Bolsonaro. Pour eux, la premi\u00e8re chose est \u00abl&#8217;\u00e9conomie\u00bb. C&#8217;est pourquoi, dans tous les pays, la pression des multinationales, des hommes d&#8217;affaires et des banques pour reprendre les activit\u00e9s a pr\u00e9valu, ce qui entra\u00eene la circulation de milliards de dollars. En Europe, tout s&#8217;ouvre pour favoriser le tourisme et les employeurs du secteur, avec le risque de provoquer de nouvelles infections.<\/span><\/p>\n<p style=\"text-align: justify;\"><span style=\"font-family: arial, helvetica, sans-serif; font-size: small;\">Dans quel monde allons-nous ?<\/span><\/p>\n<p style=\"text-align: justify;\"><span style=\"font-family: arial, helvetica, sans-serif; font-size: small;\">En plein milieu de la trag\u00e9die de Covid-19, la question de savoir ce que sera le prochain monde a \u00e9galement \u00e9t\u00e9 d\u00e9battue. Les \u00e9conomistes, les commentateurs et les politiciens donnent leur avis et \u00e9crivent sur tout.<\/span><\/p>\n<p><span style=\"font-family: arial, helvetica, sans-serif; font-size: small;\">Une personnalit\u00e9 mondiale de premier plan a d\u00e9clar\u00e9 qu&#8217;il \u00e9tait n\u00e9cessaire de \u00abpromouvoir une reprise plus inclusive\u00bb (&#8230;) \u00abd&#8217;accro\u00eetre les investissements publics dans les soins de sant\u00e9 pour prot\u00e9ger les plus vuln\u00e9rables et minimiser les risques de futures \u00e9pid\u00e9mies\u00bb afin d&#8217;\u00e9voluer \u00abvers un monde plus vert, plus intelligent et plus juste \u00e0 l&#8217;avenir\u00bb. C&#8217;est ce qu&#8217;a d\u00e9clar\u00e9, de mani\u00e8re inhabituelle, Kristalina Georgieva, la directrice du FMI, lors de sa participation \u00e0 une vid\u00e9oconf\u00e9rence avec le prince Charles de Galles \u00e0 l&#8217;occasion du lancement de l&#8217;initiative \u00abLa grande relance \u00bb (3\/6\/2020, T\u00e9lam, Argentine). La crise du syst\u00e8me est telle que d\u00e9j\u00e0 ses dirigeants disent n&#8217;importe quoi pour essayer de couvrir le d\u00e9sastre qu&#8217;ils ont caus\u00e9. En outre, la responsable de l&#8217;ajustement mondial affirme que nous allons vers un monde \u00abplus vert\u00bb et \u00abplus juste\u00bb.<\/span><\/p>\n<p style=\"text-align: justify;\"><span style=\"font-family: arial, helvetica, sans-serif; font-size: small;\">Un \u00e9ditorial du journal britannique Financial Times a d\u00e9clar\u00e9 : \u00abLa redistribution sera de nouveau \u00e0 l&#8217;ordre du jour (&#8230;) des r\u00e9formes radicales sont n\u00e9cessaires pour forger une soci\u00e9t\u00e9 qui fonctionne pour tous\u00bb (BAENegocios, 5\/4\/2020). Le pr\u00e9sident argentin, Alberto Fernandez, a d\u00e9clar\u00e9 qu'\u00bbun capitalisme qui n&#8217;est plus juste ce n&#8217;est pas un bon capitalisme\u00bb et a propos\u00e9 d&#8217;aller vers \u00abun capitalisme qui est gagnant-gagnant\u00bb (T\u00e9lam, 4\/6\/2020).<\/span><\/p>\n<p style=\"text-align: justify;\"><span style=\"font-family: arial, helvetica, sans-serif; font-size: small;\">Au-del\u00e0 de la co\u00efncidence frappante entre le chef du FMI, le Financial Times et le p\u00e9roniste Alberto Fernandez, de demander un capitalisme plus \u00abjuste\u00bb, un tel projet est un \u00abdouble discours\u00bb, c&#8217;est-\u00e0-dire de simples mensonges. Il n&#8217;y a aucune possibilit\u00e9 de r\u00e9forme ou de restructuration \u00abprogressive\u00bb du capitalisme. Le syst\u00e8me capitaliste-imp\u00e9rialiste est injuste, irrationnel et pour les riches. Sa raison d&#8217;\u00eatre est bas\u00e9e sur l&#8217;exploitation de la classe ouvri\u00e8re et le pillage du peuple et de ses richesses pour des superprofits. La croissance de la pauvret\u00e9, la surpopulation et les changements environnementaux ont \u00e9t\u00e9 le terreau de l&#8217;\u00e9mergence et du d\u00e9veloppement de Covid-19.<\/span><\/p>\n<p style=\"text-align: justify;\"><span style=\"font-family: arial, helvetica, sans-serif; font-size: small;\">On nous dit de nous laver les mains, par exemple, et il y a 2,1 milliards de personnes dans le monde qui n&#8217;ont pas acc\u00e8s \u00e0 de l&#8217;eau propre. C&#8217;est cela le capitalisme. Avant le coronavirus, 1,3 milliard de personnes vivaient d\u00e9j\u00e0 dans la pauvret\u00e9, 172 millions \u00e9taient sans travail et 1,4 milliard avaient un emploi pr\u00e9caire. Maintenant, le rapport de l&#8217;OIT annonce qu&#8217;au cours du deuxi\u00e8me trimestre de l&#8217;ann\u00e9e, 480 millions d&#8217;emplois ont \u00e9t\u00e9 perdus (Clar\u00edn,1\/7\/2020). De son c\u00f4t\u00e9, le directeur du FMI a annonc\u00e9 qu&#8217;il y aurait 300 millions de nouveaux ch\u00f4meurs apr\u00e8s la pand\u00e9mie. Une catastrophe. Rien \u00e0 voir avec le \u00abmonde vert\u00bb et \u00abplus juste\u00bb dont elle a parl\u00e9 lors de sa conf\u00e9rence de presse.<\/span><\/p>\n<p style=\"text-align: justify;\"><span style=\"font-family: arial, helvetica, sans-serif; font-size: small;\">Malheureusement, nous allons vers un monde pire pour la classe ouvri\u00e8re et le peuple. Nous sommes d\u00e9j\u00e0 en transit. Le grand probl\u00e8me pour l&#8217;humanit\u00e9 est qu&#8217;en pleine pand\u00e9mie, l&#8217;imp\u00e9rialisme, les multinationales et leurs gouvernements approfondissent leurs plans d&#8217;ajustement. Ils veulent faire payer au peuple la crise du coronavirus, en fermant des entreprises, en licenciant massivement des travailleurs et en baissant les salaires.<\/span><\/p>\n<p><span style=\"font-family: arial, helvetica, sans-serif; font-size: small;\">C&#8217;est pourquoi les socialistes r\u00e9volutionnaires ont encore la t\u00e2che de lutter pour mettre fin au syst\u00e8me capitaliste-imp\u00e9rialiste. Il y aura un monde juste en imposant des gouvernements ouvriers qui commencent la construction d&#8217;une soci\u00e9t\u00e9 socialiste.<\/span><\/p>\n<p style=\"text-align: justify;\"><span style=\"font-family: arial, helvetica, sans-serif; font-size: small;\">La plus grave crise \u00e9conomique capitaliste de son histoire<\/span><\/p>\n<p style=\"text-align: justify;\"><span style=\"font-family: arial, helvetica, sans-serif; font-size: small;\">Toutes les donn\u00e9es indiquent que le capitalisme conna\u00eet sa crise la plus aigu\u00eb. Sup\u00e9rieur \u00e0 tout ce qui est connu. Il y a d\u00e9j\u00e0 des co\u00efncidences, m\u00eame parmi les \u00e9conomistes bourgeois, qu&#8217;elle soit pire que la fameuse crise de 1929, comme la plus r\u00e9cente, de 2007\/08.<\/span><\/p>\n<p style=\"text-align: justify;\"><span style=\"font-family: arial, helvetica, sans-serif; font-size: small;\">\u00abD&#8217;ici \u00e0 la fin de 2021, la perte de revenus d\u00e9passera celle de toute r\u00e9cession pr\u00e9c\u00e9dente au cours des 100 derni\u00e8res ann\u00e9es en dehors du temps de guerre, avec des cons\u00e9quences terribles et durables pour les individus, les entreprises et les gouvernements\u00bb, a d\u00e9clar\u00e9 Laurence Boone de l&#8217;Organisation de coop\u00e9ration et de d\u00e9veloppement \u00e9conomiques (OCDE) (Clar\u00edn, Argentine, 11\/6\/2020).<\/span><\/p>\n<p style=\"text-align: justify;\"><span style=\"font-family: arial, helvetica, sans-serif; font-size: small;\">Les porte-parole de l&#8217;imp\u00e9rialisme et des multinationales attribuent la crise \u00e0 l&#8217;\u00e9mergence de la pand\u00e9mie. Ils veulent cacher leur d\u00e9b\u00e2cle et leur responsabilit\u00e9. La crise \u00e9conomique capitaliste mondiale avait commenc\u00e9 avant. Le coronavirus a ajout\u00e9 du combustible au feu et l&#8217;a fait s&#8217;aggraver \u00e0 des niveaux sans pr\u00e9c\u00e9dent.<\/span><\/p>\n<p style=\"text-align: justify;\"><span style=\"font-family: arial, helvetica, sans-serif; font-size: small;\">Fin 2019, seuls les \u00c9tats-Unis avaient connu une croissance, mais tr\u00e8s l\u00e9g\u00e8re. \u00abDepuis 2009, la croissance annuelle du PIB am\u00e9ricain par habitant n&#8217;a \u00e9t\u00e9 que de 1,6 % en moyenne. Fin 2019, le PIB par habitant \u00e9tait inf\u00e9rieur de 13 % \u00e0 la tendance de croissance d&#8217;avant 2008. Cet \u00e9cart \u00e9quivaut \u00e0 10 200 dollars par personne, soit une perte de revenu permanente. (Michael Roberts, Sin Permiso, 3\/5\/2020). L&#8217;Europe \u00e9tait au bord de la r\u00e9cession, l&#8217;Am\u00e9rique latine \u00e9tait en stagnation. La Chine a connu une croissance de 6,2 %, le chiffre le plus bas depuis 1992, o\u00f9 elle avait r\u00e9cemment connu une croissance de 12 \u00e0 14 % par an. Le capitalisme n&#8217;a jamais pu se remettre de la crise \u00e9conomique aigu\u00eb ouverte en 2007. On se demande si elle \u00e9tait \u00e9gale ou sup\u00e9rieure \u00e0 celle de 1929.<\/span><\/p>\n<p style=\"text-align: justify;\"><span style=\"font-family: arial, helvetica, sans-serif; font-size: small;\">Jamais dans l&#8217;histoire de l&#8217;humanit\u00e9, il n&#8217;y a eu un niveau d&#8217;endettement aussi \u00e9lev\u00e9. En termes absolus, la dette mondiale a atteint 253 000 milliards de dollars au dernier trimestre 2019, soit 322 % du PIB mondial. La crise dure depuis douze ans maintenant. L&#8217;\u00e9conomiste bourgeois Larry Summers l&#8217;a d\u00e9finie comme une \u00abstagnation s\u00e9culaire\u00bb.<\/span><\/p>\n<p style=\"text-align: justify;\"><span style=\"font-family: arial, helvetica, sans-serif; font-size: small;\">Aujourd&#8217;hui, le FMI et l&#8217;OCDE pr\u00e9voient tous deux que l&#8217;\u00e9conomie mondiale s&#8217;effondrera en 2020. Selon l&#8217;OCDE, la r\u00e9cession sera de 7,6 %. Le FMI a d\u00e9clar\u00e9 que \u00abpour la premi\u00e8re fois, toutes les r\u00e9gions devraient conna\u00eetre une croissance n\u00e9gative en 2020. (Clar\u00edn, 25\/6\/2020). L&#8217;Europe chuterait de 10,7 %, les \u00c9tats-Unis de 8 %, l&#8217;Am\u00e9rique latine et les Cara\u00efbes de 9,4 % et la Chine de 1 % seulement.<\/span><\/p>\n<p style=\"text-align: justify;\"><span style=\"font-family: arial, helvetica, sans-serif; font-size: small;\">La cons\u00e9quence de cette d\u00e9b\u00e2cle est la vague de licenciements massifs, de suspensions, de r\u00e9ductions de salaires et l&#8217;augmentation des niveaux de pauvret\u00e9 et de faim dans le monde.<\/span><\/p>\n<p style=\"text-align: justify;\"><span style=\"font-family: arial, helvetica, sans-serif; font-size: small;\">Pour faire face \u00e0 la crise, les masses sont de retour<\/span><\/p>\n<p style=\"text-align: justify;\"><span style=\"font-family: arial, helvetica, sans-serif; font-size: small;\">L&#8217;important c\u2019est que les mobilisations et les gr\u00e8ves contre cette attaque des multinationales et des gouvernements capitalistes commencent \u00e0 reprendre. La vague de luttes de 2019 a connu une impasse dans les premiers mois de la pand\u00e9mie. La crainte de la contagion commence d\u00e9j\u00e0 \u00e0 se dissiper face \u00e0 l&#8217;\u00e9norme assaut contre la classe ouvri\u00e8re et le peuple. Les luttes ont lieu pour exiger des mesures de s\u00e9curit\u00e9 contre le coronavirus, en raison des revendications des travailleurs de la sant\u00e9, comme contre les licenciements, les r\u00e9ductions de salaire ou les fermetures d&#8217;entreprises. \u00c9galement contre la r\u00e9pression et le racisme avec les mobilisations massives que la r\u00e9bellion aux \u00c9tats-Unis a provoqu\u00e9es dans le monde entier. Au Liban, ils ont de nouveau march\u00e9 contre la faim. A Hong Kong, pour les libert\u00e9s d\u00e9mocratiques. Le secteur de la sant\u00e9 a men\u00e9 des manifestations et des gr\u00e8ves en France, en Espagne, en Italie, en Tunisie, au Venezuela, au Br\u00e9sil, en Argentine, en Bolivie, au P\u00e9rou, au Panama, entre autres. Il y a eu d&#8217;importantes gr\u00e8ves syndicales pour r\u00e9clamer la s\u00e9curit\u00e9, par exemple aux \u00c9tats-Unis et en Italie du Nord. Des milliers de personnes se sont mobilis\u00e9es \u00e0 Paris contre les licenciements de Renault. Gr\u00e8ve ind\u00e9finie chez Nissan \u00e0 Barcelone en vue de la fermeture. Gr\u00e8ve d&#8217;un jour des m\u00e9tallurgistes italiens contre les licenciements de la multinationale sid\u00e9rurgique Mittal. Grandes manifestations dans les quartiers populaires de Santiago du Chili pour la nourriture. \u00ab Cacerolazos \u00bb et mobilisations pour \u00abhors de Bolsonaro\u00bb au Br\u00e9sil. En Argentine, il y a des gr\u00e8ves d&#8217;entreprises contre les licenciements et des gr\u00e8ves dans les transports parce qu&#8217;elles ne per\u00e7oivent pas leurs salaires. M\u00eame \u00e0 Cura\u00e7ao, l&#8217;\u00eele n\u00e9erlandaise des Cara\u00efbes, il y a eu des manifestations de rue contre les licenciements massifs.<\/span><\/p>\n<p style=\"text-align: justify;\"><span style=\"font-family: arial, helvetica, sans-serif; font-size: small;\">Nous sommes persuad\u00e9s que ce processus de licenciements massifs et de r\u00e9ductions salariales augmentera la mobilisation des travailleurs et des populations qui remettront en cause les ajustements, ainsi que les gouvernements qui les mettent en \u0153uvre. Il devient de plus en plus \u00e9vident que pour faire face \u00e0 la crise actuelle du coronavirus, comme celle qui suivra la pand\u00e9mie, il est n\u00e9cessaire d&#8217;avancer dans des actions unifi\u00e9es au niveau international.<\/span><\/p>\n<p style=\"text-align: justify;\"><span style=\"font-family: arial, helvetica, sans-serif; font-size: small;\">L&#8217;UIT-QI encourage ces luttes en exigeant que la crise des coronavirus soit pay\u00e9e par les capitalistes. Nous proposons de lutter pour un plan d&#8217;urgence ouvrier et populaire dans chaque pays et au niveau international. Partout dans le monde, il faut de l&#8217;argent pour la sant\u00e9, les salaires, le travail et la nourriture. Pour des taxes progressives \u00e9lev\u00e9es sur les multinationales, les grands entrepreneurs, les propri\u00e9taires terriens et les banques, pour le non-paiement des dettes ext\u00e9rieures et contre toute forme de r\u00e9pression et pour le droit de manifester. La pand\u00e9mie de coronavirus n&#8217;est pas termin\u00e9e.<\/span><\/p>\n","protected":false},"excerpt":{"rendered":"<p>Tout ce que l&#8217;on peut \u00e9crire sur l&#8217;impact de la crise que le monde conna\u00eet depuis l&#8217;\u00e9mergence de la pand\u00e9mie de Covid-19 n&#8217;est jamais suffisant. Elle est sans pr\u00e9c\u00e9dent et le restera dans l&#8217;histoire. Pour aggraver les choses, au moment de clore cette note, la pand\u00e9mie n&#8217;est pas termin\u00e9e, et ne semble pas l&#8217;\u00eatre non [&hellip;]<\/p>\n","protected":false},"author":1,"featured_media":3986,"comment_status":"open","ping_status":"open","sticky":false,"template":"","format":"standard","meta":[],"categories":[53],"tags":[],"_links":{"self":[{"href":"https:\/\/uit-ci.org\/index.php\/wp-json\/wp\/v2\/posts\/3988"}],"collection":[{"href":"https:\/\/uit-ci.org\/index.php\/wp-json\/wp\/v2\/posts"}],"about":[{"href":"https:\/\/uit-ci.org\/index.php\/wp-json\/wp\/v2\/types\/post"}],"author":[{"embeddable":true,"href":"https:\/\/uit-ci.org\/index.php\/wp-json\/wp\/v2\/users\/1"}],"replies":[{"embeddable":true,"href":"https:\/\/uit-ci.org\/index.php\/wp-json\/wp\/v2\/comments?post=3988"}],"version-history":[{"count":0,"href":"https:\/\/uit-ci.org\/index.php\/wp-json\/wp\/v2\/posts\/3988\/revisions"}],"wp:featuredmedia":[{"embeddable":true,"href":"https:\/\/uit-ci.org\/index.php\/wp-json\/wp\/v2\/media\/3986"}],"wp:attachment":[{"href":"https:\/\/uit-ci.org\/index.php\/wp-json\/wp\/v2\/media?parent=3988"}],"wp:term":[{"taxonomy":"category","embeddable":true,"href":"https:\/\/uit-ci.org\/index.php\/wp-json\/wp\/v2\/categories?post=3988"},{"taxonomy":"post_tag","embeddable":true,"href":"https:\/\/uit-ci.org\/index.php\/wp-json\/wp\/v2\/tags?post=3988"}],"curies":[{"name":"wp","href":"https:\/\/api.w.org\/{rel}","templated":true}]}}