{"id":4008,"date":"2020-07-24T20:27:56","date_gmt":"2020-07-24T20:27:56","guid":{"rendered":"http:\/\/uit-ci.org\/index.php\/2020\/07\/24\/estados-unidos-trump-militariza-portland-la-ciudad-mas-importante-del-estado-de-oregon\/"},"modified":"2020-07-24T20:27:56","modified_gmt":"2020-07-24T20:27:56","slug":"estados-unidos-trump-militariza-portland-la-ciudad-mas-importante-del-estado-de-oregon","status":"publish","type":"post","link":"https:\/\/uit-ci.org\/index.php\/2020\/07\/24\/estados-unidos-trump-militariza-portland-la-ciudad-mas-importante-del-estado-de-oregon\/","title":{"rendered":"Estados Unidos: Trump militariza Portland, la ciudad m\u00e1s importante del Estado de Oreg\u00f3n"},"content":{"rendered":"<p><span style=\"font-family: arial, helvetica, sans-serif; font-size: small;\"><strong><img loading=\"lazy\" class=\" alignleft size-full wp-image-4007\" src=\"http:\/\/uit-ci.org\/wp-content\/uploads\/2020\/07\/5f18a151988ee360de72a965.jpg\" width=\"225\" height=\"150\" alt=\"5f18a151988ee360de72a965\" style=\"margin: 5px; float: left;\" srcset=\"https:\/\/uit-ci.org\/wp-content\/uploads\/2020\/07\/5f18a151988ee360de72a965.jpg 1100w, https:\/\/uit-ci.org\/wp-content\/uploads\/2020\/07\/5f18a151988ee360de72a965-300x200.jpg 300w, https:\/\/uit-ci.org\/wp-content\/uploads\/2020\/07\/5f18a151988ee360de72a965-1024x682.jpg 1024w, https:\/\/uit-ci.org\/wp-content\/uploads\/2020\/07\/5f18a151988ee360de72a965-768x512.jpg 768w, https:\/\/uit-ci.org\/wp-content\/uploads\/2020\/07\/5f18a151988ee360de72a965-600x400.jpg 600w, https:\/\/uit-ci.org\/wp-content\/uploads\/2020\/07\/5f18a151988ee360de72a965-750x500.jpg 750w\" sizes=\"(max-width: 225px) 100vw, 225px\" \/>Por Eduardo Ruarte<\/strong><\/span><\/p>\n<p><span style=\"font-family: arial, helvetica, sans-serif; font-size: small;\">De cara a las pr\u00f3ximas elecciones presidenciales en EEUU, Trump viene bajando en las encuestas y para asegurar su base social de votantes, pretende aumentar la cuotas represivas en todo el pa\u00eds.<\/span><\/p>\n<p><span style=\"font-family: arial, helvetica, sans-serif; font-size: small;\">En medio de la oleada de movilizaciones antirracistas que surgieron a partir del asesinato de George Floyd, por la polic\u00eda de Minneapolis, que se transform\u00f3 en un gran movimiento antirracista contra la violencia policial y la discriminaci\u00f3n, Trump profundiza la represi\u00f3n y su reelecci\u00f3n comienza a tambalearse.<\/span><\/p>\n<p>  <!--more-->  <\/p>\n<p><span style=\"font-family: arial, helvetica, sans-serif; font-size: small;\">Portland, una de las ciudades m\u00e1s importantes del Estado de Oreg\u00f3n, gobernado en su mayor\u00eda por el Partido Dem\u00f3crata, se transform\u00f3 en uno de los focos m\u00e1s importantes de la movilizaci\u00f3n. Haces m\u00e1s de 50 d\u00edas que, desde mayo, miles de manifestantes se movilizan contra la brutalidad policial, la represi\u00f3n y el racismo, pero adem\u00e1s contra el discurso y pol\u00edticas de odio de Donald Trump. Una ciudad que se caracteriza por su visi\u00f3n progresista, donde tiene peso el movimiento feminista y de lucha contra el cambio clim\u00e1tico, sirvi\u00f3 de escenario para encender la llama de las movilizaciones antirracistas. Desde el movimiento feminista y las organizaciones ambientalistas, hasta grupos antirracistas identificados con el Black Lives Matter, incluso un grupo de mujeres que se hacen llamar \u201cel muro de madres\u201d, que forman un cord\u00f3n entre la polic\u00eda y los manifestantes, son quienes le ponen el cuerpo d\u00eda a d\u00eda a las protestas.<\/span><\/p>\n<p><span style=\"font-family: arial, helvetica, sans-serif; font-size: small;\">Con la ca\u00edda en las encuestas, 10 puntos abajo respecto de su contrincante Joe Biden seg\u00fan la Real Clear Politics, Trump busca consolidar su base social, los sectores que est\u00e1n m\u00e1s a la derecha dentro del Partido Republicano. Es as\u00ed que busca aumentar la represi\u00f3n y el uso de las fuerzas federales en nombre de la \u201cley y el orden\u201d, refugi\u00e1ndose en una ley que fue sancionada hace m\u00e1s de 200 a\u00f1os. Trump envi\u00f3 tropas a Portland, militarizando la ciudad y reprimiendo las protestas que se vienen desarrollando. Esto hizo que las movilizaciones crecieran, las fuerzas federales actuaron de forma ilegal con detenciones arbitrarias y hasta secuestros de manifestantes por uniformados en veh\u00edculos sin identificaci\u00f3n. Accionar que festej\u00f3 Trump y alent\u00f3 a anuncia que enviar\u00eda m\u00e1s tropas a ciudades como New York, Chicago, Filadelfia y Detroit, en una disputa pol\u00edtica con el Partido Dem\u00f3crata.<\/span><\/p>\n<p><span style=\"font-family: arial, helvetica, sans-serif; font-size: small;\">En esta carrera por encabezar las encuestas para las pr\u00f3ximas elecciones, en medio de una oleada de manifestaciones, que se agudiza cada d\u00eda m\u00e1s, y el aumento de la represi\u00f3n, se le suma los rebrotes de coronavirus en Estados Unidos. El fracaso de la atenci\u00f3n de la pandemia por el gobierno de Trump y el crecimiento de las movilizaciones, le dej\u00f3 un margen positivo a Joe biden, candidato a presidente por el Partido Dem\u00f3crata. Esta falsa polarizaci\u00f3n es una cortina de humo para sostener el bipartidismo en coraz\u00f3n del imperialismo. Ambos partidos dispuestos a sostener y profundizar las pol\u00edticas de ajuste y represi\u00f3n para salvar de la crisis al sistema capitalista. As\u00ed como Trump y el Partido Republicano avanzan en su pol\u00edtica represiva, el Partido Dem\u00f3crata es responsable de los cientos de asesinatos y represi\u00f3n policial que ejerce en los estados y ciudades donde gobierna, como en Chicago, Portland, o Minneapolis, donde asesinaron a George Floyd.<\/span><\/p>\n<p><span style=\"font-family: arial, helvetica, sans-serif; font-size: small;\">La Unidad Internacional de Trabajadoras y Trabajadores &#8211; Cuarta Internacional, as\u00ed como se moviliz\u00f3 y solidariz\u00f3 con las movilizaciones antirracistas en Estados Unidos y el mundo, llama al repudio del avance represivo de Trump. Como corean los manifestantes en Portland, \u201cfuera las fuerzas federales\u201d. Contra la represi\u00f3n policial de los gobiernos estatales y municipales donde gobiernan el Partido Dem\u00f3crata y el Partido Republicano, y la represi\u00f3n de Trump. Todo el apoyo a la rebeli\u00f3n popular antirracistas, por la libertad todos los detenidos y contra el gobierno de Trump y toda su pol\u00edtica reaccionaria, racista e imperialista.<\/span><\/p>\n","protected":false},"excerpt":{"rendered":"<p>Por Eduardo Ruarte De cara a las pr\u00f3ximas elecciones presidenciales en EEUU, Trump viene bajando en las encuestas y para asegurar su base social de votantes, pretende aumentar la cuotas represivas en todo el pa\u00eds. En medio de la oleada de movilizaciones antirracistas que surgieron a partir del asesinato de George Floyd, por la polic\u00eda [&hellip;]<\/p>\n","protected":false},"author":1,"featured_media":4007,"comment_status":"open","ping_status":"open","sticky":false,"template":"","format":"standard","meta":[],"categories":[35],"tags":[],"_links":{"self":[{"href":"https:\/\/uit-ci.org\/index.php\/wp-json\/wp\/v2\/posts\/4008"}],"collection":[{"href":"https:\/\/uit-ci.org\/index.php\/wp-json\/wp\/v2\/posts"}],"about":[{"href":"https:\/\/uit-ci.org\/index.php\/wp-json\/wp\/v2\/types\/post"}],"author":[{"embeddable":true,"href":"https:\/\/uit-ci.org\/index.php\/wp-json\/wp\/v2\/users\/1"}],"replies":[{"embeddable":true,"href":"https:\/\/uit-ci.org\/index.php\/wp-json\/wp\/v2\/comments?post=4008"}],"version-history":[{"count":0,"href":"https:\/\/uit-ci.org\/index.php\/wp-json\/wp\/v2\/posts\/4008\/revisions"}],"wp:featuredmedia":[{"embeddable":true,"href":"https:\/\/uit-ci.org\/index.php\/wp-json\/wp\/v2\/media\/4007"}],"wp:attachment":[{"href":"https:\/\/uit-ci.org\/index.php\/wp-json\/wp\/v2\/media?parent=4008"}],"wp:term":[{"taxonomy":"category","embeddable":true,"href":"https:\/\/uit-ci.org\/index.php\/wp-json\/wp\/v2\/categories?post=4008"},{"taxonomy":"post_tag","embeddable":true,"href":"https:\/\/uit-ci.org\/index.php\/wp-json\/wp\/v2\/tags?post=4008"}],"curies":[{"name":"wp","href":"https:\/\/api.w.org\/{rel}","templated":true}]}}