{"id":4013,"date":"2020-07-28T14:30:55","date_gmt":"2020-07-28T14:30:55","guid":{"rendered":"http:\/\/uit-ci.org\/index.php\/2020\/07\/28\/la-conferencia-internacional-del-fit-unidad-y-la-crisis-capitalista-mundial\/"},"modified":"2021-03-31T20:56:14","modified_gmt":"2021-03-31T20:56:14","slug":"la-conferencia-internacional-del-fit-unidad-y-la-crisis-capitalista-mundial","status":"publish","type":"post","link":"https:\/\/uit-ci.org\/index.php\/2020\/07\/28\/la-conferencia-internacional-del-fit-unidad-y-la-crisis-capitalista-mundial\/","title":{"rendered":"La conferencia internacional del FIT Unidad y la crisis capitalista mundial"},"content":{"rendered":"<p style=\"text-align: justify;\"><strong><span style=\"font-family: arial, helvetica, sans-serif; font-size: small;\">Escribe Miguel Lamas<\/span><\/strong><\/p>\n<p style=\"text-align: justify;\"><span style=\"font-family: arial, helvetica, sans-serif; font-size: small;\">Esta conferencia internacional de Latinoam\u00e9rica y Estados Unidos se produce en un contexto mundial extraordinario por la pandemia del Covid-19, la crisis econ\u00f3mica in\u00e9dita del capitalismo y un proceso de movilizaci\u00f3n de masas que contin\u00faa y que ahora se desat\u00f3 en los Estados Unidos con la rebeli\u00f3n antirracista.<\/span><\/p>\n<p><!--more--><\/p>\n<p style=\"text-align: justify;\"><span style=\"font-family: arial, helvetica, sans-serif; font-size: small;\">El coronavirus ha puesto en evidencia el significado del capitalismo y sus efectos destructivos sobre la humanidad y la naturaleza. Mostr\u00f3, por ejemplo, la cat\u00e1strofe de los sistemas de salud p\u00fablica estatales, privatizados a escala mundial. Tambi\u00e9n la absoluta imprevisi\u00f3n capitalista ante una crisis humanitaria de esta magnitud, pese al hecho de que estudios cient\u00edficos, entre ellos los de doscientos cincuenta investigadores encargado por la ONU, hab\u00edan previsto la gran probabilidad de enfermedades infecciosas masivas.<\/span><\/p>\n<p style=\"text-align: justify;\"><span style=\"font-family: arial, helvetica, sans-serif; font-size: small;\">El extremo m\u00e1s claro es Estados Unidos, que carece de una salud estatal importante. Trump neg\u00f3 el peligro de la pandemia y hoy es el pa\u00eds m\u00e1s afectado.<\/span><\/p>\n<p style=\"text-align: justify;\"><span style=\"font-family: arial, helvetica, sans-serif; font-size: small;\">Por eso hablamos de dos pandemias, la del coronavirus y la social, con centenares de millones de nuevos desempleados, rebajas salariales y el crecimiento del hambre de miles de millones en el mundo.<\/span><\/p>\n<p style=\"text-align: justify;\"><span style=\"font-family: arial, helvetica, sans-serif; font-size: small;\">Por otra parte, el coronavirus es tambi\u00e9n consecuencia de la destrucci\u00f3n ambiental, comenzando por su origen en China, conducida por la dictadura capitalista del Partido Comunista.<\/span><\/p>\n<p style=\"text-align: justify;\"><span style=\"font-family: arial, helvetica, sans-serif; font-size: small;\">La peor crisis capitalista de la historia<\/span><\/p>\n<p style=\"text-align: justify;\"><span style=\"font-family: arial, helvetica, sans-serif; font-size: small;\">Est\u00e1 en curso una crisis econ\u00f3mica aguda capitalista, detonada por la pandemia, la m\u00e1s importante de la historia, superior al crac de 1929 y a la crisis de 2007\/2008. Como toda crisis capitalista es una disputa de los grandes capitalistas del mundo por mantener o aumentar sus ganancias, que extraen tanto de lo que producen las trabajadoras y trabajadores (la plusval\u00eda, como se denomina en t\u00e9rminos marxistas) y del saqueo cada vez m\u00e1s irrefrenable de la naturaleza, con destrucci\u00f3n de r\u00edos y contaminaci\u00f3n masiva de tierras y mares y el calentamiento global.<\/span><\/p>\n<p style=\"text-align: justify;\"><span style=\"font-family: arial, helvetica, sans-serif; font-size: small;\">El FMI calcula un crecimiento negativo mundial cercano a 10 por ciento. Pero no todos pierden ese 10 por ciento. Por el contrario, casi todos los capitalistas m\u00e1s ricos del mundo est\u00e1n aumentando sus ganancias. Mientras tanto, las mayor\u00edas trabajadoras, productoras de la riqueza, pierden mucho m\u00e1s. Millones pierden la mitad o el 80% de sus ingresos, sus empleos y\/o viviendas y hasta el alimento b\u00e1sico familiar. El propio FMI anuncia la posibilidad de que se sumen cuatrocientos millones de desocupados.<\/span><\/p>\n<p style=\"text-align: justify;\"><span style=\"font-family: arial, helvetica, sans-serif; font-size: small;\">Se retoman las movilizaciones<\/span><\/p>\n<p style=\"text-align: justify;\"><span style=\"font-family: arial, helvetica, sans-serif; font-size: small;\">En estos meses se han reiniciado las acciones del movimiento de masas luego de una coyuntura de impasse respecto de la oleada revolucionaria que se vivi\u00f3 durante todo 2019. Hubo movilizaciones de trabajadores de la salud en gran parte de los pa\u00edses del mundo, huelgas en la industria automotriz y acer\u00edas, movilizaciones de masas en L\u00edbano, Palestina y ahora recomienzan en Chile.<\/span><\/p>\n<p style=\"text-align: justify;\"><span style=\"font-family: arial, helvetica, sans-serif; font-size: small;\">El punto m\u00e1s alto de esta nueva ola de movilizaciones ha sido la rebeli\u00f3n antirracista en los Estados Unidos contra Trump, a partir del crimen del afroamericano George Floyd, igual o superior a lo que fueron las manifestaciones contra la guerra de Vietnam en las d\u00e9cadas de los \u201960\/\u201970. Adem\u00e1s, tuvo una repercusi\u00f3n internacional con movilizaciones masivas. Fue un impacto muy grande que tambi\u00e9n debilit\u00f3 al gobierno derechista de Donald Trump.<\/span><\/p>\n<p style=\"text-align: justify;\"><span style=\"font-family: arial, helvetica, sans-serif; font-size: small;\">La urgencia de unir a los revolucionarios<\/span><\/p>\n<p style=\"text-align: justify;\"><span style=\"font-family: arial, helvetica, sans-serif; font-size: small;\">A medida que se retoman las movilizaciones populares, junto con la crisis econ\u00f3mica y las peleas entre distintas fracciones patronales, se sigue profundizando la crisis pol\u00edtica de los gobiernos y reg\u00edmenes pol\u00edticos capitalistas a los que las masas ven como responsables del desastre.<\/span><\/p>\n<p style=\"text-align: justify;\"><span style=\"font-family: arial, helvetica, sans-serif; font-size: small;\">Aunque con la pandemia aumentaron las medidas represivas, la reacci\u00f3n del movimiento de masas las comienza a enfrentar. Lo ocurrido en los Estados Unidos se convierte en un ejemplo mundial.<\/span><\/p>\n<p style=\"text-align: justify;\"><span style=\"font-family: arial, helvetica, sans-serif; font-size: small;\">Pr\u00e1cticamente, todas las nuevas y viejas corrientes reformistas est\u00e1n en crisis. En primer lugar, las gobernantes. Desde Podemos, en el Estado espa\u00f1ol, hasta L\u00f3pez Obrador, que se abraz\u00f3 con Trump y que tiene adem\u00e1s una pol\u00edtica similar tratando de negar la gravedad de la pandemia. Y en todos los casos, incluyendo al peronismo argentino, coloc\u00e1ndose al servicio de salvar las ganancias del gran capital a costa del pueblo.<\/span><\/p>\n<p style=\"text-align: justify;\"><span style=\"font-family: arial, helvetica, sans-serif; font-size: small;\">Al mismo tiempo, est\u00e1 surgiendo una vanguardia de millones que enfrentan a los gobiernos y reg\u00edmenes capitalistas. En primer lugar, en los Estados Unidos. Pero tambi\u00e9n a nivel internacional, una vanguardia en la clase trabajadora, en salud y servicios, o en las industrias, a ra\u00edz de la crisis por cierres y despidos, o en el movimiento de mujeres y los movimientos juveniles ambientalistas.<\/span><\/p>\n<p style=\"text-align: justify;\"><span style=\"font-family: arial, helvetica, sans-serif; font-size: small;\">En esta situaci\u00f3n, desde Izquierda Socialista y la Unidad Internacional de Trabajadoras y Trabajadores-Cuarta Internacional (UIT-CI) consideramos que es urgente dar pasos concretos para construir las organizaciones socialistas revolucionarias y unir a los revolucionarios, en la perspectiva de terminar con los gobiernos capitalistas e imponer gobiernos del pueblo trabajador. Y, en lo inmediato, impulsando unitariamente las luchas obreras y populares para que la actual crisis no la paguen los trabajadores, sino los capitalistas.<\/span><\/p>\n<p style=\"text-align: justify;\"><span style=\"font-family: arial, helvetica, sans-serif; font-size: medium;\"><strong>Cronograma <a href=\"https:\/\/www.facebook.com\/unidadinternacional\/videos\/284894109242846\">(VIDEO)<\/a><\/strong><\/span><\/p>\n<p style=\"text-align: justify;\"><span style=\"font-family: arial, helvetica, sans-serif; font-size: medium;\"><strong>Mesas-debate de Conferencia Latinoamericana y de Estados Unidos<\/strong><\/span><\/p>\n<p style=\"text-align: justify;\"><span style=\"font-family: arial, helvetica, sans-serif; font-size: medium;\"><strong><img loading=\"lazy\" class=\" alignleft size-full wp-image-4010\" style=\"margin: 5px; float: left;\" src=\"http:\/\/uit-ci.org\/wp-content\/uploads\/2020\/07\/Miguel.jpg\" alt=\"Miguel Sorans - Izquierda Socialista (Argentina) y dirigente de la UIT-CI\" width=\"149\" height=\"159\" srcset=\"https:\/\/uit-ci.org\/wp-content\/uploads\/2020\/07\/Miguel.jpg 363w, https:\/\/uit-ci.org\/wp-content\/uploads\/2020\/07\/Miguel-283x300.jpg 283w, https:\/\/uit-ci.org\/wp-content\/uploads\/2020\/07\/Miguel-360x385.jpg 360w\" sizes=\"(max-width: 149px) 100vw, 149px\" \/>\u25cf Mesa-debate: \u201cCrisis mundial y rebeli\u00f3n en el imperio\u201d. Jueves 30 de julio 18:30hs (GMT-3)<\/strong><\/span><br \/>\n<span style=\"font-family: arial, helvetica, sans-serif; font-size: medium;\"><strong>Con Miguel Sorans, dirigente de Izquierda Socialista y de la Unidad Internacional de Trabajadoras y Trabajadores-Cuarta Internacional (UIT-CI).<\/strong><\/span><\/p>\n<p style=\"text-align: justify;\"><span style=\"font-family: arial, helvetica, sans-serif; font-size: medium;\"><strong>\u25cf Mesa-debate: \u201cEl movimiento obrero latinoamericano ante la crisis capitalista y la pandemia\u201d. Viernes 31 de julio 17hs (GMT-3)<img loading=\"lazy\" class=\" alignright size-full wp-image-4011\" style=\"margin: 5px; float: right;\" src=\"http:\/\/uit-ci.org\/wp-content\/uploads\/2020\/07\/Jose_bodas.jpg\" alt=\"Jose Bodas, PSL (Venezuela) y Sec Gral Federaci\u00f3n Petrolera\" width=\"143\" height=\"156\" srcset=\"https:\/\/uit-ci.org\/wp-content\/uploads\/2020\/07\/Jose_bodas.jpg 370w, https:\/\/uit-ci.org\/wp-content\/uploads\/2020\/07\/Jose_bodas-273x300.jpg 273w\" sizes=\"(max-width: 143px) 100vw, 143px\" \/><\/strong><\/span><br \/>\n<span style=\"font-family: arial, helvetica, sans-serif; font-size: medium;\"><strong>Con Jos\u00e9 Bodas, Secretario General de la Federaci\u00f3n Unitaria de Trabajadores Petroleros de Venezuela. Integrante de la oposici\u00f3n clasista en la federaci\u00f3n, miembro de la C-CURA, Corriente Clasista, Unitaria, Revolucionaria y Aut\u00f3noma. Dirigente del Partido Socialismo y Libertad (PSL), secci\u00f3n venezolana de la UIT-CI.<\/strong><\/span><\/p>\n<p style=\"text-align: justify;\"><span style=\"font-family: arial, helvetica, sans-serif; font-size: medium;\"><strong><img loading=\"lazy\" class=\" size-full wp-image-4012\" src=\"http:\/\/uit-ci.org\/wp-content\/uploads\/2020\/07\/Oso.jpg\" alt=\"Rainier \" width=\"152\" height=\"158\" srcset=\"https:\/\/uit-ci.org\/wp-content\/uploads\/2020\/07\/Oso.jpg 359w, https:\/\/uit-ci.org\/wp-content\/uploads\/2020\/07\/Oso-288x300.jpg 288w\" sizes=\"(max-width: 152px) 100vw, 152px\" \/>\u25cf Mesa-debate: \u201cLa situaci\u00f3n latinoamericana\u201d. Viernes 31 de julio 19:30 hs (GMT-3)<\/strong><\/span><br \/>\n<span style=\"font-family: arial, helvetica, sans-serif; font-size: medium;\"><strong>Con Rainier \u201cOso\u201d R\u00edos, dirigente del Movimiento Socialista de los Trabajadores (MST) de Chile, secci\u00f3n de la UIT-CI. Miembro de la Asamblea territorial del barrio Yungai de la ciudad de Santiago de Chile.<\/strong><\/span><\/p>\n<p style=\"text-align: justify;\"><span style=\"font-family: arial, helvetica, sans-serif; font-size: medium;\"><strong>\u25cf Conferencia virtual Latinoamericana y de los EE.UU. S\u00e1bado 1 de agosto 14hs (GMT-3)<\/strong><\/span><\/p>\n","protected":false},"excerpt":{"rendered":"<p>Escribe Miguel Lamas Esta conferencia internacional de Latinoam\u00e9rica y Estados Unidos se produce en un contexto mundial extraordinario por la pandemia del Covid-19, la crisis econ\u00f3mica in\u00e9dita del capitalismo y un proceso de movilizaci\u00f3n de masas que contin\u00faa y que ahora se desat\u00f3 en los Estados Unidos con la rebeli\u00f3n antirracista.<\/p>\n","protected":false},"author":4,"featured_media":4009,"comment_status":"open","ping_status":"open","sticky":false,"template":"","format":"standard","meta":[],"categories":[35],"tags":[],"_links":{"self":[{"href":"https:\/\/uit-ci.org\/index.php\/wp-json\/wp\/v2\/posts\/4013"}],"collection":[{"href":"https:\/\/uit-ci.org\/index.php\/wp-json\/wp\/v2\/posts"}],"about":[{"href":"https:\/\/uit-ci.org\/index.php\/wp-json\/wp\/v2\/types\/post"}],"author":[{"embeddable":true,"href":"https:\/\/uit-ci.org\/index.php\/wp-json\/wp\/v2\/users\/4"}],"replies":[{"embeddable":true,"href":"https:\/\/uit-ci.org\/index.php\/wp-json\/wp\/v2\/comments?post=4013"}],"version-history":[{"count":2,"href":"https:\/\/uit-ci.org\/index.php\/wp-json\/wp\/v2\/posts\/4013\/revisions"}],"predecessor-version":[{"id":4653,"href":"https:\/\/uit-ci.org\/index.php\/wp-json\/wp\/v2\/posts\/4013\/revisions\/4653"}],"wp:featuredmedia":[{"embeddable":true,"href":"https:\/\/uit-ci.org\/index.php\/wp-json\/wp\/v2\/media\/4009"}],"wp:attachment":[{"href":"https:\/\/uit-ci.org\/index.php\/wp-json\/wp\/v2\/media?parent=4013"}],"wp:term":[{"taxonomy":"category","embeddable":true,"href":"https:\/\/uit-ci.org\/index.php\/wp-json\/wp\/v2\/categories?post=4013"},{"taxonomy":"post_tag","embeddable":true,"href":"https:\/\/uit-ci.org\/index.php\/wp-json\/wp\/v2\/tags?post=4013"}],"curies":[{"name":"wp","href":"https:\/\/api.w.org\/{rel}","templated":true}]}}