{"id":4015,"date":"2020-08-03T14:29:14","date_gmt":"2020-08-03T14:29:14","guid":{"rendered":"http:\/\/uit-ci.org\/index.php\/2020\/08\/03\/resoluciones-de-la-conferencia-latinoamericana-y-de-los-estados-unidos-del-fit-unidad\/"},"modified":"2020-08-03T14:29:14","modified_gmt":"2020-08-03T14:29:14","slug":"resoluciones-de-la-conferencia-latinoamericana-y-de-los-estados-unidos-del-fit-unidad","status":"publish","type":"post","link":"https:\/\/uit-ci.org\/index.php\/2020\/08\/03\/resoluciones-de-la-conferencia-latinoamericana-y-de-los-estados-unidos-del-fit-unidad\/","title":{"rendered":"Resoluciones de la Conferencia Latinoamericana y de los Estados Unidos del FIT-Unidad"},"content":{"rendered":"<p style=\"text-align: justify;\"><span style=\"font-family: arial, helvetica, sans-serif; font-size: small;\"><img loading=\"lazy\" class=\" alignleft size-full wp-image-4014\" src=\"http:\/\/uit-ci.org\/wp-content\/uploads\/2020\/08\/resolucionesconferencia.jpg\" width=\"226\" height=\"135\" alt=\"resolucionesconferencia\" style=\"margin: 5px; float: left;\" \/><br style=\"clear: both;\" \/>Las organizaciones, partidos, dirigentes y militantes participantes de la Conferencia virtual Latinoamericana y de los EEUU suscribimos las siguientes definiciones pol\u00edticas y nos comprometemos a impulsar las resoluciones y campa\u00f1as abajo planteadas:<\/span><\/p>\n<p>  <!--more-->  <\/p>\n<p style=\"text-align: justify;\"><span style=\"font-family: arial, helvetica, sans-serif; font-size: small;\">1.- Levantamos como principal bandera la independencia pol\u00edtica de los trabajadores respecto de los capitalistas, sus Estados, gobiernos y sus partidos. Rechazamos la colaboraci\u00f3n de clases y los frentes y organizaciones pol\u00edticas de colaboraci\u00f3n de clases, que no son m\u00e1s que la v\u00eda por la cual se avanza en la subordinaci\u00f3n pol\u00edtica de la clase obrera a los intereses de los capitalistas y de sus Estados. Definimos como nuestro objetivo estrat\u00e9gico la lucha por gobierno de trabajadores, por la Unidad Socialista de Am\u00e9rica Latina y por el socialismo internacional. Como se\u00f1ala la convocatoria inicial a esta conferencia \u201cEl equilibrio y la conciliaci\u00f3n de intereses entre el capital y los trabajadores, que pregona el nacionalismo burgu\u00e9s y la centroizquierda, no es m\u00e1s que una utop\u00eda reaccionaria, que apunta a entrampar a los trabajadores como furg\u00f3n de cola de la burgues\u00eda. En oposici\u00f3n a eso, planteamos la lucha por una salida anticapitalista y una transformaci\u00f3n integral del continente bajo la direcci\u00f3n de la clase obrera\u201d. Para estos objetivos, impulsamos la m\u00e1s amplia organizaci\u00f3n obrera y popular, con el objetivo estrat\u00e9gico de pelear por la perspectiva de la revoluci\u00f3n social. Rechazamos la competencia y la rivalidad que los capitalistas y los Estados fomentan entre los trabajadores de distintas naciones. Bregamos por la unidad y solidaridad internacional de la clase obrera y decimos: \u00a1Proletarios y proletarias de todos los pa\u00edses: \u00fananse!<\/span><\/p>\n<p style=\"text-align: justify;\"><span style=\"font-family: arial, helvetica, sans-serif; font-size: small;\">2. Apoyamos, desenvolvemos e impulsamos en todos los terrenos y en cada pa\u00eds, incluido los Estados Unidos, la lucha anti-imperialista. El imperialismo norteamericano es, en Am\u00e9rica Latina y en el mundo, la expresi\u00f3n de la super explotaci\u00f3n y el principal Estado opresor de los pueblos, papel que tambi\u00e9n cumplen distintos Estados imperialistas en la Uni\u00f3n Europea y Jap\u00f3n. La pol\u00edtica y opresi\u00f3n imperialista ejercida por el Estado y el gobierno yanqui y el capital financiero internacional sobre los pa\u00edses latinoamericanos no s\u00f3lo se expresa en el terreno econ\u00f3mico, sino tambi\u00e9n en las conspiraciones del imperialismo con los gobiernos t\u00edteres del subcontinente, y en las tentativas de intervenci\u00f3n y amenazas militares. Rechazamos y condenamos la ofensiva y las amenazas del imperialismo yanqui contra Venezuela y contra Cuba (\u00a1donde todav\u00eda mantiene un bloqueo criminal), apoyadas por la derecha venezolana y los \u201cgusanos\u201d, a la vez que manifestamos nuestra independencia y oposici\u00f3n desde la izquierda a los reg\u00edmenes de ambos pa\u00edses contra los cuales luchamos y no le damos ning\u00fan apoyo pol\u00edtico. Denunciamos el muro fronterizo que est\u00e1 construyendo Trump en la frontera con M\u00e9xico y las deportaciones masivas. Repudiamos y llamamos a luchar contra el gobierno golpista boliviano que ha suspendido nuevamente las elecciones para perpetuarse en el poder, as\u00ed como el intento de proscripci\u00f3n del MAS, sin dar apoyo pol\u00edtico a esta fuerza pol\u00edtica que ha venido intentando la conciliaci\u00f3n con los golpistas y cuando gobern\u00f3 lo hizo traicionando la Agenda de Octubre. Llamamos a luchar por el no pago de las deudas de los pa\u00edses de Am\u00e9rica Latina y el Caribe y las de los pueblos oprimidos de todo el mundo. Impulsamos la movilizaci\u00f3n por \u201cFuera Bolsonaro-Mourao\u201d, llamando a terminar con el conjunto del r\u00e9gimen de dominaci\u00f3n.<\/span><\/p>\n<p style=\"text-align: justify;\"><span style=\"font-family: arial, helvetica, sans-serif; font-size: small;\">Denunciamos la sumisi\u00f3n de los gobiernos latinoamericanos, incluidos los \u2018nacionales y populares\u2019, a los preceptos del imperialismo, y decimos: \u00a1Fuera el FMI! \u00a1No al pago de las deudas externas! \u00a1Fuera el imperialismo de Am\u00e9rica Latina! \u00a1Que la crisis la paguen los capitalistas! Estamos por la expulsi\u00f3n de todas las multinacionales y corporaciones imperialistas y extractivas que saquean nuestros bienes comunes y contaminan y destruyen la vida y nuestro territorio. \u00a1Por las nacionalizaciones, sin indemnizaci\u00f3n, de los sistemas bancarios y de los recursos naturales y estrat\u00e9gicos de cada pa\u00eds, bajo control de los trabajadores!<\/span><\/p>\n<p style=\"text-align: justify;\"><span style=\"font-family: arial, helvetica, sans-serif; font-size: small;\">3. Apoyamos incondicionalmente la gigantesca y extraordinaria rebeli\u00f3n que protagoniza el pueblo norteamericano y denunciamos la criminal militarizaci\u00f3n de Trump. Propugnamos por el desarrollo, la extensi\u00f3n y la profundizaci\u00f3n de la rebeli\u00f3n norteamericana. Denunciamos la pretensi\u00f3n del Partido Dem\u00f3crata de canalizar electoralmente el enorme descontento popular con el gobierno de Trump como una tentativa de aplacar la rebeli\u00f3n, poner fin a la acci\u00f3n directa de las masas y desviar cualquier intento de organizaci\u00f3n pol\u00edtica independiente de los explotados, atento a que es otra variante capitalista-imperialista y guerrerista de alternancia en el poder, una salida que ser\u00e1 contra los intereses de los que hoy siguen luchando en las calles de los Estados Unidos.<\/span><\/p>\n<p style=\"text-align: justify;\"><span style=\"font-family: arial, helvetica, sans-serif; font-size: small;\">Poner fin a la opresi\u00f3n racial, a la violencia y represi\u00f3n policial, dar una respuesta integral a la crisis sanitaria y evitar que la crisis capitalista siga siendo descargada sobre las masas norteamericanas, plantea poner en marcha una salida independiente de las y los trabajadores en Estados Unidos, en alianza con todos los sectores oprimidos, como las personas de color (afroamericanos, latinos), las mujeres y la juventud.<\/span><\/p>\n<p style=\"text-align: justify;\"><span style=\"font-family: arial, helvetica, sans-serif; font-size: small;\">4- Asimismo, destacamos la revitalizaci\u00f3n de la enorme rebeli\u00f3n en Chile, denunciamos los sucesivos pactos de colaboraci\u00f3n de la llamada \u2018oposici\u00f3n\u2019 patronal y centroizquierdista con el gobierno y m\u00e1s que nunca decimos \u00a1Fuera Pi\u00f1era! Para Chile sigue teniendo plena actualidad lo que se\u00f1al\u00e1bamos al respecto en el documento de convocatoria inicial: \u201cDenunciamos la reforma constitucional que se est\u00e1 cocinando y la convenci\u00f3n constituyente ama\u00f1ada emanada de ese pacto. Llamamos a reforzar la lucha para que se vaya Pi\u00f1era mediante el impulso de las movilizaciones masivas en las calles y de una huelga general pol\u00edtica y por los reclamos sociales, por una Asamblea Constituyente libre y soberana que discuta un\u202fprograma para reorganizar el pa\u00eds sobre otras bases sociales, en la perspectiva de lograr un gobierno de los trabajadores y el pueblo explotado que garantice los cambios de fondo que reclama el pueblo en las calles.<\/span><\/p>\n<p style=\"text-align: justify;\"><span style=\"font-family: arial, helvetica, sans-serif; font-size: small;\">En Chile se hace necesario el impulso a toda forma de coordinaci\u00f3n y auto organizaci\u00f3n democr\u00e1tica de los sectores de la clase trabajadora, el movimiento estudiantil y de mujeres en lucha (tendencia que se puede ver en las asambleas populares y territoriales o en los comit\u00e9s de emergencia y resguardo) apuntando a que la clase obrera, por su capacidad de paralizar el funcionamiento de la econom\u00eda y el estado capitalista, asuma el liderazgo\u201d.<\/span><\/p>\n<p style=\"text-align: justify;\"><span style=\"font-family: arial, helvetica, sans-serif; font-size: small;\">Exigimos la libertad a los presos de la rebeli\u00f3n y la libertad a los presos pol\u00edticos mapuches que luchan por la recuperaci\u00f3n de su territorio hist\u00f3rico y contra la represi\u00f3n estatal. Nos sumamos a la campa\u00f1a por el fin a las AFP, por un sistema de jubilaciones de reparto solidario, administrado por trabajadores y jubilados.<\/span><\/p>\n<p style=\"text-align: justify;\"><span style=\"font-family: arial, helvetica, sans-serif; font-size: small;\">5- Apoyamos e impulsamos todas las luchas de los trabajadores y los pueblos contra los planes de austeridad y los gobiernos del capital. Denunciamos los planes de ajuste y la ofensiva del capital a escala internacional contra las conquistas de los trabajadores. Los gobiernos, como representantes del capital, se valen de la crisis pand\u00e9mica para avanzar en m\u00e1s ajuste, despidos y rebaja salariales, en m\u00e1s flexibilizaci\u00f3n laboral, en la destrucci\u00f3n de los reg\u00edmenes previsionales y en la explotaci\u00f3n de la juventud precarizada. Denunciamos asimismo la complicidad de las burocracias sindicales en todos los pa\u00edses, que ofician como un chaleco de contenci\u00f3n de la fuerza combativa de los trabajadores y habilitan, de esa manera, el avance de las reformas anti-obreras y sostienen a los gobiernos de turno. En este sentido reafirmamos que \u201cla batalla por recuperar las organizaciones de masas, en primer lugar los sindicatos, expulsando a las burocracias entreguistas reviste un car\u00e1cter estrat\u00e9gico. Esto plantea alentar en el propio curso de las irrupciones populares todo tipo de organismos (comit\u00e9s de huelga y todos los que, en forma embrionaria, hemos visto surgir en Francia, Chile, Bolivia) que permitan coordinar la lucha y llevarla al triunfo. El escenario convulsivo de Latinoam\u00e9rica le otorga especial vigencia al fortalecimiento de espacios democr\u00e1ticos del sindicalismo combativo, al llamado a congresos o coordinadoras de delegados de base de los sindicatos, de las y los ocupados (incluyendo a toda la gama de precarizados\/as) y desocupados, y de las masas que luchan, lo que va unido a la batalla por una nueva direcci\u00f3n clasista en el movimiento obrero. Esto apunta a que la clase obrera emerja como un factor independiente en la crisis y se desarrolle como alternativa de poder, al frente de una alianza de todos los explotados y oprimidos\u201d.<\/span><\/p>\n<p style=\"text-align: justify;\"><span style=\"font-family: arial, helvetica, sans-serif; font-size: small;\">Levantamos la lucha por derrotar las reformas laborales y previsionales en curso. Planteamos poner fin a la desocupaci\u00f3n levantando el planteo del reparto de las horas de trabajo sin reducir los salarios, el seguro universal a los desocupados, el aumento de los salarios y jubilaciones hasta llevarlos al costo de las canastas familiares. Planteamos la ocupaci\u00f3n de toda f\u00e1brica o empresa que cierre o despida, su estatizaci\u00f3n y el control obrero. Fuera las burocracias sindicales, por nuevas direcciones en los sindicatos, clasistas y combativas. Apoyamos e impulsamos la lucha internacional y coordinada que desenvuelven los trabajadores precarizados de las APP.<\/span><\/p>\n<p style=\"text-align: justify;\"><span style=\"font-family: arial, helvetica, sans-serif; font-size: small;\">La construcci\u00f3n de partidos revolucionarios a nivel nacional e internacional es una necesidad de primer orden para llevar adelante este programa.<\/span><\/p>\n<p style=\"text-align: justify;\"><span style=\"font-family: arial, helvetica, sans-serif; font-size: small;\">6. El enorme movimiento de lucha de las mujeres ha sido y es un important\u00edsimo protagonista de las luchas en la regi\u00f3n, con enorme peso en Chile, en Argentina y en diversos pa\u00edses y procesos. Apoyamos e impulsamos la lucha del movimiento de mujeres, que con sus extraordinarias y masivas movilizaciones reclama el derecho al aborto legal, el fin de los femicidios, los abusos y contra la violencia machista. Denunciamos la responsabilidad de los gobiernos, del Estado y el r\u00e9gimen social de explotaci\u00f3n en la opresi\u00f3n de la mujer. El impulso de estas reivindicaciones ha puesto de manifiesto la profunda injerencia de las Iglesias en los asuntos estatales y la subordinaci\u00f3n de los gobiernos capitalistas a los distintos lobbies clericales. Luchamos por las reivindicaciones de las mujeres trabajadoras. Peleamos por erradicar la cultura machista y patriarcal en el seno de la clase trabajadora e impulsamos una lucha mancomunada de nuestra clase, superando cualquier tipo de divisiones por g\u00e9nero o sexualidad, por el derecho al aborto legal, seguro y gratuito, por anticonceptivos y por educaci\u00f3n sexual integral, por la separaci\u00f3n de las Iglesias de los Estados, por el fin de la violencia machista y de los cr\u00edmenes de odio, por el conjunto de las reivindicaciones del movimiento LGTBI, y m\u00e1s de conjunto, por poner fin al capitalismo, que es el edificio social sobre el cual se montan y reproducen las diversas opresiones.<\/span><\/p>\n<p style=\"text-align: justify;\"><span style=\"font-family: arial, helvetica, sans-serif; font-size: small;\">7. Condenamos la criminal represi\u00f3n contra los pueblos y trabajadores en lucha en Am\u00e9rica Latina y en Estados Unidos; la criminalizaci\u00f3n de la protesta, los abusos policiales y casos de \u201cgatillo f\u00e1cil\u201d (asesinatos policiales) y nos pronunciamos por el pleno derecho a la movilizaci\u00f3n y la lucha. Repudiamos la persecuci\u00f3n y las deportaciones del gobierno de AMLO en M\u00e9xico contra los migrantes centroamericanos y caribe\u00f1os. Denunciamos que los aparatos de seguridad no son m\u00e1s que un mecanismo de coacci\u00f3n y represi\u00f3n de los gobiernos y los Estados contra los pueblos que se rebelan en defensa de sus condiciones de vida. Planteamos: abajo las medidas de excepci\u00f3n que fortalecen las medidas represivas y el fortalecimiento de las polic\u00edas y dem\u00e1s fuerzas de seguridad, basta de persecuci\u00f3n a los migrantes en los Estados Unidos; abajo los asesinatos de dirigentes sociales en Colombia; abajo la criminal represi\u00f3n en Chile y en Bolivia, Justicia por Marielle Franco y castigo a los responsables de su asesinato, libertad a los centenares de presos pol\u00edticos; abajo la persecuci\u00f3n a los luchadores y dirigentes sindicales en Venezuela, por la libertad inmediata de los luchadores obreros encarcelados. Aparici\u00f3n con vida de Facundo Castro, libertad a Sebasti\u00e1n Romero y desprocesamiento de Cesar Arakaki en Argentina.<\/span><\/p>\n<p style=\"text-align: justify;\"><span style=\"font-family: arial, helvetica, sans-serif; font-size: small;\">Resolvemos:<\/span><\/p>\n<p style=\"text-align: justify;\"><span style=\"font-family: arial, helvetica, sans-serif; font-size: small;\">\u25cf Realizar el 27 de agosto concentraciones y actos en las embajadas de EEUU de todos los pa\u00edses, para apoyar la rebeli\u00f3n del pueblo norteamericano, rechazar la injerencia imperialista en Am\u00e9rica Latina y llamar al no pago de las deudas externas de los pa\u00edses de Am\u00e9rica Latina y el Caribe y de todos los pueblos oprimidos.<\/span><\/p>\n<p style=\"text-align: justify;\"><span style=\"font-family: arial, helvetica, sans-serif; font-size: small;\">\u25cf Apoyar la lucha de los trabajadores y el pueblo chilenos por \u201cFuera Pi\u00f1era\u201d y la puesta en pie con su lucha de una asamblea constituyente verdaderamente libre y soberana. Exigimos la libertad de todos los presos de la rebeli\u00f3n.<\/span><\/p>\n<p style=\"text-align: justify;\"><span style=\"font-family: arial, helvetica, sans-serif; font-size: small;\">\u25cf Apoyar en impulsar las luchas del conjunto de trabajadoras y trabajadores contra despidos, rebajas salariales y otros ataques a sus condiciones de vida que est\u00e1n implementando gobiernos y patronales<\/span><\/p>\n<p style=\"text-align: justify;\"><span style=\"font-family: arial, helvetica, sans-serif; font-size: small;\">\u25cf Participar e impulsar las pr\u00f3ximas movilizaciones de los trabajadores de reparto de APP en los distintos pa\u00edses<\/span><\/p>\n<p style=\"text-align: justify;\"><span style=\"font-family: arial, helvetica, sans-serif; font-size: small;\">\u25cf Impulsar las movilizaciones del 28 de septiembre por el d\u00eda de Am\u00e9rica Latina y el Caribe por el aborto legal, levantando tambi\u00e9n la consigna \u201cseparaci\u00f3n de las Iglesias del Estado\u201d.<\/span><\/p>\n<p style=\"text-align: justify;\"><span style=\"font-family: arial, helvetica, sans-serif; font-size: small;\">\u25cf Reafirmar nuestra adhesi\u00f3n a los 10 puntos program\u00e1ticos contenidos en el documento \u201cUn nuevo escenario en Latinoam\u00e9rica y la necesidad de una salida socialista y revolucionaria\u201d de convocatoria inicial a la Conferencia Latinoamericana presencial, sumando los puntos referidos a la pandemia y al levantamiento en Estados Unidos desarrollados en los documentos posteriores que dieron base al llamado a esta Conferencia Virtual de Latinoam\u00e9rica y Estados Unidos.<\/span><\/p>\n","protected":false},"excerpt":{"rendered":"<p>Las organizaciones, partidos, dirigentes y militantes participantes de la Conferencia virtual Latinoamericana y de los EEUU suscribimos las siguientes definiciones pol\u00edticas y nos comprometemos a impulsar las resoluciones y campa\u00f1as abajo planteadas:<\/p>\n","protected":false},"author":1,"featured_media":4014,"comment_status":"open","ping_status":"open","sticky":false,"template":"","format":"standard","meta":[],"categories":[35],"tags":[],"_links":{"self":[{"href":"https:\/\/uit-ci.org\/index.php\/wp-json\/wp\/v2\/posts\/4015"}],"collection":[{"href":"https:\/\/uit-ci.org\/index.php\/wp-json\/wp\/v2\/posts"}],"about":[{"href":"https:\/\/uit-ci.org\/index.php\/wp-json\/wp\/v2\/types\/post"}],"author":[{"embeddable":true,"href":"https:\/\/uit-ci.org\/index.php\/wp-json\/wp\/v2\/users\/1"}],"replies":[{"embeddable":true,"href":"https:\/\/uit-ci.org\/index.php\/wp-json\/wp\/v2\/comments?post=4015"}],"version-history":[{"count":0,"href":"https:\/\/uit-ci.org\/index.php\/wp-json\/wp\/v2\/posts\/4015\/revisions"}],"wp:featuredmedia":[{"embeddable":true,"href":"https:\/\/uit-ci.org\/index.php\/wp-json\/wp\/v2\/media\/4014"}],"wp:attachment":[{"href":"https:\/\/uit-ci.org\/index.php\/wp-json\/wp\/v2\/media?parent=4015"}],"wp:term":[{"taxonomy":"category","embeddable":true,"href":"https:\/\/uit-ci.org\/index.php\/wp-json\/wp\/v2\/categories?post=4015"},{"taxonomy":"post_tag","embeddable":true,"href":"https:\/\/uit-ci.org\/index.php\/wp-json\/wp\/v2\/tags?post=4015"}],"curies":[{"name":"wp","href":"https:\/\/api.w.org\/{rel}","templated":true}]}}