{"id":4017,"date":"2020-08-04T14:14:27","date_gmt":"2020-08-04T14:14:27","guid":{"rendered":"http:\/\/uit-ci.org\/index.php\/2020\/08\/04\/peru-carta-abierta-de-enrique-fernandez-chacon-al-pueblo-en-lucha\/"},"modified":"2020-08-04T14:14:27","modified_gmt":"2020-08-04T14:14:27","slug":"peru-carta-abierta-de-enrique-fernandez-chacon-al-pueblo-en-lucha","status":"publish","type":"post","link":"https:\/\/uit-ci.org\/index.php\/2020\/08\/04\/peru-carta-abierta-de-enrique-fernandez-chacon-al-pueblo-en-lucha\/","title":{"rendered":"Per\u00fa: Carta abierta de Enrique Fern\u00e1ndez Chac\u00f3n al pueblo en lucha"},"content":{"rendered":"<p style=\"text-align: justify;\"><strong><span style=\"font-family: arial, helvetica, sans-serif; font-size: small;\"><img loading=\"lazy\" class=\" alignleft size-full wp-image-4016\" src=\"http:\/\/uit-ci.org\/wp-content\/uploads\/2020\/08\/5a2d81c0-041e-4a43-b78a-d7586f65eac9.jpg\" width=\"170\" height=\"164\" alt=\"5a2d81c0-041e-4a43-b78a-d7586f65eac9\" style=\"margin: 5px; float: left;\" \/><br style=\"clear: both;\" \/>CARTA ABIERTA DE ENRIQUE FERN\u00c1NDEZ CHAC\u00d3N AL PUEBLO EN LUCHA. EL RECHAZO AL GABINETE CLARETIANO, Y EL GOBIERNO DE VIZCARRA.<\/span><\/strong><\/p>\n<p style=\"text-align: justify;\"><span style=\"font-family: arial, helvetica, sans-serif; font-size: small;\">Despu\u00e9s de muchos d\u00edas de malestar, producto del Covid-19, y buscando pronto estar en primera l\u00ednea, junto a los luchadores y las organizaciones en lucha, aprovech\u00f3 mi recuperaci\u00f3n para agradecer el caluroso afecto recibido por los trabajadores y trabajadoras; su solidaridad y resistencia me brindaron las fuerzas necesarias para seguir adelante y continuar en la lucha que diariamente enfrentan millones de compatriotas.<\/span><\/p>\n<p>  <!--more-->  <\/p>\n<p style=\"text-align: justify;\"><span style=\"font-family: arial, helvetica, sans-serif; font-size: small;\"> Devuelvo el abrazo fraterno a las personas que conmigo han compartido d\u00e9cadas de luchas, creaci\u00f3n de sindicatos, as\u00ed como enfrentando dictaduras y represiones en la lucha por un mundo sin explotados ni exportadores.<\/span><\/p>\n<p style=\"text-align: justify;\"><span style=\"font-family: arial, helvetica, sans-serif; font-size: small;\">Me vengo recuperando y regresar\u00e9 a la arena pol\u00edtica en la lucha por el socialismo, senda de la que nunca me he alejado, porque es el camino que desde joven eleg\u00ed y que caminar\u00e9 hasta el final.<\/span><\/p>\n<p style=\"text-align: justify;\"><span style=\"font-family: arial, helvetica, sans-serif; font-size: small;\">Aprovecho tambi\u00e9n para solidarizarme con las luchas que durante mi breve ausencia han recorrido el Per\u00fa. Mi solidaridad y la de mi organizaci\u00f3n Un\u00edos en el FA, para con la heroica lucha del pueblo de Espinar que en Cuzco, enfrentan el atropello empresarial de una mina que se lleva nuestros recursos, haciendo millones, y s\u00f3lo dejan hambre, destrucci\u00f3n y muerte. Mi solidaridad con los trabajadores de la salud que dan la vida por salvar la del pueblo; muchos de ellos a\u00fan laboran con contratos basura de precarizaci\u00f3n laboral. Mi solidaridad a las compa\u00f1eras de SITOBUR; trabajadoras de la limpieza p\u00fablica que en Lima exigen que se termine con la tercerizaci\u00f3n que viola sus derechos. Solidaridad con los trabajadores que enfrentan la suspensi\u00f3n perfecta de labores, los despidos y las interminables jornadas de trabajo. A todos ellos un abrazo fraterno y un llamado urgente a unir las luchas para enfrentar de manera consecuente al Gobierno y sus aliados empresarios que con el Pacto Per\u00fa o el Acuerdo Nacional buscan reactivar la moribunda econom\u00eda neoliberal a costa de la salud de nuestro pueblo, profundizando el modelo fujimorista que todos los gobiernos han aplicado.<\/span><\/p>\n<p style=\"text-align: justify;\"><span style=\"font-family: arial, helvetica, sans-serif; font-size: small;\">\u00a1Ninguna confianza al gabinete Cateriano! Expreso mi pleno, consecuente y firme rechazo al voto de confianza del actual Gabinete. Mi rechazo expresa el sentir de miles de trabajadores y el pueblo pobre, y configura un grito de lucha consecuente que desenmascara la maniobra del Gobierno: continuar las mismas pol\u00edticas con nuevo gabinete, un cambio de disfraz para seguir atacando los derechos del pueblo trabajador.<\/span><\/p>\n<p style=\"text-align: justify;\"><span style=\"font-family: arial, helvetica, sans-serif; font-size: small;\">Rechazamos su alianza pro-minera y pro-patronal de este Gobierno; responsable pol\u00edtico de la enorme cantidad de contagiados y muertes que detr\u00e1s de fr\u00edas estad\u00edsticas buscan esconder. Es responsable como todos los gobiernos anteriores por sostener el abandono del sistema p\u00fablico de salud. Denunciamos de miserable el aumento de solo S\/.1.500 millones de soles para el presupuesto 2021 al sector salud, mientras con el Reactiva Per\u00fa regalaron 60.000 millones de soles a los bancos y grandes empresas \u00a1Esto es una estafa! Seguiremos luchando por conquistar el 8% del PBI para el sector de salud p\u00fablica, y terminar con el desfinanciamiento de la salud y la falsa \u201crector\u00eda nacional de salud\u201d que propone Vizcarra-Cateriano, dejando intacto el enorme negociado de las cl\u00ednicas privadas que se llevan S\/.55.000 soles por paciente que el Estado no puede atender por falta de camas y personal suficiente \u00bfD\u00f3nde est\u00e1n las 2.000 camas UCI que prometi\u00f3 en junio, se\u00f1or presidente Vizcarra? El pueblo nos las tiene porque esa plata se las regalo a los grandes empresarios v\u00eda Reactiva Per\u00fa, subsidios y beneficios fiscales.<\/span><\/p>\n<p style=\"text-align: justify;\"><span style=\"font-family: arial, helvetica, sans-serif; font-size: small;\">Rechazamos el Plan Arranca Per\u00fa con el que est\u00e1n preparando enormes negociados con la obra p\u00fablica a trav\u00e9s de concesiones privadas y APP para generar 1 mill\u00f3n de puestos de trabajo precarios y temporales a los que solo pagaran miserables 40 soles la jornada de trabajo. Rechazamos la pol\u00edtica del Gobierno y el Gabinete de Ministros porque gobiernan para los ricos y las mineras: \u00a1No se\u00f1or ministro! La miner\u00eda no es un sue\u00f1o bonito para el pueblo, es una pesadilla, porque est\u00e1n en manos de multinacionales saqueadoras y no al servicio del pueblo. Este Gobierno prepara una gran entrega de nuestros recursos naturales y la penetraci\u00f3n saqueadora a trav\u00e9s de la facilitaci\u00f3n de procedimientos para darle luz verde a los proyectos mineros paralizados por las luchas, no lo permitiremos.<\/span><\/p>\n<p style=\"text-align: justify;\"><span style=\"font-family: arial, helvetica, sans-serif; font-size: small;\">Mientras el Congreso se apresta a darle un nuevo cheque en blanco al Gobierno, al que yo votar\u00eda en contra, llamo al pueblo trabajador de ponerse en pie de lucha unitaria para no dejar pasar el plan del Gobierno, y a organizarnos por conquistar un plan econ\u00f3mico alternativo para que la crisis no la paguen los trabajadores, la paguen los grandes capitalistas que provocan la enorme crisis social que hoy vivimos. \u00a1Ninguna confianza al Gabinete Cateriano ni al Gobierno de Vizcarra! \u00a1No podemos confiar en nuestros verdugos!<\/span><\/p>\n<p style=\"text-align: justify;\"><span style=\"font-family: arial, helvetica, sans-serif; font-size: small;\">Llamamos a luchar para terminar con este modelo, por una asamblea constituyente libre y soberana que anule el cap\u00edtulo econ\u00f3mico neoliberal de la falsa \u201ceconom\u00eda social de mercado\u201d y para poner todos nuestros recursos al servicio del pueblo y no de los grandes empresarios. Espero pronto estar con ustedes en la incansable lucha por un gobierno de las y los trabajadores, y el pueblo.<\/span><\/p>\n<p style=\"text-align: justify;\"><span style=\"font-family: arial, helvetica, sans-serif; font-size: small;\">Enrique Fern\u00e1ndez Chac\u00f3n<\/span><br \/><span style=\"font-family: arial, helvetica, sans-serif; font-size: small;\">Congresista de la Rep\u00fablica.<\/span><\/p>\n","protected":false},"excerpt":{"rendered":"<p>CARTA ABIERTA DE ENRIQUE FERN\u00c1NDEZ CHAC\u00d3N AL PUEBLO EN LUCHA. EL RECHAZO AL GABINETE CLARETIANO, Y EL GOBIERNO DE VIZCARRA. Despu\u00e9s de muchos d\u00edas de malestar, producto del Covid-19, y buscando pronto estar en primera l\u00ednea, junto a los luchadores y las organizaciones en lucha, aprovech\u00f3 mi recuperaci\u00f3n para agradecer el caluroso afecto recibido por [&hellip;]<\/p>\n","protected":false},"author":1,"featured_media":4016,"comment_status":"open","ping_status":"open","sticky":false,"template":"","format":"standard","meta":[],"categories":[35],"tags":[],"_links":{"self":[{"href":"https:\/\/uit-ci.org\/index.php\/wp-json\/wp\/v2\/posts\/4017"}],"collection":[{"href":"https:\/\/uit-ci.org\/index.php\/wp-json\/wp\/v2\/posts"}],"about":[{"href":"https:\/\/uit-ci.org\/index.php\/wp-json\/wp\/v2\/types\/post"}],"author":[{"embeddable":true,"href":"https:\/\/uit-ci.org\/index.php\/wp-json\/wp\/v2\/users\/1"}],"replies":[{"embeddable":true,"href":"https:\/\/uit-ci.org\/index.php\/wp-json\/wp\/v2\/comments?post=4017"}],"version-history":[{"count":0,"href":"https:\/\/uit-ci.org\/index.php\/wp-json\/wp\/v2\/posts\/4017\/revisions"}],"wp:featuredmedia":[{"embeddable":true,"href":"https:\/\/uit-ci.org\/index.php\/wp-json\/wp\/v2\/media\/4016"}],"wp:attachment":[{"href":"https:\/\/uit-ci.org\/index.php\/wp-json\/wp\/v2\/media?parent=4017"}],"wp:term":[{"taxonomy":"category","embeddable":true,"href":"https:\/\/uit-ci.org\/index.php\/wp-json\/wp\/v2\/categories?post=4017"},{"taxonomy":"post_tag","embeddable":true,"href":"https:\/\/uit-ci.org\/index.php\/wp-json\/wp\/v2\/tags?post=4017"}],"curies":[{"name":"wp","href":"https:\/\/api.w.org\/{rel}","templated":true}]}}