{"id":4040,"date":"2020-08-11T14:29:35","date_gmt":"2020-08-11T14:29:35","guid":{"rendered":"http:\/\/uit-ci.org\/index.php\/2020\/08\/11\/por-una-campana-internacional-en-apoyo-al-pueblo-nacion-mapuche\/"},"modified":"2020-08-11T14:29:35","modified_gmt":"2020-08-11T14:29:35","slug":"por-una-campana-internacional-en-apoyo-al-pueblo-nacion-mapuche","status":"publish","type":"post","link":"https:\/\/uit-ci.org\/index.php\/2020\/08\/11\/por-una-campana-internacional-en-apoyo-al-pueblo-nacion-mapuche\/","title":{"rendered":"Por una campa\u00f1a internacional en apoyo al pueblo-naci\u00f3n Mapuche"},"content":{"rendered":"<p style=\"text-align: justify;\"><span style=\"font-family: arial, helvetica, sans-serif; font-size: small;\"><img loading=\"lazy\" class=\" alignleft size-full wp-image-4039\" src=\"http:\/\/uit-ci.org\/wp-content\/uploads\/2020\/08\/117153926_2061610730640171_1200617971421260032_n.jpg\" width=\"184\" height=\"184\" alt=\"117153926 2061610730640171 1200617971421260032 n\" style=\"margin: 5px; float: left;\" srcset=\"https:\/\/uit-ci.org\/wp-content\/uploads\/2020\/08\/117153926_2061610730640171_1200617971421260032_n.jpg 916w, https:\/\/uit-ci.org\/wp-content\/uploads\/2020\/08\/117153926_2061610730640171_1200617971421260032_n-300x300.jpg 300w, https:\/\/uit-ci.org\/wp-content\/uploads\/2020\/08\/117153926_2061610730640171_1200617971421260032_n-150x150.jpg 150w, https:\/\/uit-ci.org\/wp-content\/uploads\/2020\/08\/117153926_2061610730640171_1200617971421260032_n-768x768.jpg 768w, https:\/\/uit-ci.org\/wp-content\/uploads\/2020\/08\/117153926_2061610730640171_1200617971421260032_n-600x600.jpg 600w, https:\/\/uit-ci.org\/wp-content\/uploads\/2020\/08\/117153926_2061610730640171_1200617971421260032_n-100x100.jpg 100w, https:\/\/uit-ci.org\/wp-content\/uploads\/2020\/08\/117153926_2061610730640171_1200617971421260032_n-75x75.jpg 75w, https:\/\/uit-ci.org\/wp-content\/uploads\/2020\/08\/117153926_2061610730640171_1200617971421260032_n-750x750.jpg 750w\" sizes=\"(max-width: 184px) 100vw, 184px\" \/><br style=\"clear: both;\" \/>Han sido siglos de dominaci\u00f3n y opresi\u00f3n, por parte del Estado capitalista chileno, contra el pueblo-naci\u00f3n Mapuche. El despojo de sus tierras ancestrales, la opresi\u00f3n y represi\u00f3n contra su pueblo, la persecuci\u00f3n judicial, policial y pol\u00edtica han sido la t\u00f3nica. Wallmapu, el territorio mapuche, es el escenario de una militarizaci\u00f3n que transgrede todos los derechos fundamentales de sus habitantes, y que se ha impuesto para beneficiar el saqueo de las empresas forestales y de la agroindustria.<\/span><\/p>\n<p>  <!--more-->  <\/p>\n<p style=\"text-align: justify;\"><span style=\"font-family: arial, helvetica, sans-serif; font-size: small;\">Bajo los gobiernos capitalistas del \u00faltimo tiempo (Aylwin, Frei, Lagos, Bachelet y Pi\u00f1era), esta impresentable situaci\u00f3n ha continuado. La \u201cpol\u00edtica de Estado\u201d se basa en transformar al territorio mapuche en la regi\u00f3n con mayor \u00edndice de pobreza y miseria, al mismo tiempo que se le impone una feroz represi\u00f3n que ha dejado incontables comunidades asediadas por violentos allanamientos, asesinatos y torturas de pe\u00f1is y lamngen, montajes judiciales que mantienen en c\u00e1rceles a presas y presos pol\u00edticos, entre otros brutales hechos.<\/span><\/p>\n<p style=\"text-align: justify;\"><span style=\"font-family: arial, helvetica, sans-serif; font-size: small;\">En este marco hist\u00f3rico, las \u00faltimas semanas se ha polarizado, a\u00fan m\u00e1s, la situaci\u00f3n en Wallmapu. Las manifestaciones en apoyo a los presos pol\u00edticos mapuche, han llevado a un mayor enfrentamiento con el Estado chileno, el gobierno de Pi\u00f1era y el empresariado. Incluso, con ataques de civiles coordinados por la derecha contra manifestaciones pac\u00edficas, como el que perpetraron estos grupos fascistoides contra la toma pacifica de la Municipalidad de Curacaut\u00edn.<\/span><\/p>\n<p style=\"text-align: justify;\"><span style=\"font-family: arial, helvetica, sans-serif; font-size: small;\">Los empresarios de la zona, coordinados en la Multigremial Nacional, han declarado p\u00fablicamente (el 7 de agosto), que si el gobierno no agudiza la represi\u00f3n ellos se declaran en libertad para tomar acciones con el objetivo de exigir al Estado la soluci\u00f3n del \u201cproblema\u201d. En la misma l\u00ednea de la Asociaci\u00f3n por la Paz y la Reconciliaci\u00f3n en la Araucan\u00eda (APRA), asociaci\u00f3n de derecha ligada al atentado contra la toma de la Municipalidad de Curacaut\u00edn.<\/span><\/p>\n<p style=\"text-align: justify;\"><span style=\"font-family: arial, helvetica, sans-serif; font-size: small;\">Como Unidad Internacional de las y los Trabajadores Cuarta Internacional (UIT-CI), y nuestra secci\u00f3n chilena Movimiento Socialista de las y los Trabajadores (MST), rechazamos enf\u00e1ticamente la represi\u00f3n sistem\u00e1tica del Estado capitalista chileno contra el pueblo-naci\u00f3n Mapuche. Denunciamos la usurpaci\u00f3n de territorio ancestral, en favor del empresariado, as\u00ed como toda medida judicial y pol\u00edtica contra este pueblo.<\/span><\/p>\n<p style=\"text-align: justify;\"><span style=\"font-family: arial, helvetica, sans-serif; font-size: small;\">Es fundamental detener, por medio de la movilizaci\u00f3n de la clase trabajadora y el pueblo chileno, acompa\u00f1ado de la mayor la solidaridad internacional, la arremetida de los empresarios de la zona que act\u00faan bajo el total consentimiento del gobierno de Pi\u00f1era.<\/span><\/p>\n<p style=\"text-align: justify;\"><span style=\"font-family: arial, helvetica, sans-serif; font-size: small;\">Hacemos un llamado a todas las organizaciones sindicales, estudiantiles, feministas, de derechos humanos, de pueblos originarios y organizaciones pol\u00edticas, a iniciar una campa\u00f1a internacional en apoyo al pueblo-naci\u00f3n Mapuche. Partiendo por la denuncia a los atropellos cometidos por los empresarios y el gobierno de Pi\u00f1era.<\/span><\/p>\n<p style=\"text-align: justify;\"><span style=\"font-family: arial, helvetica, sans-serif; font-size: small;\">Exigimos:<\/span><\/p>\n<p style=\"text-align: justify;\"><strong><span style=\"font-family: arial, helvetica, sans-serif; font-size: small;\">Cese inmediato a la militarizaci\u00f3n y la represi\u00f3n contra el pueblo-naci\u00f3n Mapuche en Wallmapu.<\/span><\/strong><\/p>\n<p style=\"text-align: justify;\"><strong><span style=\"font-family: arial, helvetica, sans-serif; font-size: small;\">Libertad a las y los presos pol\u00edticos, fin a los montajes judiciales.<\/span><\/strong><\/p>\n<p style=\"text-align: justify;\"><strong><span style=\"font-family: arial, helvetica, sans-serif; font-size: small;\">Por la devoluci\u00f3n de las tierras, y el derecho a la total autodeterminaci\u00f3n.<\/span><\/strong><\/p>\n<p style=\"text-align: justify;\"><strong><span style=\"font-family: arial, helvetica, sans-serif; font-size: small;\">Fuera las empresas capitalistas forestales y de la agroindustria, as\u00ed como las multinacionales, de Wallmapu.<\/span><\/strong><\/p>\n<p style=\"text-align: justify;\"><strong><span style=\"font-family: arial, helvetica, sans-serif; font-size: small;\">Por una campa\u00f1a internacional en solidaridad con el pueblo-naci\u00f3n Mapuche.<\/span><\/strong><\/p>\n<p style=\"text-align: justify;\"><strong><span style=\"font-family: arial, helvetica, sans-serif; font-size: small;\">Fuera Pi\u00f1era, y su criminal Ministro del Interior, V\u00edctor P\u00e9rez.<\/span><\/strong><\/p>\n","protected":false},"excerpt":{"rendered":"<p>Han sido siglos de dominaci\u00f3n y opresi\u00f3n, por parte del Estado capitalista chileno, contra el pueblo-naci\u00f3n Mapuche. El despojo de sus tierras ancestrales, la opresi\u00f3n y represi\u00f3n contra su pueblo, la persecuci\u00f3n judicial, policial y pol\u00edtica han sido la t\u00f3nica. Wallmapu, el territorio mapuche, es el escenario de una militarizaci\u00f3n que transgrede todos los derechos [&hellip;]<\/p>\n","protected":false},"author":1,"featured_media":4039,"comment_status":"open","ping_status":"open","sticky":false,"template":"","format":"standard","meta":[],"categories":[60],"tags":[],"_links":{"self":[{"href":"https:\/\/uit-ci.org\/index.php\/wp-json\/wp\/v2\/posts\/4040"}],"collection":[{"href":"https:\/\/uit-ci.org\/index.php\/wp-json\/wp\/v2\/posts"}],"about":[{"href":"https:\/\/uit-ci.org\/index.php\/wp-json\/wp\/v2\/types\/post"}],"author":[{"embeddable":true,"href":"https:\/\/uit-ci.org\/index.php\/wp-json\/wp\/v2\/users\/1"}],"replies":[{"embeddable":true,"href":"https:\/\/uit-ci.org\/index.php\/wp-json\/wp\/v2\/comments?post=4040"}],"version-history":[{"count":0,"href":"https:\/\/uit-ci.org\/index.php\/wp-json\/wp\/v2\/posts\/4040\/revisions"}],"wp:featuredmedia":[{"embeddable":true,"href":"https:\/\/uit-ci.org\/index.php\/wp-json\/wp\/v2\/media\/4039"}],"wp:attachment":[{"href":"https:\/\/uit-ci.org\/index.php\/wp-json\/wp\/v2\/media?parent=4040"}],"wp:term":[{"taxonomy":"category","embeddable":true,"href":"https:\/\/uit-ci.org\/index.php\/wp-json\/wp\/v2\/categories?post=4040"},{"taxonomy":"post_tag","embeddable":true,"href":"https:\/\/uit-ci.org\/index.php\/wp-json\/wp\/v2\/tags?post=4040"}],"curies":[{"name":"wp","href":"https:\/\/api.w.org\/{rel}","templated":true}]}}