{"id":4103,"date":"2020-09-03T17:51:15","date_gmt":"2020-09-03T17:51:15","guid":{"rendered":"http:\/\/uit-ci.org\/index.php\/2020\/09\/03\/nicaragua-libertad-a-todos-los-presos-politicos-ya\/"},"modified":"2020-09-03T17:51:15","modified_gmt":"2020-09-03T17:51:15","slug":"nicaragua-libertad-a-todos-los-presos-politicos-ya","status":"publish","type":"post","link":"https:\/\/uit-ci.org\/index.php\/2020\/09\/03\/nicaragua-libertad-a-todos-los-presos-politicos-ya\/","title":{"rendered":"Nicaragua \u00a1Libertad a todos los presos pol\u00edticos ya!"},"content":{"rendered":"<p style=\"text-align: justify;\"><span style=\"font-family: arial, helvetica, sans-serif; font-size: small;\"><img loading=\"lazy\" class=\" alignleft size-full wp-image-4102\" src=\"http:\/\/uit-ci.org\/wp-content\/uploads\/2020\/09\/nicaragua-1536531439088.jpg\" width=\"225\" height=\"150\" alt=\"nicaragua-1536531439088\" style=\"margin: 5px; float: left;\" srcset=\"https:\/\/uit-ci.org\/wp-content\/uploads\/2020\/09\/nicaragua-1536531439088.jpg 1186w, https:\/\/uit-ci.org\/wp-content\/uploads\/2020\/09\/nicaragua-1536531439088-300x200.jpg 300w, https:\/\/uit-ci.org\/wp-content\/uploads\/2020\/09\/nicaragua-1536531439088-1024x683.jpg 1024w, https:\/\/uit-ci.org\/wp-content\/uploads\/2020\/09\/nicaragua-1536531439088-768x512.jpg 768w, https:\/\/uit-ci.org\/wp-content\/uploads\/2020\/09\/nicaragua-1536531439088-600x400.jpg 600w, https:\/\/uit-ci.org\/wp-content\/uploads\/2020\/09\/nicaragua-1536531439088-750x500.jpg 750w, https:\/\/uit-ci.org\/wp-content\/uploads\/2020\/09\/nicaragua-1536531439088-1140x760.jpg 1140w\" sizes=\"(max-width: 225px) 100vw, 225px\" \/><br style=\"clear: both;\" \/>Nicaragua enfrenta una agobiante crisis social y econ\u00f3mica, en cuyo marco la lucha por la liberaci\u00f3n de los presos pol\u00edticos y la denuncia del continuo hostigamiento a los luchadores sociales y sus familiares es de enorme importancia. Al 5 de agosto se contabilizaban 99 presos pol\u00edticos, de los cuales diez se encuentran encarcelados desde antes de la rebeli\u00f3n de 2018.<\/span><\/p>\n<p>  <!--more-->  <\/p>\n<p style=\"text-align: justify;\"><span style=\"font-family: arial, helvetica, sans-serif; font-size: small;\">A pesar de que en junio de 2019 se emiti\u00f3 una amnist\u00eda, que redujo el n\u00famero de presos pol\u00edticos de alrededor de 700 a un centenar, las agrupaciones de defensa de los presos pol\u00edticos describen la continuidad de la persecuci\u00f3n con la met\u00e1fora de la \u201cpuerta giratoria\u201d, ya que decenas de personas excarceladas han sido v\u00edctimas de nuevas detenciones. La amnist\u00eda tambi\u00e9n tuvo un gran repudio popular por estar dise\u00f1ada para dejar en la impunidad los cr\u00edmenes represivos del propio orteguismo, que asesin\u00f3 a m\u00e1s de 400 personas en la represi\u00f3n contra la rebeli\u00f3n de 2018. La persecuci\u00f3n contra toda forma de disidencia obrera, estudiantil y popular ha continuado con expulsiones masivas de estudiantes en las universidades p\u00fablicas y la realizaci\u00f3n de numerosos montajes judiciales.<\/span><br \/><span style=\"font-family: arial, helvetica, sans-serif; font-size: small;\">Entre el 4 de mayo y el 4 de agosto del a\u00f1o en curso hubo 63 detenciones de disidentes. De los 99 presos pol\u00edticos actuales, 20 son activistas que fueron liberados y luego recapturados. Entre los presos hay personas que no han sido acusadas o que han sido absueltas de los falsos cr\u00edmenes imputados, pero se les retiene arbitrariamente. Uno de los m\u00e9todos preferidos por los polic\u00edas orteguistas es fabricar acusaciones de posesi\u00f3n de drogas para encarcelar a activistas opositores y luchadores sociales e imponer largas condenas de prisi\u00f3n. Uno de los presos pol\u00edticos, el estudiante Kevin Sol\u00eds, fue condenado a diez a\u00f1os de prisi\u00f3n luego de que un simpatizante de Ortega le acusara de haberle robado el equivalente a 15 d\u00f3lares. Ha sido sometido a confinamiento solitario y a torturas.<\/span><br \/><span style=\"font-family: arial, helvetica, sans-serif; font-size: small;\">La salud de decenas de presos se ha deteriorado como consecuencia de las p\u00e9simas condiciones sanitarias de las c\u00e1rceles. M\u00e1s de 40 presos han denunciado haberse contagiado de covid19. El dirigente campesino Justo Rodr\u00edguez, detenido por protestar en el segundo aniversario de la rebeli\u00f3n de 2018, sufri\u00f3 un accidente cerebrovascular estando confinado a fines de agosto, y su hermana Em\u00e9rita Rodr\u00edguez tambi\u00e9n ha sido detenida al denunciar la situaci\u00f3n. Es recurrente el hostigamiento policial y paramilitar contra las familias de las personas detenidas por razones pol\u00edticas.<\/span><br \/><span style=\"font-family: arial, helvetica, sans-serif; font-size: small;\">Varios presos pol\u00edticos y sus familiares denuncian que los partidos de la oposici\u00f3n tradicional hacen muy poco por lograr su libertad. El empresariado y los partidos tradicionales han pactado en numerosas ocasiones con Ortega desde que volvi\u00f3 al poder en 2007, de la mano de varios miembros de la antigua Contra, como su vicepresidente hasta 2012, Morales Carazo. Apoyamos los intentos de sectores de la juventud y el pueblo trabajador nicarag\u00fcense de constituir una alternativa pol\u00edtica para luchar consecuentemente por las libertades democr\u00e1ticas y contra el capitalismo explotador y saqueador en Nicaragua. Llamamos a las organizaciones obreras y populares latinoamericanas y del mundo a solidarizarse (*) con la exigencia de libertad para todas las personas presas por razones pol\u00edticas en Nicaragua.<\/span><br \/><span style=\"font-family: arial, helvetica, sans-serif; font-size: small;\">Unidad Internacional de Trabajadoras y Trabajadores-Cuarta Internacional (UIT-CI) <\/span><br \/><span style=\"font-family: arial, helvetica, sans-serif; font-size: small;\">2 de setiembre de 2020<\/span><br \/><span style=\"font-family: arial, helvetica, sans-serif; font-size: small;\">www.uit-ci.org<\/span><br \/><span style=\"font-family: arial, helvetica, sans-serif; font-size: small;\">(*) PD: Acompa\u00f1amos petitorio para sumar firmas a esta campa\u00f1a<\/span><br \/><span style=\"font-family: arial, helvetica, sans-serif; font-size: small;\">Petitorio<\/span><br \/><span style=\"font-family: arial, helvetica, sans-serif; font-size: small;\">Nosotros y nosotras, activistas e integrantes de organizaciones pol\u00edticas, sindicales, campesinas, de mujeres, estudiantiles y populares, exigimos al gobierno de Nicaragua la inmediata e incondicional liberaci\u00f3n de todas las presas y los presos pol\u00edticos.<\/span><\/p>\n<p style=\"text-align: justify;\"><span style=\"font-family: arial, helvetica, sans-serif; font-size: small;\">Firmas<\/span><\/p>\n<p style=\"text-align: justify;\"><span style=\"font-family: arial, helvetica, sans-serif; font-size: small;\">Organizaciones <\/span><br \/><span style=\"font-family: arial, helvetica, sans-serif; font-size: small;\">Unidad Internacional de Trabajadoras y Trabajadores &#8211; Cuarta Internacional (UIT-CI).<\/span><br \/><span style=\"font-family: arial, helvetica, sans-serif; font-size: small;\">Comit\u00e9 por el Reagrupamiento Internacional de los Revolucionarios (CRIC)<\/span><\/p>\n<p style=\"text-align: justify;\"><span style=\"font-family: arial, helvetica, sans-serif; font-size: small;\">Nicaragua: Multiversidad Libertaria, Plataforma de educaci\u00f3n y cr\u00edtica; Taller Nepantla, Colectivo de Arte; Hora Cero, Medio de Comunicaci\u00f3n<\/span><br \/><span style=\"font-family: arial, helvetica, sans-serif; font-size: small;\">Argentina: Partido Socialismo y Libertad (PSL) <\/span><br \/><span style=\"font-family: arial, helvetica, sans-serif; font-size: small;\">Australia: Freedom Socialist Party (FSP)<\/span><br \/><span style=\"font-family: arial, helvetica, sans-serif; font-size: small;\">Brasil: Movimiento Revolucionario Socialista (MRS)<\/span><br \/><span style=\"font-family: arial, helvetica, sans-serif; font-size: small;\">Estados Unidos: Socialist Resurgence (SR), Freedom Socialist Party (FSP), Venezuelan Workers Solidarity (VWS),<span style=\"color: #000000; background-color: #ffffff;\">Comit\u00e9s Antiguerra en Solidaridad con las Luchas de Autodeterminaci\u00f3n<\/span><\/span><br \/><span style=\"font-family: arial, helvetica, sans-serif; font-size: small;\">Guyana: Socialist Workers Alliance (SWAG)<\/span><br \/><span style=\"font-family: arial, helvetica, sans-serif; font-size: small;\">M\u00e9xico: Partido Obrero Socialista (POS)<\/span><\/p>\n<p style=\"text-align: justify;\"><span style=\"font-family: arial, helvetica, sans-serif; font-size: small;\">Firmas individuales<\/span><\/p>\n<p style=\"text-align: justify;\"><span style=\"font-family: arial, helvetica, sans-serif; font-size: small;\">Argentina: Juan Carlos Giordano, diputado nacional electo en el Frente de Izquierda y los Trabajadores (FIT-U) de Provincia de Buenos Aires, dirigente nacional Izquierda Socialista (IS); Rub\u00e9n \u201cPollo\u201d Sobrero, Secretario General del Uni\u00f3n Ferroviaria seccional Oeste, Edgardo Reynoso dirigente ferroviario del Cuerpo de Delegados de Ramal TBA-Sarmiento y M\u00f3nica Schotthauer, delegada ferroviaria y diputada nacional electa de IS\/FIT; Ang\u00e9lica Lagunas, dirigente de ATEN Capital (Docentes) y concejal por Neuqu\u00e9n de Izquierda Socialista y el FIT; Liliana Olivero, ex Diputada por C\u00f3rdoba de Izquierda Socialista\/FIT ; Mariana Scayola (Secretario General comisi\u00f3n directiva Ademys-docentes de Ciudad de Buenos Aires) y Jorge Adaro (Secretario Adjunto); Laura Marrone, dirigente docente de CABA y ex legisladora de IS-FIT en CABA, Ezequiel Peressini, ex legislador por C\u00f3rdoba, de Izquierda Socialista-FIT; Mercedes Trimarchi, dirigente de la agrupaci\u00f3n de mujeres Isadora, y ex legisladora por Izquierda Socialista\/FIT en Provincia de Buenos Aires.<\/span><\/p>\n<p style=\"text-align: justify;\"><span style=\"font-family: arial, helvetica, sans-serif; font-size: small;\">Bolivia: Humberto Balderrama, miembro de la Direcci\u00f3n Nacional del Partido de los Trabajadores; Eliseo Mamani, ex ejecutivo Federaci\u00f3n de Maestros Rurales de La Paz.<\/span><\/p>\n<p style=\"text-align: justify;\"><span style=\"font-family: arial, helvetica, sans-serif; font-size: small;\">Brasil: Joao Batista Araujo \u201cBaba\u201d, Concejal en Rio de Janeiro (RJ) Corriente Socialista de los Trabajadores (CST) en el PSOL, Pedro Rosa, dirigente del Sintuff y la Fasubra (Federaci\u00f3n trabajadores de las Universidades), Adriano Diaz &#8211; dirigente de Correos RJ y de CSP-Conlutas; Bruno da Rosa\u2013 dirigente Garis (Recolectores de residuos) y miembro Directiva Municipal PSOL-RJ; Diego Vitello , miembro del sindicato de Metro de San Pablo; Barbara Sineidino \u2013 de la Coordinadora general de SEPE (Profesionales de ense\u00f1anza)- integrante directiva Municipal PSOL RJ; Gerson lima \u2013 Coordinador-General SINTSEP-Par\u00e1.<\/span><\/p>\n<p style=\"text-align: justify;\"><span style=\"font-family: arial, helvetica, sans-serif; font-size: small;\">Chile: Ranier Rios, dirigente MST (Movimiento Socialista de los Trabajadores).<\/span><\/p>\n<p style=\"text-align: justify;\"><span style=\"font-family: arial, helvetica, sans-serif; font-size: small;\">Estado espa\u00f1ol: Josep Lluis del Alc\u00e1zar, delegado sindical de ense\u00f1anza p\u00fablica y dirigente Lucha Internacionalista (LI); Marga Olalla, delegada sindical de trabajadores municipales de Barcelona, Militante de LI; Miquel Blanch, delegado sindical de profesorado de escuelas de adultos, miembro de la Corriente Sindical de CCOO de Girona, Militante de LI; M. Esther del Alc\u00e1zar, delegada sindical de ense\u00f1anza p\u00fablica y dirigente de LI.<\/span><\/p>\n<p style=\"text-align: justify;\"><span style=\"font-family: arial, helvetica, sans-serif; font-size: small;\">Estados Unidos: Emmanuel Santos, Socialist Core; Todd Chretien, No Borders News; Mona Frey, Directora del Centro para el Empoderamiento de los Refugiados e Inmigrantes.\u00c2\u00c2\u00a0<span style=\"color: #222222; font-family: Arial, Helvetica, sans-serif; font-size: small;\">Frieda Afary, Producer of Iranian Progressives in Translation, co-founder of Alliance of Middle Eastern and North African Socialists; Samuel Farber, Professor Emeritus in Political Sciences, Brooklyn College, CUNY<\/span><\/span><\/p>\n<p style=\"text-align: justify;\"><span style=\"font-family: arial, helvetica, sans-serif; font-size: small;\">India: Rohini Hensman, Escritora e investigadora.<\/span><\/p>\n<p style=\"text-align: justify;\"><span style=\"font-family: arial, helvetica, sans-serif; font-size: small;\">Panam\u00e1: Priscilla V\u00e1squez, dirigente nacional de los trabajadores del Seguro Social; Virgilio Arauz, dirigente de Propuesta Socialista.<\/span><\/p>\n<p style=\"text-align: justify;\"><span style=\"font-family: arial, helvetica, sans-serif; font-size: small;\">Per\u00fa: Jorge Corzo, dirigente de Unidos en el Frente Amplio.<\/span><\/p>\n<p style=\"text-align: justify;\"><span style=\"font-family: arial, helvetica, sans-serif; font-size: small;\">M\u00e9xico: Enrique G\u00f3mez, Francisco Retama, dirigentes del Movimiento al Socialismo (MAS); Jes\u00fas Torres Nu\u00f1o, ex presidente del Consejo de Administraci\u00f3n de Trabajadores Democr\u00e1ticos de Occidente (Tradoc).<\/span><\/p>\n<p style=\"text-align: justify;\"><span style=\"font-family: arial, helvetica, sans-serif; font-size: small;\">Nicaragua: Fabiola Tercero, periodista y feminista.<\/span><\/p>\n<p style=\"text-align: justify;\"><span style=\"font-family: arial, helvetica, sans-serif; font-size: small;\">Rep\u00fablica Dominicana: Henry Morel, periodista y militante del MST (Movimiento Socialista de los Trabajadores).<\/span><\/p>\n<p style=\"text-align: justify;\"><span style=\"font-family: arial, helvetica, sans-serif; font-size: small;\">Turqu\u00eda: Sedat Durel, Secretario General del Sindicato de los trabajadores revolucionarios de la telecomunicaci\u00f3n y de centro de llamados; Atakan \u00c7ift\u00e7i, delegado del Sindicato de los trabajadores de educaci\u00f3n y de ciencia; Oktay \u00c7elik, presidente Partido por la democracia Obrera (IDP), Gorkem Duru, dirigente de IDP.<\/span><\/p>\n<p style=\"text-align: justify;\"><span style=\"font-family: arial, helvetica, sans-serif; font-size: small;\">Venezuela: Jos\u00e9 Bodas, secretario general de la Federaci\u00f3n Unitaria de Trabajadores Petroleros de Venezuela (Futpv); Orlando Chirino, dirigente nacional de la Corriente Clasista, Unitaria, Revolucionaria y Aut\u00f3noma (C-cura); Armando Guerra, ex dirigente sindical de Hidrocapital; Miguel \u00c1ngel Hern\u00e1ndez, secretario general Partido Socialismo y Libertad (PSL); Sim\u00f3n Rodr\u00edguez (PSL); Xili Fern\u00e1ndez, Polit\u00f3loga y activista de los DDHH; Marcos Garc\u00eda, Secretario de Relaciones y Propaganda de SinatraUCV; Rolando Gait\u00e1n, Profesor de la Universidad de Carabobo. Militante del PSL; Oscar Linares, Delegado sindical de Sirtrasalud Distrito Capital; Antonio Espinoza, Universidad Polit\u00e9cnica Territorial del estado Aragua. Dirigente del PSL.<\/span><\/p>\n<p style=\"text-align: justify;\">\u00c2\u00c2\u00a0<\/p>\n<p style=\"text-align: justify;\"><strong><span style=\"color: #222222; font-family: Arial, Helvetica, sans-serif; font-size: small;\">Se recibir\u00e1n firmas hasta el d\u00eda 21 de septiembre de 2020<\/span><\/strong><br \/><span style=\"font-family: arial, helvetica, sans-serif; font-size: small;\">Para agregar firmas:<\/span><br \/><span style=\"font-family: arial, helvetica, sans-serif; font-size: small;\"><a href=\"https:\/\/docs.google.com\/forms\/d\/e\/1FAIpQLScIjtgVnPb9BSYs0RTjB7l3Ge_k1edtWQ4uVeEPquRnUjyy8g\/viewform\">https:\/\/docs.google.com\/forms\/d\/e\/1FAIpQLScIjtgVnPb9BSYs0RTjB7l3Ge_k1edtWQ4uVeEPquRnUjyy8g\/viewform<\/a><\/span><\/p>\n<p style=\"text-align: justify;\"><span style=\"font-family: arial, helvetica, sans-serif; font-size: small;\">O enviar a: <a href=\"mailto:uitcuartainternacional@gmail.com\">uitcuartainternacional@gmail.com<\/a><\/span><\/p>\n","protected":false},"excerpt":{"rendered":"<p>Nicaragua enfrenta una agobiante crisis social y econ\u00f3mica, en cuyo marco la lucha por la liberaci\u00f3n de los presos pol\u00edticos y la denuncia del continuo hostigamiento a los luchadores sociales y sus familiares es de enorme importancia. Al 5 de agosto se contabilizaban 99 presos pol\u00edticos, de los cuales diez se encuentran encarcelados desde antes [&hellip;]<\/p>\n","protected":false},"author":1,"featured_media":4102,"comment_status":"open","ping_status":"open","sticky":false,"template":"","format":"standard","meta":[],"categories":[76],"tags":[],"_links":{"self":[{"href":"https:\/\/uit-ci.org\/index.php\/wp-json\/wp\/v2\/posts\/4103"}],"collection":[{"href":"https:\/\/uit-ci.org\/index.php\/wp-json\/wp\/v2\/posts"}],"about":[{"href":"https:\/\/uit-ci.org\/index.php\/wp-json\/wp\/v2\/types\/post"}],"author":[{"embeddable":true,"href":"https:\/\/uit-ci.org\/index.php\/wp-json\/wp\/v2\/users\/1"}],"replies":[{"embeddable":true,"href":"https:\/\/uit-ci.org\/index.php\/wp-json\/wp\/v2\/comments?post=4103"}],"version-history":[{"count":0,"href":"https:\/\/uit-ci.org\/index.php\/wp-json\/wp\/v2\/posts\/4103\/revisions"}],"wp:featuredmedia":[{"embeddable":true,"href":"https:\/\/uit-ci.org\/index.php\/wp-json\/wp\/v2\/media\/4102"}],"wp:attachment":[{"href":"https:\/\/uit-ci.org\/index.php\/wp-json\/wp\/v2\/media?parent=4103"}],"wp:term":[{"taxonomy":"category","embeddable":true,"href":"https:\/\/uit-ci.org\/index.php\/wp-json\/wp\/v2\/categories?post=4103"},{"taxonomy":"post_tag","embeddable":true,"href":"https:\/\/uit-ci.org\/index.php\/wp-json\/wp\/v2\/tags?post=4103"}],"curies":[{"name":"wp","href":"https:\/\/api.w.org\/{rel}","templated":true}]}}