{"id":4104,"date":"2020-09-03T23:00:14","date_gmt":"2020-09-03T23:00:14","guid":{"rendered":"http:\/\/uit-ci.org\/index.php\/2020\/09\/03\/nicaragua-free-all-political-prisoners-now\/"},"modified":"2020-09-03T23:00:14","modified_gmt":"2020-09-03T23:00:14","slug":"nicaragua-free-all-political-prisoners-now","status":"publish","type":"post","link":"https:\/\/uit-ci.org\/index.php\/2020\/09\/03\/nicaragua-free-all-political-prisoners-now\/","title":{"rendered":"Nicaragua Free all political prisoners now!"},"content":{"rendered":"<p><span style=\"font-family: arial, helvetica, sans-serif; font-size: small;\"><img loading=\"lazy\" class=\" alignleft size-full wp-image-4102\" src=\"http:\/\/uit-ci.org\/wp-content\/uploads\/2020\/09\/nicaragua-1536531439088.jpg\" width=\"225\" height=\"150\" alt=\"nicaragua-1536531439088\" style=\"margin: 5px; float: left;\" srcset=\"https:\/\/uit-ci.org\/wp-content\/uploads\/2020\/09\/nicaragua-1536531439088.jpg 1186w, https:\/\/uit-ci.org\/wp-content\/uploads\/2020\/09\/nicaragua-1536531439088-300x200.jpg 300w, https:\/\/uit-ci.org\/wp-content\/uploads\/2020\/09\/nicaragua-1536531439088-1024x683.jpg 1024w, https:\/\/uit-ci.org\/wp-content\/uploads\/2020\/09\/nicaragua-1536531439088-768x512.jpg 768w, https:\/\/uit-ci.org\/wp-content\/uploads\/2020\/09\/nicaragua-1536531439088-600x400.jpg 600w, https:\/\/uit-ci.org\/wp-content\/uploads\/2020\/09\/nicaragua-1536531439088-750x500.jpg 750w, https:\/\/uit-ci.org\/wp-content\/uploads\/2020\/09\/nicaragua-1536531439088-1140x760.jpg 1140w\" sizes=\"(max-width: 225px) 100vw, 225px\" \/>Nicaragua is facing an overwhelming social and economic crisis, in which the struggle for the liberation of political prisoners and the denunciation of the continued harassment of activists and their families is of enormous importance. As of August 5, there were 99 political prisoners, ten of whom have been imprisoned since before the rebellion of 2018.<\/span><\/p>\n<p>  <!--more-->  <\/p>\n<p><span style=\"font-family: arial, helvetica, sans-serif; font-size: small;\">In spite of the fact that an amnesty was issued in June 2019, reducing the number of political prisoners from around 700 to a hundred, the groups for the defense of political prisoners describe the continuity of the persecution with the metaphor of the \u00abrevolving door,\u00bb since dozens of people who were released from prison have been victims of new arrests. The amnesty also had a great popular repudiation for being designed to leave in impunity the repressive crimes of orteguismo itself, which killed more than 400 people in the repression against the rebellion of 2018. The persecution against all forms of worker, student and popular dissidence has continued with massive expulsions of students from public universities and the carrying out of numerous judicial farces.<\/span><\/p>\n<p><span style=\"font-family: arial, helvetica, sans-serif; font-size: small;\">Between May 4 and August 4 of this year, there were 63 arrests of dissidents. Of the current political prisoners, 20 are activists who were released and later recaptured. Among the prisoners there are people who have not been formerly charged with any crime or who have been acquitted of the false crimes they have been accused of but are still arbitrarily detained. One of the methods preferred by the orteguista police is to fabricate accusations of drug possession in order to imprison opposition activists and impose long prison sentences. One of the political prisoners, student Kevin Solis, was sentenced to ten years in prison after an Ortega sympathizer accused him of stealing the equivalent of $15. He has been subjected to solitary confinement and torture.<\/span><\/p>\n<p><span style=\"font-family: arial, helvetica, sans-serif; font-size: small;\">The health of dozens of prisoners has deteriorated as a result of the appalling sanitary conditions in the prisons. More than 40 prisoners have reported having been infected with covid19 . Peasant leader Justo Rodr\u00edguez, arrested for protesting on the second anniversary of the 2018 rebellion, suffered a stroke while in confinement at the end of August, and his sister Emerita Rodr\u00edguez has also been arrested for denouncing the situation. Police and paramilitary harassment of the families of those detained for political reasons is recurrent.<\/span><\/p>\n<p><span style=\"font-family: arial, helvetica, sans-serif; font-size: small;\">Several political prisoners and their families denounce that the traditional opposition parties do very little to obtain their freedom. The capitalists and the traditional parties have made numerous agreements with Ortega since he returned to power in 2007, through an electoral Alliance with various members of the former Contra, such as his vice president until 2012, Morales Carazo. We support the attempts of sectors of the Nicaraguan youth and working people to constitute a political alternative to consistently fight for democratic freedoms and against exploitative and plundering capitalism in Nicaragua. We call on the workers&#8217; and popular organizations of Latin America and the world to show solidarity (*) with the demand for freedom for all people imprisoned for political reasons in Nicaragua.<\/span><\/p>\n<p><span style=\"font-family: arial, helvetica, sans-serif; font-size: small;\">International Workers&#8217; Unity-Fourth International (IWU-FI)<\/span><br \/><span style=\"font-family: arial, helvetica, sans-serif; font-size: small;\">September 2, 2020<\/span><br \/><span style=\"font-family: arial, helvetica, sans-serif; font-size: small;\">www.uit-ci.org<\/span><\/p>\n<p><span style=\"font-family: arial, helvetica, sans-serif; font-size: small;\">(*) P.S.: We are currently promoting gathering signatures for this campaign<\/span><\/p>\n<p><span style=\"font-family: arial, helvetica, sans-serif; font-size: small;\">Petition<\/span><\/p>\n<p><span style=\"font-family: arial, helvetica, sans-serif; font-size: small;\">We, activists and members of political, trade union, peasant, women&#8217;s, student and popular organizations, demand that the government of Nicaragua immediately and unconditionally release all political prisoners.<\/span><\/p>\n<p><span style=\"font-family: arial, helvetica, sans-serif; font-size: small;\">Signatures<\/span><\/p>\n<p><span style=\"font-family: arial, helvetica, sans-serif; font-size: small;\">Organizations <\/span><br \/><span style=\"font-family: arial, helvetica, sans-serif; font-size: small;\">International Workers&#8217; Unity &#8211; Fourth International (IWU-FI).<\/span><br \/><span style=\"font-family: arial, helvetica, sans-serif; font-size: small;\">Committee for the International Regrouping of Revolutionaries (CIRR)<\/span><br \/><span style=\"font-family: arial, helvetica, sans-serif; font-size: small;\">Nicaragua: Multiversidad Libertaria, Education and Criticism Platform; Nepantla Workshop, Art Collective; Hora Cero, Media<\/span><br \/><span style=\"font-family: arial, helvetica, sans-serif; font-size: small;\">Argentina: Freedom Socialist Party (PSL) <\/span><br \/><span style=\"font-family: arial, helvetica, sans-serif; font-size: small;\">Australia: Freedom Socialist Party (FSP)<\/span><br \/><span style=\"font-family: arial, helvetica, sans-serif; font-size: small;\">Brazil: Socialist Revolutionary Movement (MRS)<\/span><br \/><span style=\"font-family: arial, helvetica, sans-serif; font-size: small;\">United States: Socialist Resurgence (SR), Freedom Socialist Party (FSP), Venezuelan Workers Solidarity (VWS),Anti-War Committees in Solidarity with the Struggles for Self-Determination<\/span><br \/><span style=\"font-family: arial, helvetica, sans-serif; font-size: small;\">Guyana: Socialist Workers Alliance (SWAG)<\/span><br \/><span style=\"font-family: arial, helvetica, sans-serif; font-size: small;\">Mexico: Socialist Workers&#8217; Party (POS)<\/span><\/p>\n<p><span style=\"font-family: arial, helvetica, sans-serif; font-size: small;\">Individual signatures<\/span><\/p>\n<p><span style=\"font-family: arial, helvetica, sans-serif; font-size: small;\">Argentina: Juan Carlos Giordano, national congressman, Left and Workers&#8217; Front (FIT-U) of the Province of Buenos Aires, national leader of the Socialist Left (IS); Rub\u00e9n \u00abPollo\u00bb Sobrero, General Secretary of the Western Section Railway Union; Edgardo Reynoso, railway leader of the TBA-Sarmiento Branch Delegate Body and M\u00f3nica Schotthauer, railway delegate and national congresswoman IS-FIT; Ang\u00e9lica Lagunas, leader of ATEN Capital (Teachers union) and members of the Neuqu\u00e9n regional parliament, Socialist Left and the FIT; Liliana Olivero, former regional parliament member for C\u00f3rdoba, IS-FIT; Mariana Scayola (General Secretary of the Ademys-teachers union of the City of Buenos Aires) and Jorge Adaro (Assistant Secretary of Ademys); Laura Marrone, teachers leader of the City of Buenos Aires and former legislator for IS-FIT in the City of Buenos Aires; Ezequiel Peressini, former legislator for C\u00f3rdoba, of IS-FIT; Mercedes Trimarchi, leader of the women&#8217;s group Isadora, and former legislator for IS-FIT in the Province of Buenos Aires.<\/span><\/p>\n<p><span style=\"font-family: arial, helvetica, sans-serif; font-size: small;\">Bolivia: Humberto Balderrama, member of the National Directorate of the Workers&#8217; Party; Eliseo Mamani, former executive of the Federation of Rural Teachers of La Paz.<\/span><\/p>\n<p><span style=\"font-family: arial, helvetica, sans-serif; font-size: small;\">Brazil: Joao Batista Araujo \u00abBaba\u00bb, City Council member in Rio de Janeiro, Socialist Workers&#8217; Current (CST) in the PSOL; Pedro Rosa, leader of Sintuff and Fasubra (Federation of University Workers); Adriano Diaz, leader of Correos RJ mail workers and CSP-Conlutas; Bruno da Rosa, leader of Garis (waste collectors) and member of the Municipal Board of PSOL in Rio de Janeiro; Diego Vitello , member of the S\u00e3o Paulo Subway Union; Barbara Sineidino, General Coordinator of SEPE (Teaching Professionals), member of the Municipal Board PSOL Rio de Janeiro; Gerson Lima, General Coordinator SINTSEP-Par\u00e1 union.<\/span><\/p>\n<p><span style=\"font-family: arial, helvetica, sans-serif; font-size: small;\">Chile: Ranier Rios, leader of the Socialist Workers&#8217; Movement (MST).<\/span><\/p>\n<p><span style=\"font-family: arial, helvetica, sans-serif; font-size: small;\">Spanish state: Josep Lluis del Alc\u00e1zar, union delegate for public education and leader of Internationalist Struggle (LI); Marga Olalla, union delegate for municipal workers in Barcelona, LI member; Miquel Blanch, union delegate for teachers in adult schools, member of the CCOO union current in Girona, LI member; M. Esther del Alc\u00e1zar, union delegate for public education and leader of the LI.<\/span><\/p>\n<p><span style=\"font-family: arial, helvetica, sans-serif; font-size: small;\">United States: Emmanuel Santos, Socialist Core; Todd Chretien, No Borders News; Mona Frey, Director of the Center for the Empowerment of Refugees and Immigrants; Frieda Afary, Producer of Iranian Progressives in Translation, co-founder of Alliance of Middle Eastern and North African Socialists; Samuel Farber, Professor Emeritus in Political Sciences, Brooklyn College, CUNY.<\/span><\/p>\n<p><span style=\"font-family: arial, helvetica, sans-serif; font-size: small;\">India: Rohini Hensman, writer and researcher.<\/span><\/p>\n<p><span style=\"font-family: arial, helvetica, sans-serif; font-size: small;\">Panama: Priscilla Vasquez, national leader of Social Security workers; Virgilio Arauz, leader of Socialist Project (PS)<\/span><\/p>\n<p><span style=\"font-family: arial, helvetica, sans-serif; font-size: small;\">Peru: Jorge Corzo, leader of Unidos en el Frente Amplio.<\/span><\/p>\n<p><span style=\"font-family: arial, helvetica, sans-serif; font-size: small;\">Mexico: Enrique G\u00f3mez, Francisco Retama, leaders of the Movement for Socialism (MAS); Jes\u00fas Torres Nu\u00f1o, former president of the Consejo de Administraci\u00f3n de Trabajadores Democr\u00e1ticos de Occidente (Tradoc).<\/span><\/p>\n<p><span style=\"font-family: arial, helvetica, sans-serif; font-size: small;\">Nicaragua: Fabiola Tercero, journalist and feminist.<\/span><\/p>\n<p><span style=\"font-family: arial, helvetica, sans-serif; font-size: small;\">Dominican Republic: Henry Morel, journalist and member of the Socialist Movement of Workers (MST).<\/span><\/p>\n<p><span style=\"font-family: arial, helvetica, sans-serif; font-size: small;\">Turkey: Sedat Durel, General Secretary of the Union of Revolutionary Telecommunication and Call Center Workers; Atakan \u00c7ift\u00e7i, delegate of the Union of Education and Science Workers; Oktay \u00c7elik, president of the Workers&#8217; Democracy Party (IDP), Gorkem Duru, leader of IDP.<\/span><\/p>\n<p><span style=\"font-family: arial, helvetica, sans-serif; font-size: small;\">Venezuela: Jos\u00e9 Bodas, general secretary of the United Federation of Oil Workers of Venezuela (Futpv); Orlando Chirino, national leader of the C-cura workers tendency; Armando Guerra, former union leader of Hidrocapital; Miguel \u00c1ngel Hern\u00e1ndez, leader of the Socialism and Freedom Party (PSL); Sim\u00f3n Rodr\u00edguez (PSL); Xili Fern\u00e1ndez, political scientist and human rights activist; Marcos Garc\u00eda, Secretary of Relations and Propaganda of SinatraUCV university workers union; Rolando Gait\u00e1n, Professor at the University of Carabobo, member of the PSL; Oscar Linares, Union Delegate of Sirtrasalud Distrito Capital health workers union; Antonio Espinoza, Universidad Polit\u00e9cnica Territorial del estado Aragua and PSL member.<\/span><\/p>\n<p><strong><span style=\"font-family: arial, helvetica, sans-serif; font-size: small;\">Signatures will be received until the 21st of september 2020<\/span><\/strong><\/p>\n<p><span style=\"font-family: arial, helvetica, sans-serif; font-size: small;\">To add signatures:<\/span><\/p>\n<p><span style=\"font-family: arial, helvetica, sans-serif; font-size: small;\"><a href=\"https:\/\/docs.google.com\/forms\/d\/e\/1FAIpQLSdyrbUlllxuYjDhEgq0cjZ9489gwPrwFS1eFbxtNOwmSJfc8A\/viewform\">https:\/\/docs.google.com\/forms\/d\/e\/1FAIpQLSdyrbUlllxuYjDhEgq0cjZ9489gwPrwFS1eFbxtNOwmSJfc8A\/viewform<\/a><\/span><\/p>\n<p><span style=\"font-family: arial, helvetica, sans-serif; font-size: small;\">Send signatures to the following email:<\/span><br \/><span style=\"font-family: arial, helvetica, sans-serif; font-size: small;\"><a href=\"mailto:uitcuartainternacional@gmail.com\">uitcuartainternacional@gmail.com<\/a><\/span><\/p>\n","protected":false},"excerpt":{"rendered":"<p>Nicaragua is facing an overwhelming social and economic crisis, in which the struggle for the liberation of political prisoners and the denunciation of the continued harassment of activists and their families is of enormous importance. As of August 5, there were 99 political prisoners, ten of whom have been imprisoned since before the rebellion of [&hellip;]<\/p>\n","protected":false},"author":1,"featured_media":4102,"comment_status":"open","ping_status":"open","sticky":false,"template":"","format":"standard","meta":[],"categories":[41],"tags":[],"_links":{"self":[{"href":"https:\/\/uit-ci.org\/index.php\/wp-json\/wp\/v2\/posts\/4104"}],"collection":[{"href":"https:\/\/uit-ci.org\/index.php\/wp-json\/wp\/v2\/posts"}],"about":[{"href":"https:\/\/uit-ci.org\/index.php\/wp-json\/wp\/v2\/types\/post"}],"author":[{"embeddable":true,"href":"https:\/\/uit-ci.org\/index.php\/wp-json\/wp\/v2\/users\/1"}],"replies":[{"embeddable":true,"href":"https:\/\/uit-ci.org\/index.php\/wp-json\/wp\/v2\/comments?post=4104"}],"version-history":[{"count":0,"href":"https:\/\/uit-ci.org\/index.php\/wp-json\/wp\/v2\/posts\/4104\/revisions"}],"wp:featuredmedia":[{"embeddable":true,"href":"https:\/\/uit-ci.org\/index.php\/wp-json\/wp\/v2\/media\/4102"}],"wp:attachment":[{"href":"https:\/\/uit-ci.org\/index.php\/wp-json\/wp\/v2\/media?parent=4104"}],"wp:term":[{"taxonomy":"category","embeddable":true,"href":"https:\/\/uit-ci.org\/index.php\/wp-json\/wp\/v2\/categories?post=4104"},{"taxonomy":"post_tag","embeddable":true,"href":"https:\/\/uit-ci.org\/index.php\/wp-json\/wp\/v2\/tags?post=4104"}],"curies":[{"name":"wp","href":"https:\/\/api.w.org\/{rel}","templated":true}]}}