{"id":4118,"date":"2020-09-10T18:26:14","date_gmt":"2020-09-10T18:26:14","guid":{"rendered":"http:\/\/uit-ci.org\/index.php\/2020\/09\/10\/colombia-exploto-la-indignacion-popular\/"},"modified":"2020-09-10T18:26:14","modified_gmt":"2020-09-10T18:26:14","slug":"colombia-exploto-la-indignacion-popular","status":"publish","type":"post","link":"https:\/\/uit-ci.org\/index.php\/2020\/09\/10\/colombia-exploto-la-indignacion-popular\/","title":{"rendered":"Colombia: \u00a1EXPLOT\u00d3 LA INDIGNACI\u00d3N POPULAR!"},"content":{"rendered":"<p style=\"text-align: justify;\"><strong><span style=\"font-family: arial, helvetica, sans-serif; font-size: small;\"><img loading=\"lazy\" class=\" alignleft size-full wp-image-4117\" src=\"http:\/\/uit-ci.org\/wp-content\/uploads\/2020\/09\/118990457_173158871036018_18601907340521762_n.jpg\" width=\"150\" height=\"150\" alt=\"118990457 173158871036018 18601907340521762 n\" style=\"margin: 5px; float: left;\" srcset=\"https:\/\/uit-ci.org\/wp-content\/uploads\/2020\/09\/118990457_173158871036018_18601907340521762_n.jpg 960w, https:\/\/uit-ci.org\/wp-content\/uploads\/2020\/09\/118990457_173158871036018_18601907340521762_n-300x300.jpg 300w, https:\/\/uit-ci.org\/wp-content\/uploads\/2020\/09\/118990457_173158871036018_18601907340521762_n-150x150.jpg 150w, https:\/\/uit-ci.org\/wp-content\/uploads\/2020\/09\/118990457_173158871036018_18601907340521762_n-768x768.jpg 768w, https:\/\/uit-ci.org\/wp-content\/uploads\/2020\/09\/118990457_173158871036018_18601907340521762_n-600x600.jpg 600w, https:\/\/uit-ci.org\/wp-content\/uploads\/2020\/09\/118990457_173158871036018_18601907340521762_n-100x100.jpg 100w, https:\/\/uit-ci.org\/wp-content\/uploads\/2020\/09\/118990457_173158871036018_18601907340521762_n-75x75.jpg 75w, https:\/\/uit-ci.org\/wp-content\/uploads\/2020\/09\/118990457_173158871036018_18601907340521762_n-750x750.jpg 750w\" sizes=\"(max-width: 150px) 100vw, 150px\" \/><br style=\"clear: both;\" \/>Por Colectivos Unidos, secci\u00f3n simpatizante de la UIT-CI de Colombia<\/span><\/strong><\/p>\n<p style=\"text-align: justify;\"><strong><span style=\"font-family: arial, helvetica, sans-serif; font-size: small;\">PONGAMOS FECHA AL PARO NACIONAL PARA ENFRENTAR AL GOBIERNO DE URIBE-DUQUE<\/span><\/strong><\/p>\n<p style=\"text-align: justify;\"><span style=\"font-family: arial, helvetica, sans-serif; font-size: small;\">Se ve\u00eda venir, asi lo indicamos una semana atr\u00e1s cuando afirm\u00e1bamos que la situaci\u00f3n era insostenible (.<a href=\"https:\/\/m.facebook.com\/story.php?story_fbid=170921477926424&#038;id=100050257185306\">https:\/\/m.facebook.com\/story.php?story_fbid=170921477926424&#038;id=100050257185306<\/a>) El asesinato del abogado Javier Ord\u00f3\u00f1ez fue el gatillo que ha desatado est\u00e1 explosi\u00f3n popular de indignaci\u00f3n, que pone en evidencia que el pueblo de a pie no soporta ni quiere quedarse inm\u00f3vil frente alos vej\u00e1menes del gobierno y la brutalidad policial.<\/span><\/p>\n<p>  <!--more-->  <\/p>\n<p style=\"text-align: justify;\"><span style=\"font-family: arial, helvetica, sans-serif; font-size: small;\">Tambi\u00e9n era predecible que se dieran este tipo de estallidos ante la impunidad reinante que han impuesto las clases sociales dominantes. Es que las clases dominantes y sus representantes en el gobierno y en las instituciones del Estado son los que roban y saquean el erario, los que agreden al pueblo cuando protesta, los que arman y facilitan el accionar de las bandas paramilitares, los que entregan a las multinacionales nuestros m\u00e1s preciados recursos naturales, los que facilitan la agresi\u00f3n al medio ambiente y los que permiten la presencia de tropas extranjeras en nuestro territorio, y desgraciadamente para ellos no hay justicia que valga, porque ellos mismos son la justicia y la utilizan para cubrir sus bellaquer\u00edas.<\/span><\/p>\n<p style=\"text-align: justify;\"><span style=\"font-family: arial, helvetica, sans-serif; font-size: small;\">Este levantamiento expresa la indignaci\u00f3n contra la impunidad y refleja que el pueblo ya no cree en la justicia de los de arriba. A su manera est\u00e1 entablando el JUICIO POL\u00cdTICO AL URIBISMO Y AL PRESIDENTE DUQUE, de all\u00ed que desde Colectivos Unidos expresemos nuestro apoyo irrestricto a la poblaci\u00f3n indignada que hoy se levanta y se\u00f1ala como responsables de la actual situaci\u00f3n al r\u00e9gimen uribista y su ileg\u00edtimo presidente de bolsillo Iv\u00e1n Duque.<\/span><\/p>\n<p style=\"text-align: justify;\"><span style=\"font-family: arial, helvetica, sans-serif; font-size: small;\">Igualmente se\u00f1alamos que son el Estado y el gobierno los responsables de los heridos y fallecidos ocurridos desde ayer 9 de septiembre a manos de las balas policiales cuando la poblaci\u00f3n ha ido a los CAI&#8217;s a expresar su descontento contra la polic\u00eda abusiva y asesina. Que el gobierno y los medios de comunicaci\u00f3n no nos vengan de nuevo con el cuento del vandalismo, para ocultar con esa campa\u00f1a informativa los asesinatos.<\/span><\/p>\n<p style=\"text-align: justify;\"><span style=\"font-family: arial, helvetica, sans-serif; font-size: small;\">Invitamos a la poblaci\u00f3n a participar de las diversas convocatorias de protesta para hoy jueves 10 de septiembre, a realizar asambleas de base en los sindicatos, en los barrios, en el campo y en las comunidades ind\u00edgenas y afros para preparar la batalla contra los asesinos.<\/span><\/p>\n<p style=\"text-align: justify;\"><span style=\"font-family: arial, helvetica, sans-serif; font-size: small;\">Conminamos al Bloque por el Paro General Indefinido, a la Coordinadora Nacional Sindical, Social y Popular a coordinar acciones y a exigir a las centrales sindicales a una reuni\u00f3n de emergencia para evaluar la situaci\u00f3n y colocarle fecha inmediata al Paro Nacional como respuesta urgente y de masas contra el gobierno y sus pol\u00edticas agresivas contra el pueblo.<\/span><\/p>\n<p style=\"text-align: justify;\"><span style=\"font-family: arial, helvetica, sans-serif; font-size: small;\">10.09.2020<\/span><\/p>\n","protected":false},"excerpt":{"rendered":"<p>Por Colectivos Unidos, secci\u00f3n simpatizante de la UIT-CI de Colombia PONGAMOS FECHA AL PARO NACIONAL PARA ENFRENTAR AL GOBIERNO DE URIBE-DUQUE Se ve\u00eda venir, asi lo indicamos una semana atr\u00e1s cuando afirm\u00e1bamos que la situaci\u00f3n era insostenible (.https:\/\/m.facebook.com\/story.php?story_fbid=170921477926424&#038;id=100050257185306) El asesinato del abogado Javier Ord\u00f3\u00f1ez fue el gatillo que ha desatado est\u00e1 explosi\u00f3n popular de indignaci\u00f3n, [&hellip;]<\/p>\n","protected":false},"author":1,"featured_media":4117,"comment_status":"open","ping_status":"open","sticky":false,"template":"","format":"standard","meta":[],"categories":[35],"tags":[],"_links":{"self":[{"href":"https:\/\/uit-ci.org\/index.php\/wp-json\/wp\/v2\/posts\/4118"}],"collection":[{"href":"https:\/\/uit-ci.org\/index.php\/wp-json\/wp\/v2\/posts"}],"about":[{"href":"https:\/\/uit-ci.org\/index.php\/wp-json\/wp\/v2\/types\/post"}],"author":[{"embeddable":true,"href":"https:\/\/uit-ci.org\/index.php\/wp-json\/wp\/v2\/users\/1"}],"replies":[{"embeddable":true,"href":"https:\/\/uit-ci.org\/index.php\/wp-json\/wp\/v2\/comments?post=4118"}],"version-history":[{"count":0,"href":"https:\/\/uit-ci.org\/index.php\/wp-json\/wp\/v2\/posts\/4118\/revisions"}],"wp:featuredmedia":[{"embeddable":true,"href":"https:\/\/uit-ci.org\/index.php\/wp-json\/wp\/v2\/media\/4117"}],"wp:attachment":[{"href":"https:\/\/uit-ci.org\/index.php\/wp-json\/wp\/v2\/media?parent=4118"}],"wp:term":[{"taxonomy":"category","embeddable":true,"href":"https:\/\/uit-ci.org\/index.php\/wp-json\/wp\/v2\/categories?post=4118"},{"taxonomy":"post_tag","embeddable":true,"href":"https:\/\/uit-ci.org\/index.php\/wp-json\/wp\/v2\/tags?post=4118"}],"curies":[{"name":"wp","href":"https:\/\/api.w.org\/{rel}","templated":true}]}}